{"id":27556,"date":"2023-05-14T11:48:12","date_gmt":"2023-05-14T08:48:12","guid":{"rendered":"https:\/\/mnlr.ro\/?p=27556"},"modified":"2023-05-14T11:48:12","modified_gmt":"2023-05-14T08:48:12","slug":"maratonul-de-poezie-si-jazz-post-event","status":"publish","type":"post","link":"https:\/\/mnlr.ro\/en\/maratonul-de-poezie-si-jazz-post-event\/","title":{"rendered":"Maratonul de Poezie \u0219i Jazz | POST-EVENT"},"content":{"rendered":"<p>S\u00e2mb\u0103t\u0103, 13 mai 2023, \u00eentre orele 21.00-24.00, \u00een gr\u0103dina Muzeului Na\u021bional al Literaturii Rom\u00e2ne din Bucure\u0219ti (str. Nicolae Cre\u021bulescu nr. 8 ), a avut loc Maratonul de Poezie \u0219i Jazz, edi\u021bia a XV-a, difuzat \u00een direct de Radio Rom\u00e2nia Cultural. Evenimentul a celebrat Noaptea European\u0103 a Muzeelor.<\/p>\n<p>15 poe\u021bi \u0219i poete, nume importante din genera\u021bii \u0219i geografii literare diferite, au sus\u021binut lecturi publice de c\u00e2te 7 minute. Au fost invitate 7 poete \u2013 C\u0103t\u0103lina B\u0103lan, Diana Iepure, C\u0103t\u0103lina Matei, Oana C\u0103t\u0103lina Ninu, Alina Purcaru, Ioana Iuna \u0218erban, Gabriela Toma \u2013 al\u0103turi de de 8 poe\u021bi \u2013 Ioan Matiu\u021b, Ciprian M\u0103ce\u0219aru, Bogdan O. Popescu, R\u0103zvan \u021aupa, Adrian Suciu, Robert \u0218erban, Iulian T\u0103nase \u0219i Tudor Voicu.<\/p>\n<p>Au sus\u021binut recitaluri c\u00e2teva dintre cele mai importante \u0219i mai autentice nume ale blues-ului \u0219i jazz-ului contemporan rom\u00e2nesc: Nadia Trohin, Mircea Tiberian \u0219i Mike Godoroja &amp; Blue Spirit. Amfitrionii Maratonului au fost Dan Mircea Cipariu \u0219i Ioan Cristescu. Art director: Mihai Zgondoiu. Produc\u0103tor: Anamaria Sp\u0103taru.<\/p>\n<p>Organizatorii Maratonului de Poezie \u0219i Jazz au fost Prim\u0103ria Municipiului Bucure\u0219ti prin Muzeul Na\u021bional al Literaturii Rom\u00e2ne din Bucure\u0219ti, APLER (Asocia\u021bia Publica\u021biilor Literare \u0219i Editurilor din Rom\u00e2nia) \u0219i asocia\u021bia Euro CulturArt. Sponsor: CATENA prin programul CATENA pentru Art\u0103. Coproduc\u0103tor: Radio Rom\u00e2nia Cultural.<\/p>\n<p>Agen\u021biadeCarte.ro a fost partenerul media al evenimentului.<\/p>","protected":false},"excerpt":{"rendered":"<p>S\u00e2mb\u0103t\u0103, 13 mai 2023, \u00eentre orele 21.00-24.00, \u00een gr\u0103dina Muzeului Na\u021bional al Literaturii Rom\u00e2ne din Bucure\u0219ti (str. Nicolae Cre\u021bulescu nr&#8230;.<\/p>","protected":false},"author":8,"featured_media":27557,"comment_status":"closed","ping_status":"closed","sticky":false,"template":"","format":"standard","meta":{"_exactmetrics_skip_tracking":false,"_exactmetrics_sitenote_active":false,"_exactmetrics_sitenote_note":"","_exactmetrics_sitenote_category":0,"footnotes":""},"categories":[9],"tags":[],"class_list":["post-27556","post","type-post","status-publish","format-standard","has-post-thumbnail","hentry","category-evenimente"],"_links":{"self":[{"href":"https:\/\/mnlr.ro\/en\/wp-json\/wp\/v2\/posts\/27556","targetHints":{"allow":["GET"]}}],"collection":[{"href":"https:\/\/mnlr.ro\/en\/wp-json\/wp\/v2\/posts"}],"about":[{"href":"https:\/\/mnlr.ro\/en\/wp-json\/wp\/v2\/types\/post"}],"author":[{"embeddable":true,"href":"https:\/\/mnlr.ro\/en\/wp-json\/wp\/v2\/users\/8"}],"replies":[{"embeddable":true,"href":"https:\/\/mnlr.ro\/en\/wp-json\/wp\/v2\/comments?post=27556"}],"version-history":[{"count":1,"href":"https:\/\/mnlr.ro\/en\/wp-json\/wp\/v2\/posts\/27556\/revisions"}],"predecessor-version":[{"id":27558,"href":"https:\/\/mnlr.ro\/en\/wp-json\/wp\/v2\/posts\/27556\/revisions\/27558"}],"wp:featuredmedia":[{"embeddable":true,"href":"https:\/\/mnlr.ro\/en\/wp-json\/wp\/v2\/media\/27557"}],"wp:attachment":[{"href":"https:\/\/mnlr.ro\/en\/wp-json\/wp\/v2\/media?parent=27556"}],"wp:term":[{"taxonomy":"category","embeddable":true,"href":"https:\/\/mnlr.ro\/en\/wp-json\/wp\/v2\/categories?post=27556"},{"taxonomy":"post_tag","embeddable":true,"href":"https:\/\/mnlr.ro\/en\/wp-json\/wp\/v2\/tags?post=27556"}],"curies":[{"name":"wp","href":"https:\/\/api.w.org\/{rel}","templated":true}]}}