{"id":27810,"date":"2023-05-26T13:03:55","date_gmt":"2023-05-26T10:03:55","guid":{"rendered":"https:\/\/mnlr.ro\/?p=27810"},"modified":"2023-05-30T14:41:46","modified_gmt":"2023-05-30T11:41:46","slug":"gala-premiilor-uniunii-scriitorilor-din-romania","status":"publish","type":"post","link":"https:\/\/mnlr.ro\/en\/gala-premiilor-uniunii-scriitorilor-din-romania\/","title":{"rendered":"Gala Premiilor Uniunii Scriitorilor din Rom\u00e2nia"},"content":{"rendered":"<p>Luni, 5 iunie 2023, la sediul Muzeului Na\u021bional al Literaturii Rom\u00e2ne, din Calea Grivi\u021bei, nr. 64-66, \u00een Sala \u201eIosif Naghiu\u201d va avea loc Gala Premiilor Uniunii Scriitorilor din Rom\u00e2nia, moderat\u0103 de Nicolae Manolescu, Pre\u0219edintele U.S.R.<\/p>\n<p>Dintre autorii nominaliza\u021bi, juriul Uniunii Scriitorilor, prezidat de criticul Mircea Mih\u0103ie\u0219 \u0219i compus din Paul Aretzu, Dan Cristea, Andrea H. Hede\u0219, Ioan Holban, Vasile Spiridon \u0219i R\u0103zvan Voncu, va desemna laurea\u021bii pentru volume ap\u0103rute \u00een anul editorial 2022.<\/p>\n<p>La Gal\u0103 va participa ca invitat special muzicianul Ion Bogdan \u0218tef\u0103nescu, pentru a oferi c\u00e2teva momente sonore. Evenimentul va fi \u00eenregistrat spre transmitere de TVR Cultural.<\/p>\n<p>Premiile U.S.R. se vor bucura de sprijinul financiar al Ministerului Culturii.<\/p>\n<p>&nbsp;<\/p>","protected":false},"excerpt":{"rendered":"<p>Luni, 5 iunie 2023, la sediul Muzeului Na\u021bional al Literaturii Rom\u00e2ne, din Calea Grivi\u021bei, nr. 64-66, \u00een Sala \u201eIosif Naghiu\u201d&#8230;<\/p>","protected":false},"author":8,"featured_media":27852,"comment_status":"closed","ping_status":"closed","sticky":false,"template":"","format":"standard","meta":{"_exactmetrics_skip_tracking":false,"_exactmetrics_sitenote_active":false,"_exactmetrics_sitenote_note":"","_exactmetrics_sitenote_category":0,"footnotes":""},"categories":[9],"tags":[],"class_list":["post-27810","post","type-post","status-publish","format-standard","has-post-thumbnail","hentry","category-evenimente"],"_links":{"self":[{"href":"https:\/\/mnlr.ro\/en\/wp-json\/wp\/v2\/posts\/27810","targetHints":{"allow":["GET"]}}],"collection":[{"href":"https:\/\/mnlr.ro\/en\/wp-json\/wp\/v2\/posts"}],"about":[{"href":"https:\/\/mnlr.ro\/en\/wp-json\/wp\/v2\/types\/post"}],"author":[{"embeddable":true,"href":"https:\/\/mnlr.ro\/en\/wp-json\/wp\/v2\/users\/8"}],"replies":[{"embeddable":true,"href":"https:\/\/mnlr.ro\/en\/wp-json\/wp\/v2\/comments?post=27810"}],"version-history":[{"count":1,"href":"https:\/\/mnlr.ro\/en\/wp-json\/wp\/v2\/posts\/27810\/revisions"}],"predecessor-version":[{"id":27812,"href":"https:\/\/mnlr.ro\/en\/wp-json\/wp\/v2\/posts\/27810\/revisions\/27812"}],"wp:featuredmedia":[{"embeddable":true,"href":"https:\/\/mnlr.ro\/en\/wp-json\/wp\/v2\/media\/27852"}],"wp:attachment":[{"href":"https:\/\/mnlr.ro\/en\/wp-json\/wp\/v2\/media?parent=27810"}],"wp:term":[{"taxonomy":"category","embeddable":true,"href":"https:\/\/mnlr.ro\/en\/wp-json\/wp\/v2\/categories?post=27810"},{"taxonomy":"post_tag","embeddable":true,"href":"https:\/\/mnlr.ro\/en\/wp-json\/wp\/v2\/tags?post=27810"}],"curies":[{"name":"wp","href":"https:\/\/api.w.org\/{rel}","templated":true}]}}