{"id":27909,"date":"2023-06-07T13:53:53","date_gmt":"2023-06-07T10:53:53","guid":{"rendered":"https:\/\/mnlr.ro\/?p=27909"},"modified":"2023-06-17T23:26:11","modified_gmt":"2023-06-17T20:26:11","slug":"lansare-de-carte-din-propria-cenusa-de-emilia-danescu","status":"publish","type":"post","link":"https:\/\/mnlr.ro\/en\/lansare-de-carte-din-propria-cenusa-de-emilia-danescu\/","title":{"rendered":"Lansare de carte  | \u201eDin propria cenu\u0219\u0103\u201d, de Emilia D\u0103nescu"},"content":{"rendered":"<p>Muzeul Na\u021bional al Literaturii Rom\u00e2ne g\u0103zduie\u0219te s\u00e2mb\u0103t\u0103, 17 iunie 2023, de la ora 15.00, la sediul din Str. Nicolae Cre\u021bulescu nr. 8, evenimentul de lansare a volumului de versuri \u201eDin propria cenu\u0219\u0103\u201d, de Emilia D\u0103nescu, ap\u0103rut la Editura Kafka. Invita\u021bi: Emil Lungeanu, Paula Romanescu, Vilia Ban\u021ba, Lucian Gruia, Mihai Antonescu. Recital poetic: Cristina Deleanu, Eugen Cristea. Moderator: Dan Bund\u0103, director Editura Kafka.<\/p>\n<p>\u201ePornind dintr-un clasicism bine temperat, poeta Emilia D\u0103nescu a f\u0103cut trecerea, de-a lungul timpului, spre poezia modern\u0103 simplu \u0219i firesc, a\u0219a ca \u0219i cum ar fi trecut printr-o gr\u0103din\u0103 de trandafiri. Prin volumul de poezii \u00abDin propria cenu\u0219\u0103\u00bb, autoarea surmonteaz\u0103, \u00een culori plastice, vizualul \u0219i imaginea, aleg\u00e2ndu-se \u00een final cu mireasma ce-i traverseaz\u0103 versurile delicat, sentimental \u0219i metaforic, doar at\u00e2t c\u00e2t este necesar spre a ne oferi nou\u0103, cititorilor, o carte frumoas\u0103, demn\u0103 de toat\u0103 aten\u021bia,\u201d noteaz\u0103 Mihai Antonescu.<\/p>\n<p>Emilia D\u0103nescu, poet, redactor, fotoreporter \u015fi jurnalist literar, s-a n\u0103scut la data de 24 iunie 1948 \u00een municipiul R\u00e2mnicu V\u00e2lcea. A urmat studii liceale la Colegiul Mircea cel B\u0103tr\u00e2n din ora\u015ful natal \u015fi cursuri de pictur\u0103 la \u015ecoala de Muzic\u0103 \u015fi Arte Plastice. \u015ei-a continuat studiile la Universitatea Bucure\u015fti, Facultatea de Matematic\u0103. Dup\u0103 absolvire s-a stabilit \u00een Bucure\u015fti. A profesat ca matematician \u015fi informatician la Institutul de Tehnic\u0103 de Calcul Bucure\u015fti \u015fi la Banca Na\u0163ional\u0103 a Rom\u00e2niei. A debutat literar \u00een 2007 cu un ciclu de poezii \u00een Suplimentul Revistei \u201eIntercultural\u201d, Sibiu, iar editorial \u00een 2011 la Editura Singur. A publicat opt volume de poezii: Zestrea toamnei (2011), Recurs la memoria nop\u0163ii (2012), Odihna pietrei (2015), Vocile umbrei (2017), Poeme sub stra\u0219ina toamnei (2018), M\u0103rul insomniei (2021), \u00cenger \u00eentinerind (2022), Din propria cenu\u0219\u0103 (2023) \u0219i un volum de fotoreportaje: Al treilea ochi (2023). Apari\u021bii \u00een antologii: POETES, VOS PAPIERS! Antologie de poezie rom\u00e2n\u0103, bilingv\u0103 rom\u00e2no-francez\u0103, coordonat\u0103 de Paula Romanescu (2014), Noaptea, statuile \u00eentineresc: poe\u021bi str\u0103b\u0103t\u00e2nd Bucure\u0219tiul, noaptea, Antologie a Filialei Bucure\u0219ti-Poezie, coordonat\u0103 de Horia G\u00e2rbea (2020). Premii: Premiul pentru poezie, Festivalul \u201eMihai Eminescu\u201d, Drobeta Turnu Severin (2016); Premiul II, Festivalul Concurs de Literatur\u0103 \u201eAlexandru Macedonski\u201d, Bucure\u0219ti (2018); Premiul \u201eOpera OMNIA\u201d, Salonul \u201eRotonda Plopilor Aprin\u015fi\u201d, Rm. V\u00e2lcea (2018); Premiul \u201ePamfil \u0218eicaru\u201d, Festivalul \u201eMihai Eminescu\u201d, Drobeta Turnu Severin (2020); Diplom\u0103 \u0219i medalie EXCELEN\u021a\u0102 \u00ceN LITERATUR\u0102 pentru volumul \u201eDin propria cenu\u0219\u0103\u201d, Salonul \u201eRotonda Plopilor Aprin\u0219i\u201d, Rm. V\u00e2lcea (2023).<\/p>\n<p>Intrare liber\u0103.<br \/>\nSunte\u021bi a\u0219tepta\u021bi cu drag!<\/p>\n<p><strong>\u00a0<\/strong><\/p>","protected":false},"excerpt":{"rendered":"<p>Muzeul Na\u021bional al Literaturii Rom\u00e2ne g\u0103zduie\u0219te s\u00e2mb\u0103t\u0103, 17 iunie 2023, de la ora 15.00, la sediul din Str. Nicolae Cre\u021bulescu&#8230;<\/p>","protected":false},"author":13,"featured_media":27910,"comment_status":"closed","ping_status":"closed","sticky":false,"template":"","format":"standard","meta":{"_exactmetrics_skip_tracking":false,"_exactmetrics_sitenote_active":false,"_exactmetrics_sitenote_note":"","_exactmetrics_sitenote_category":0,"footnotes":""},"categories":[9],"tags":[],"class_list":["post-27909","post","type-post","status-publish","format-standard","has-post-thumbnail","hentry","category-evenimente"],"_links":{"self":[{"href":"https:\/\/mnlr.ro\/en\/wp-json\/wp\/v2\/posts\/27909","targetHints":{"allow":["GET"]}}],"collection":[{"href":"https:\/\/mnlr.ro\/en\/wp-json\/wp\/v2\/posts"}],"about":[{"href":"https:\/\/mnlr.ro\/en\/wp-json\/wp\/v2\/types\/post"}],"author":[{"embeddable":true,"href":"https:\/\/mnlr.ro\/en\/wp-json\/wp\/v2\/users\/13"}],"replies":[{"embeddable":true,"href":"https:\/\/mnlr.ro\/en\/wp-json\/wp\/v2\/comments?post=27909"}],"version-history":[{"count":3,"href":"https:\/\/mnlr.ro\/en\/wp-json\/wp\/v2\/posts\/27909\/revisions"}],"predecessor-version":[{"id":28041,"href":"https:\/\/mnlr.ro\/en\/wp-json\/wp\/v2\/posts\/27909\/revisions\/28041"}],"wp:featuredmedia":[{"embeddable":true,"href":"https:\/\/mnlr.ro\/en\/wp-json\/wp\/v2\/media\/27910"}],"wp:attachment":[{"href":"https:\/\/mnlr.ro\/en\/wp-json\/wp\/v2\/media?parent=27909"}],"wp:term":[{"taxonomy":"category","embeddable":true,"href":"https:\/\/mnlr.ro\/en\/wp-json\/wp\/v2\/categories?post=27909"},{"taxonomy":"post_tag","embeddable":true,"href":"https:\/\/mnlr.ro\/en\/wp-json\/wp\/v2\/tags?post=27909"}],"curies":[{"name":"wp","href":"https:\/\/api.w.org\/{rel}","templated":true}]}}