{"id":2818,"date":"2017-10-05T06:05:02","date_gmt":"2017-10-05T03:05:02","guid":{"rendered":"http:\/\/mnlr.ro\/?p=2818"},"modified":"2017-10-10T10:16:52","modified_gmt":"2017-10-10T07:16:52","slug":"proiectie-de-film-la-mnlr-ana-mon-amour-de-calin-peter-netzer","status":"publish","type":"post","link":"https:\/\/mnlr.ro\/en\/proiectie-de-film-la-mnlr-ana-mon-amour-de-calin-peter-netzer\/","title":{"rendered":"Proiec\u021bie de film la MNLR: \u201eAna, mon amour\u201d de C\u0103lin Peter Netzer"},"content":{"rendered":"<p><strong>MNLR a preg\u0103tit publicului s\u0103u o nou\u0103 proiec\u021bie de film: \u201eAna, mon amour\u201d de C\u0103lin Peter Netzer. V\u0103 a\u0219tept\u0103m duminic\u0103, 15 octombrie 2017, \u00eencep\u00e2nd cu ora 19.30, \u00een Sala Perpessicius,\u00a0<a href=\"https:\/\/maps.google.com\/?q=Str.+Nicolae+Cre%C8%9Bulescu+8&amp;entry=gmail&amp;source=g\" target=\"_blank\" rel=\"noopener noreferrer\" data-saferedirecturl=\"https:\/\/www.google.com\/url?hl=ro&amp;q=https:\/\/maps.google.com\/?q%3DStr.%2BNicolae%2BCre%25C8%259Bulescu%2B8%26entry%3Dgmail%26source%3Dg&amp;source=gmail&amp;ust=1507702189790000&amp;usg=AFQjCNF13rS6lqvvRySD4nCsBw_ufA_96Q\">Str. Nicolae Cre\u021bulescu 8<\/a>.<\/strong><\/p>\n<p>Toma o cunoa\u015fte pe Ana pe c\u00e2nd am\u00e2ndoi erau studen\u021bi la Facultatea de Litere. Ana are o tulburare nevrotic\u0103 u\u0219oar\u0103 \u0219i sufer\u0103 de atacuri de panic\u0103. Toma o urm\u0103re\u0219te \u00een fiecare col\u021b \u00eentunecat \u00een care ea ajunge, \u0219i se lupt\u0103 cu p\u0103rin\u021bii lui c\u00e2nd ei o resping. Accept\u0103 s\u0103 devin\u0103 tat\u0103 \u0219i se c\u0103s\u0103tore\u0219te cu ea, devine bona ei, \u0219oferul ei, devine totul pentru ea. Toma pare s\u0103 de\u021bin\u0103 controlul asupra rela\u021biei, dar de fapt el doar graviteaz\u0103 \u00een jurul unei femei pe care nu o poate \u00een\u021belege, for\u021b\u00e2ndu-se p\u00e2n\u0103 la limit\u0103, \u00eencerc\u00e2nd s\u0103 o salveze. Atunci c\u00e2nd Ana \u00ee\u0219i \u00eenvinge temerile \u0219i se adapteaz\u0103 lumii exterioare, Toma r\u0103m\u00e2ne singur, \u00eencerc\u00e2nd s\u0103 pun\u0103 piesele puzzle-ului \u00eempreun\u0103, str\u0103duindu-se s\u0103 \u00een\u021beleag\u0103 v\u00eertejul prin care a trecut.<\/p>\n<p>\u201eAna, mon amour&#8221; este o poveste despre \u00eencercarea unui om de a afla cum ceea ce nu a v\u0103zut, ceea ce nu a spus, chiar \u0219i ceea ce nu a g\u00e2ndit i-a format via\u021ba. (C\u0103lin Peter Netzer)<\/p>\n<p><strong>C\u0102LIN PETER NETZER<\/strong>\u00a0s-a n\u0103scut \u00een 1975 \u00een Petrosani, Rom\u00e2nia. \u00cen 1983 a imigrat \u00een Germania \u00eempreun\u0103 cu p\u0103rin\u021bii s\u0103i, iar \u00een 1994 s-a \u00eentors \u00een Romania unde a urmat cursurile Facult\u0103\u021bii de Film din cadrul Universit\u0103\u021bii Na\u021bionale de Art\u0103 Teatral\u0103 \u0219i Cinematografic\u0103. Primele sale filme de scurt \u0219i lung metraj, ambele intitulate \u201eMaria\u201d, au fost selectate la festivaluri prestigioase \u0219i au c\u00e2\u0219tigat premii la Locarno (Grand Prize of the Jury \u0219i Silver Leopards pentru actori). Lung metrajul a fost nominalizat pentru EFA Awards \u00een 2003. Cel de-al doilea lung metraj, \u201eMedalia de onoare\u201d (2009), a fost selectat \u00een peste 30 de festivaluri, a c\u00e2\u0219tigat premiul Silver Alexander la Thessaloniki \u0219i alte premii la festivalurile de la Turin, Miami, Durres, Los Angeles \u0219i Zagreb. \u201ePozitia Copilului\u201d (2013), e cel de-al treilea film de lung metraj al s\u0103u a primit Ursul de Aur la Berlinale, fiind singurul film rom\u00e2nesc care a primit vreodat\u0103 acest premiu. Cu filmul \u201eAna, mon amour\u201d (2017), C\u0103lin se \u00eentoarce \u00een selec\u021bia oficial\u0103 a Festivalului Interna\u021bional de la Berlin.<\/p>\n<p>Intrarea la eveniment este liber\u0103, \u00een limita locurilor disponibile, rezerv\u0103rile urm\u00e2nd a fi deschise tuturor celor interesa\u021bi \u00eencep\u00e2nd de ast\u0103zi. Rezerv\u0103rile se pot face exclusiv la adresa de e-mail\u00a0<a href=\"mailto:andreea.draghicescu.proiecte@gmail.com\" target=\"_blank\" rel=\"noopener noreferrer\">andreea.draghicescu.proiecte@g<wbr \/>mail.com<\/a>.<\/p>\n<p><strong>Evenimentul\u00a0este\u00a0organizat de Prim\u0103ria Municipiului Bucure\u0219ti prin Muzeul Na\u021bional al Literaturii Rom\u00e2ne.<\/strong><\/p>\n<p>Parteneri media:\u00a0<strong>Radio Rom\u00e2nia Cultural, RFI, TV City, Observator Cultural, Cultura, Contemporanul, Agen\u0163ia deCarte.ro, publica\u021bia on-line IQool.<\/strong><\/p>","protected":false},"excerpt":{"rendered":"<p>MNLR a preg\u0103tit publicului s\u0103u o nou\u0103 proiec\u021bie de film: \u201eAna, mon amour\u201d de C\u0103lin Peter Netzer. V\u0103 a\u0219tept\u0103m duminic\u0103,&#8230;<\/p>","protected":false},"author":1,"featured_media":2819,"comment_status":"closed","ping_status":"closed","sticky":false,"template":"","format":"standard","meta":{"_exactmetrics_skip_tracking":false,"_exactmetrics_sitenote_active":false,"_exactmetrics_sitenote_note":"","_exactmetrics_sitenote_category":0,"footnotes":""},"categories":[9],"tags":[],"class_list":["post-2818","post","type-post","status-publish","format-standard","has-post-thumbnail","hentry","category-evenimente"],"_links":{"self":[{"href":"https:\/\/mnlr.ro\/en\/wp-json\/wp\/v2\/posts\/2818","targetHints":{"allow":["GET"]}}],"collection":[{"href":"https:\/\/mnlr.ro\/en\/wp-json\/wp\/v2\/posts"}],"about":[{"href":"https:\/\/mnlr.ro\/en\/wp-json\/wp\/v2\/types\/post"}],"author":[{"embeddable":true,"href":"https:\/\/mnlr.ro\/en\/wp-json\/wp\/v2\/users\/1"}],"replies":[{"embeddable":true,"href":"https:\/\/mnlr.ro\/en\/wp-json\/wp\/v2\/comments?post=2818"}],"version-history":[{"count":2,"href":"https:\/\/mnlr.ro\/en\/wp-json\/wp\/v2\/posts\/2818\/revisions"}],"predecessor-version":[{"id":2821,"href":"https:\/\/mnlr.ro\/en\/wp-json\/wp\/v2\/posts\/2818\/revisions\/2821"}],"wp:featuredmedia":[{"embeddable":true,"href":"https:\/\/mnlr.ro\/en\/wp-json\/wp\/v2\/media\/2819"}],"wp:attachment":[{"href":"https:\/\/mnlr.ro\/en\/wp-json\/wp\/v2\/media?parent=2818"}],"wp:term":[{"taxonomy":"category","embeddable":true,"href":"https:\/\/mnlr.ro\/en\/wp-json\/wp\/v2\/categories?post=2818"},{"taxonomy":"post_tag","embeddable":true,"href":"https:\/\/mnlr.ro\/en\/wp-json\/wp\/v2\/tags?post=2818"}],"curies":[{"name":"wp","href":"https:\/\/api.w.org\/{rel}","templated":true}]}}