{"id":28276,"date":"2023-07-20T11:37:02","date_gmt":"2023-07-20T08:37:02","guid":{"rendered":"https:\/\/mnlr.ro\/?p=28276"},"modified":"2023-07-30T12:50:33","modified_gmt":"2023-07-30T09:50:33","slug":"lansarea-antologiei-cele-mai-inalte-uimiri","status":"publish","type":"post","link":"https:\/\/mnlr.ro\/en\/lansarea-antologiei-cele-mai-inalte-uimiri\/","title":{"rendered":"Lansarea antologiei \u201eCele mai \u00eenalte uimiri\u201d"},"content":{"rendered":"<p>Muzeul Na\u021bional al Literaturii Rom\u00e2ne g\u0103zduie\u0219te joi, 27 iulie 2023, de la ora 18.00, lansarea c\u0103r\u021bii \u201eCele mai \u00eenalte uimiri\u201d, continuarea proiectului lansat \u00een anul 2021 numit \u201eCele mai frumoase miracole\u201d, o antologie a trezirilor \u0219i revela\u021biilor spirituale \u0219i \u00een anul 2022, \u201eCele mai curate minuni\u201d, menit s\u0103 duc\u0103 mai departe demersul editorial al realizatoarei antologiei, Alice N\u0103stase Buciuta.<\/p>\n<p>Particip\u0103: Alice N\u0103stase Buciuta, Corina Ozon, Rodica Ionescu, Daniela Floroiu, Camelia Cavadia, Dara Codescu, Ana-Alina Mele\u0219canu. Amfitrion: Loreta Popa.<\/p>\n<p>\u201eCele mai \u00eenalte uimiri\u201d, Editura C\u0103r\u021bile Tango, reprezint\u0103 o nou\u0103 ocazie de a ne aminti prin textele-confesiune ale celor 33 de autori din volum c\u0103 miracolele se produc pretutindeni \u0219i c\u0103 nou\u0103 ne r\u0103m\u00e2ne uimirea de a le recunoa\u0219te \u0219i recuno\u0219tin\u021ba c\u0103 le-am tr\u0103it. Designul coper\u021bii a fost realizat de Liviu Valentino Petre, iar textele sunt semnate de scriitori cu har \u0219i mae\u0219tri spirituali care au acceptat invita\u021bia de a aduce istorii adev\u0103rate, tr\u0103ite chiar de ei.<\/p>\n<p>Crin-Triandafil Theodorescu, Petra, Georgiana Spa\u0306taru, Corina Ozon, Claudiu Florian, Dara Codescu, Ioana Ba\u0302ldea Constantinescu, Vica Demici, Marius Constantinescu, Zina Zen, Ohara Donovetsky, Marcel Petris\u0326or, Daniela Luca, Viorica Nagacevschi, Rodica Ionescu, Alina Meles\u0326canu, Angelica Lambru, Vanda Florea, Adrian Bebe Naidin, Cristina Andrei, Victor Buruiana\u0306, Camelia Cavadia, Loreta Popa, Dana Anton, Corina Chiran, Daniela Floroiu, Emilia Dolis\u0326, Cornelia Solomon, Romeo Aurelian Ilie, Oana Stoianovici, Alice Na\u0306stase Buciuta, Constantin Preda, Cristina Bogdan sunt cei care gireaz\u0103 superb \u0219i autentic adev\u0103rul c\u0103 divinitatea, \u00een toate formele ei, se face sim\u021bit\u0103, se las\u0103 descoperit\u0103 \u0219i merit\u0103 tr\u0103it\u0103 \u00een fiecare zi.<\/p>\n<p>\u201eTextele incluse \u00een aceast\u0103 antologie scot din f\u00e2nt\u00e2nile l\u0103untrice astfel de clipe binecuv\u00e2ntate ale \u00eent\u00e2lnirii, transform\u00e2ndu-se \u00een m\u0103rturisiri de credin\u021b\u0103. Istoriile dep\u0103nate de autorii care au r\u0103spuns invita\u021biei formulate de scriitoarea Alice N\u0103stase Buciuta a\u0219az\u0103 \u00een lumina ne\u00eenserat\u0103 a g\u00e2ndului secunde sau ceasuri sc\u00e2nteietoare, \u00eenfipte \u00een curgerea aparent obi\u0219nuit\u0103 a timpului, ca ni\u0219te bolovani \u00eentr-un r\u00e2u de munte. Cel de-al treilea volum, dintr-o suit\u0103 dedicat\u0103 celor mai \u00eenalte frecven\u021be pe care c\u00e2nt\u0103 ad\u00e2ncurile noastre de carne \u0219i de vis, al\u0103tur\u0103 minunilor \u0219i miracolelor din primele dou\u0103 uimirile care ne iau pieli\u021bele nevederii de pe ochi. Uimirea de a fi viu \u0219i \u00eentreg, alc\u0103tuire misterioas\u0103 \u00een care spiritul \u0219i materia se \u00eembr\u0103\u021bi\u0219eaz\u0103 firesc, uimirea de a te \u00eent\u00e2lni cu Cel\u0103lalt, de a tr\u0103i \u00een respira\u021bia iubirii care \u00eenv\u00e2rte planeta, de a \u00een\u021belege tainele a\u0219ternute sub t\u0103lpile de c\u0103l\u0103tori pe c\u0103r\u0103ri (\u00eenc\u0103) neinventate, dar aflate la un pas distan\u021b\u0103, datorit\u0103 dorin\u021bei noastre arz\u0103toare de a str\u0103bate acele poteci. Uimirea de a \u00een\u021belege c\u0103 \u201edrumul cel mai scurt c\u0103tre tine \u00eensu\u021bi trece prin cel\u0103lalt\u201d (S. Kierkegaard) \u0219i c\u0103, atunci c\u00e2nd \u00eel g\u0103se\u0219ti, primul \u00eenveli\u0219 al bucuriei este acela de a-l numi, de a-l chema pe numele s\u0103u, ca un incontestabil semn al (re)cunoa\u0219terii\u201d, scrie \u00een prefa\u021ba c\u0103r\u021bii Cristina Bogdan, decan al Facult\u0103\u021bii de Litere din cadrul Universit\u0103\u021bii Bucure\u0219ti.<\/p>\n<p>Intrarea este liber\u0103. V\u0103 a\u0219tept\u0103m cu drag!<\/p>\n<p>Imagine \u0219i montaj: Dan Marinescu<br \/>\nCredit foto: Dan Marinescu<\/p>\n<p>Urm\u0103ri\u021bi lansarea aici:<\/p>\n<p><iframe loading=\"lazy\" title=\"LANSAREA ANTOLOGIEI \u201eCELE MAI \u00ceNALTE UIMIRI\u201d\" width=\"500\" height=\"281\" src=\"https:\/\/www.youtube.com\/embed\/KOMADRkEJZQ?feature=oembed\" frameborder=\"0\" allow=\"accelerometer; autoplay; clipboard-write; encrypted-media; gyroscope; picture-in-picture; web-share\" referrerpolicy=\"strict-origin-when-cross-origin\" allowfullscreen><\/iframe><\/p>","protected":false},"excerpt":{"rendered":"<p>Muzeul Na\u021bional al Literaturii Rom\u00e2ne g\u0103zduie\u0219te joi, 27 iulie 2023, de la ora 18.00, lansarea c\u0103r\u021bii \u201eCele mai \u00eenalte uimiri\u201d,&#8230;<\/p>","protected":false},"author":11,"featured_media":28277,"comment_status":"closed","ping_status":"closed","sticky":false,"template":"","format":"standard","meta":{"_exactmetrics_skip_tracking":false,"_exactmetrics_sitenote_active":false,"_exactmetrics_sitenote_note":"","_exactmetrics_sitenote_category":0,"footnotes":""},"categories":[9,21],"tags":[],"class_list":["post-28276","post","type-post","status-publish","format-standard","has-post-thumbnail","hentry","category-evenimente","category-lansari-de-carte"],"_links":{"self":[{"href":"https:\/\/mnlr.ro\/en\/wp-json\/wp\/v2\/posts\/28276","targetHints":{"allow":["GET"]}}],"collection":[{"href":"https:\/\/mnlr.ro\/en\/wp-json\/wp\/v2\/posts"}],"about":[{"href":"https:\/\/mnlr.ro\/en\/wp-json\/wp\/v2\/types\/post"}],"author":[{"embeddable":true,"href":"https:\/\/mnlr.ro\/en\/wp-json\/wp\/v2\/users\/11"}],"replies":[{"embeddable":true,"href":"https:\/\/mnlr.ro\/en\/wp-json\/wp\/v2\/comments?post=28276"}],"version-history":[{"count":3,"href":"https:\/\/mnlr.ro\/en\/wp-json\/wp\/v2\/posts\/28276\/revisions"}],"predecessor-version":[{"id":28465,"href":"https:\/\/mnlr.ro\/en\/wp-json\/wp\/v2\/posts\/28276\/revisions\/28465"}],"wp:featuredmedia":[{"embeddable":true,"href":"https:\/\/mnlr.ro\/en\/wp-json\/wp\/v2\/media\/28277"}],"wp:attachment":[{"href":"https:\/\/mnlr.ro\/en\/wp-json\/wp\/v2\/media?parent=28276"}],"wp:term":[{"taxonomy":"category","embeddable":true,"href":"https:\/\/mnlr.ro\/en\/wp-json\/wp\/v2\/categories?post=28276"},{"taxonomy":"post_tag","embeddable":true,"href":"https:\/\/mnlr.ro\/en\/wp-json\/wp\/v2\/tags?post=28276"}],"curies":[{"name":"wp","href":"https:\/\/api.w.org\/{rel}","templated":true}]}}