{"id":28729,"date":"2023-08-23T15:47:13","date_gmt":"2023-08-23T12:47:13","guid":{"rendered":"https:\/\/mnlr.ro\/?p=28729"},"modified":"2023-09-01T01:47:02","modified_gmt":"2023-08-31T22:47:02","slug":"ziua-limbii-romane-la-mnlr-31-august-2023","status":"publish","type":"post","link":"https:\/\/mnlr.ro\/en\/ziua-limbii-romane-la-mnlr-31-august-2023\/","title":{"rendered":"Ziua limbii rom\u00e2ne la MNLR | 31 august 2023"},"content":{"rendered":"<p><em>\u201eCu c\u00e2t scriu mai mult \u00een francez\u0103, cu at\u00e2t m\u0103 fascineaz\u0103 mai mult limba rom\u00e2n\u0103. De c\u00e2te ori re\u00eencep s\u0103 scriu \u00een limba rom\u00e2n\u0103, redescop\u0103r muzicalitatea limbii materne.\u201d<\/em> (Matei Vi\u0219niec)<\/p>\n<p>Ziua limbii rom\u00e2ne este \u00een acest an s\u0103rb\u0103torit\u0103 de Muzeul Na\u021bional al Literaturii Rom\u00e2ne din Bucure\u0219ti prin patru evenimente, care \u00ee\u0219i propun s\u0103 ofere publicului informa\u021bii legate de DOOM 3, m\u0103rturisiri ale scriitorilor stabili\u021bi \u00een str\u0103in\u0103tate, lecturi publice \u0219i un concert de muzic\u0103 tradi\u021bional\u0103 reinterpretat\u0103.<\/p>\n<p>Ziua limbii rom\u00e2ne se s\u0103rb\u0103tore\u0219te \u00een Rom\u00e2nia la data de 31 august ca urmare a unei ini\u021biative legislative din 2011, votat\u0103 de Parlamentul Rom\u00e2niei prin Legea nr. 53\/2013. Ziua Limbii Rom\u00e2ne a fost stabilit\u0103, \u00een mod simbolic, la aceea\u0219i dat\u0103 cu s\u0103rb\u0103toarea similar\u0103 instituit\u0103 \u00een anul 1990 \u00een Republica Moldova sub numele \u201eLimba Noastr\u0103\u201c pentru a transmite mesajul c\u0103 limba rom\u00e2n\u0103 este limba vorbit\u0103 nu numai \u00eentre grani\u021bele \u021b\u0103rii, ci \u0219i dincolo de fruntarii. Fiind \u00een continu\u0103 schimbare, acumul\u00e2nd noi forme \u0219i expresii, limba rom\u00e2n\u0103 este parte a identit\u0103\u021bii noastre oriunde am c\u0103l\u0103tori \u00een aceast\u0103 lume.<\/p>\n<p>V\u0103 invit\u0103m joi, 31 august 2023, \u00eencep\u00e2nd cu ora 17.00, la sediul MNLR din strada Nicolae Cre\u021bulescu nr. 8, la dezbaterea <strong>\u201eCuvinte, cuvinte, cuvinte\u201d<\/strong>, care \u00ee\u0219i propune s\u0103 aduc\u0103 \u00een aten\u021bia publicului c\u00e2teva dintre expresiile \u0219i cuvintele noi care au fost ad\u0103ugate \u00een Dic\u021bionarul Ortografic, Ortoepic \u0219i Morfologic al Limbii rom\u00e2ne \u2013 DOOM 3, care este, \u00eencep\u00e2nd cu anul acesta, integral online (https:\/\/doom.lingv.ro\/). Fie c\u0103 vorbim despre cuvinte precum \u201eanalgosedare\u201d, \u201eperfec\u021bionism\u201d sau expresii \u201eferi, Doamne\u201d, ve\u021bi afla motivul introducerii lor \u00een dic\u021bionar \u0219i modific\u0103rile altor cuvinte.<\/p>\n<p>Particip\u0103: <strong>Rodica Zafiu, Gheorghe Chivu, Cristian Moroianu<\/strong><\/p>\n<p>Continu\u0103m, la acela\u0219i sediu, de la ora 18.30, cu dezbaterea \u201eScriitori rom\u00e2ni \u00een str\u0103in\u0103tate\u201d, care \u00ee\u0219i propune s\u0103 lege Bucure\u0219tiul de c\u00e2teva ora\u0219e ale lumii \u00een care s-au stabilit scriitorii rom\u00e2ni.<\/p>\n<p>Fie c\u0103 vorbim despre \u021b\u0103ri precum Canada, Fran\u021ba, Spania sau SUA, scriitorii rom\u00e2ni care locuiesc \u00een str\u0103in\u0103tate au o experien\u021b\u0103 aparte \u00een ceea ce prive\u0219te scrisul \u0219i a doua patrie sau patria adoptiv\u0103. Vom discuta \u00eempreun\u0103 cu scriitorul C\u0103lin-Andrei Mih\u0103ilescu despre experien\u021ba personal\u0103 a fiec\u0103ruia dintre invita\u021bi, despre traduceri \u0219i experien\u021ba multilingvistic\u0103 \u0219i multicultural\u0103.<\/p>\n<p>Particip\u0103: <strong>Ioan Cristescu, Dinu Fl\u0103m\u00e2nd, Mircia Dumitrescu \u0219i, prin Zoom, Carmen-Francesca Banciu, Andrei Codrescu, Saviana St\u0103nescu, Ioana Ieronim, Corina Oproae, Felicia Mihali, Andrei Vieru, Matei Vi\u0219niec.\u00a0<\/strong><\/p>\n<p><strong>Moderator: C\u0103lin-Andrei Mih\u0103ilescu (Zoom)<\/strong><\/p>\n<p>Cu un mesaj transmis de scriitorul <strong>Dumitru Radu Popa<\/strong><\/p>\n<p>La finalul dezbaterii, de la ora 20.00, va avea loc un concert sus\u021binut de trupa <strong>GRAIU.<\/strong><br \/>\n***<br \/>\nCei care au drum sau vor s\u0103 asculte poezie \u00een Gr\u0103dina Botanic\u0103 din Bucure\u0219ti sunt invita\u021bi la o \u00eent\u00e2lnire cu Ioana Cr\u0103ciunescu, Gabriela Toma \u0219i Dan Mircea Cipariu. Evenimentul va avea loc la <strong>ora 18.00<\/strong> \u0219i este realizat \u00een parteneriat cu Biblioteca Metropolitan\u0103 Bucure\u0219ti.<br \/>\nV\u0103 a\u0219tept\u0103m cu drag!<\/p>\n<p>Credit foto: Dan Marinescu<\/p>","protected":false},"excerpt":{"rendered":"<p>\u201eCu c\u00e2t scriu mai mult \u00een francez\u0103, cu at\u00e2t m\u0103 fascineaz\u0103 mai mult limba rom\u00e2n\u0103. De c\u00e2te ori re\u00eencep s\u0103&#8230;<\/p>","protected":false},"author":11,"featured_media":28769,"comment_status":"closed","ping_status":"closed","sticky":false,"template":"","format":"standard","meta":{"_exactmetrics_skip_tracking":false,"_exactmetrics_sitenote_active":false,"_exactmetrics_sitenote_note":"","_exactmetrics_sitenote_category":0,"footnotes":""},"categories":[24,9],"tags":[],"class_list":["post-28729","post","type-post","status-publish","format-standard","has-post-thumbnail","hentry","category-dezbateri-culturale","category-evenimente"],"_links":{"self":[{"href":"https:\/\/mnlr.ro\/en\/wp-json\/wp\/v2\/posts\/28729","targetHints":{"allow":["GET"]}}],"collection":[{"href":"https:\/\/mnlr.ro\/en\/wp-json\/wp\/v2\/posts"}],"about":[{"href":"https:\/\/mnlr.ro\/en\/wp-json\/wp\/v2\/types\/post"}],"author":[{"embeddable":true,"href":"https:\/\/mnlr.ro\/en\/wp-json\/wp\/v2\/users\/11"}],"replies":[{"embeddable":true,"href":"https:\/\/mnlr.ro\/en\/wp-json\/wp\/v2\/comments?post=28729"}],"version-history":[{"count":6,"href":"https:\/\/mnlr.ro\/en\/wp-json\/wp\/v2\/posts\/28729\/revisions"}],"predecessor-version":[{"id":28892,"href":"https:\/\/mnlr.ro\/en\/wp-json\/wp\/v2\/posts\/28729\/revisions\/28892"}],"wp:featuredmedia":[{"embeddable":true,"href":"https:\/\/mnlr.ro\/en\/wp-json\/wp\/v2\/media\/28769"}],"wp:attachment":[{"href":"https:\/\/mnlr.ro\/en\/wp-json\/wp\/v2\/media?parent=28729"}],"wp:term":[{"taxonomy":"category","embeddable":true,"href":"https:\/\/mnlr.ro\/en\/wp-json\/wp\/v2\/categories?post=28729"},{"taxonomy":"post_tag","embeddable":true,"href":"https:\/\/mnlr.ro\/en\/wp-json\/wp\/v2\/tags?post=28729"}],"curies":[{"name":"wp","href":"https:\/\/api.w.org\/{rel}","templated":true}]}}