{"id":2874,"date":"2017-10-12T16:14:42","date_gmt":"2017-10-12T13:14:42","guid":{"rendered":"http:\/\/mnlr.ro\/?p=2874"},"modified":"2017-10-18T09:25:33","modified_gmt":"2017-10-18T06:25:33","slug":"lansare-album-daniel-fat-la-mnlr","status":"publish","type":"post","link":"https:\/\/mnlr.ro\/en\/lansare-album-daniel-fat-la-mnlr\/","title":{"rendered":"Daniel F\u0103t lanseaz\u0103 albumul \u201e9 (nou\u0103)\u201d la MNLR"},"content":{"rendered":"<div id=\"m_-7507906195231456540yui_3_16_0_ym19_1_1507790273344_143619\" class=\"m_-7507906195231456540qtdSeparateBR\"><span id=\"m_-7507906195231456540yui_3_16_0_ym19_1_1507790273344_143676\"><strong>Daniel F\u0103t<\/strong> spune despre sine c\u0103 este actor, zdr\u0103ng\u0103nitor, improvizator. Ce uit\u0103 s\u0103 aminteasc\u0103 este faptul c\u0103 vorbe\u0219te serios despre lucruri neserioase \u015fi viceversa \u00a0\u0219i c\u0103 este un artist inepuizabil, plin de resurse. N\u0103scut la 19 iunie 1974, Daniel este m\u00e2ndru de r\u0103d\u0103cinile sale maramure\u015fene. A crescut \u0219i s-a format \u00een Baia Mare, a absolvit Universitatea de Art\u0103 Teatral\u0103 din T\u00e2rgu Mure\u015f, sec\u0163ia Actorie, promo\u0163ia 2000, a debutat la Teatrul Dramatic Baia Mare, \u00een 1992, \u00een 1996 a devenit actor m\u00e2nuitor de p\u0103pu\u015fi la teatrul de profil din Baia Mare, iar din 2003 p\u00e2n\u0103 \u00een 2007 a fost colaborator al Teatrului Masca din Bucure\u015fti \u015fi din 2003 membru al Companiei \u201ePasse-Partout Dan Puric\u201c, ca s\u0103 d\u0103m doar c\u00e2teva repere artistice.<\/span><\/div>\n<div id=\"m_-7507906195231456540yui_3_16_0_ym19_1_1507790273344_143615\" class=\"m_-7507906195231456540yahoo_quoted\">\n<div id=\"m_-7507906195231456540yui_3_16_0_ym19_1_1507790273344_143614\">\n<div id=\"m_-7507906195231456540yui_3_16_0_ym19_1_1507790273344_143613\">\n<div id=\"m_-7507906195231456540yui_3_16_0_ym19_1_1507790273344_143675\" class=\"m_-7507906195231456540y_msg_container\">\n<div id=\"m_-7507906195231456540yiv6275977498\">\n<div id=\"m_-7507906195231456540yui_3_16_0_ym19_1_1507790273344_143674\">\n<div id=\"m_-7507906195231456540yui_3_16_0_ym19_1_1507790273344_143673\">\n<div id=\"m_-7507906195231456540yiv6275977498yui_3_16_0_ym19_1_1507790273344_32455\" dir=\"ltr\"><span id=\"m_-7507906195231456540yiv6275977498yui_3_16_0_ym19_1_1507790273344_32456\">Poate cel mai iubit dintre aceste repere este one man show-ul \u201eEftin, da\u2019 bun\u201d , realizat dup\u0103 \u201eO scrisoare pierdut\u0103\u201c de I. L. Caragiale, spectacol \u00een care Daniel interpreteaz\u0103 toate cele nou\u0103 personaje, \u00eentr-o concep\u0163ie regizoral\u0103 \u015fi muzical\u0103 ce-i apar\u0163in. Daniel F\u0103t este de asemenea omul-orchestr\u0103 cu har divin, pentru c\u0103 el c\u00e2nt\u0103 la mai multe instrumente. Ce\u00a0 e drept, pentru originalitate a fost r\u0103spl\u0103tit cu premii la diferite festivaluri, prea multe ca s\u0103 \u00eencap\u0103 \u00een spa\u0163iul nostru tipografic. Ceea ce-l individualizeaz\u0103 este vocea sa de tenor, clar\u0103 \u015fi sigur\u0103, cu care cucere\u015fte publicul auditor. Erudi\u0163ia \u015fi temperamentul s\u0103u extrovertit sunt c\u00e2teva dintre atuurile sale. Din cuf\u0103rul misterios al sufletului s\u0103u a scos c\u00e2teva albume cu o muzic\u0103 ce te atinge de la prima p\u00e2n\u0103 la ultima pies\u0103. Ar mai fi multe de spus despre Daniel F\u0103t, \u00eens\u0103 cel mai bine vorbe\u015fte el \u00eensu\u015fi \u015fi v\u0103 l\u0103s\u0103m s\u0103 verifica\u0163i singuri dac\u0103 este a\u015fa sau nu. <\/span><\/div>\n<div dir=\"ltr\"><\/div>\n<div dir=\"ltr\"><span id=\"m_-7507906195231456540yiv6275977498yui_3_16_0_ym19_1_1507790273344_32456\">V\u0103 invit\u0103m a\u0219adar la <strong>lansarea<\/strong> celui mai recent album numit simplu \u201e<strong>9 (nou\u0103)<\/strong>\u201d <strong>joi, 19 octombrie<\/strong>, de la <strong>ora 19.00, la Muzeul Na\u021bional al Literaturii Rom\u00e2ne<\/strong>.<\/span><\/div>\n<\/div>\n<div dir=\"ltr\">\n<p>Intrarea la eveniment este liber\u0103, \u00een limita locurilor disponibile.<\/p>\n<p><strong>Evenimentul\u00a0este\u00a0organizat de Prim\u0103ria Municipiului Bucure\u0219ti prin Muzeul Na\u021bional al Literaturii Rom\u00e2ne.<\/strong><\/p>\n<p>Parteneri media:\u00a0<strong>Radio Rom\u00e2nia Cultural, RFI, TV City, Observator Cultural, Cultura, Contemporanul, Agen\u0163ia deCarte.ro, publica\u021bia on-line IQool.<\/strong><\/p>\n<\/div>\n<\/div>\n<\/div>\n<\/div>\n<\/div>\n<\/div>\n<\/div>","protected":false},"excerpt":{"rendered":"<p>Daniel F\u0103t spune despre sine c\u0103 este actor, zdr\u0103ng\u0103nitor, improvizator. Ce uit\u0103 s\u0103 aminteasc\u0103 este faptul c\u0103 vorbe\u0219te serios despre&#8230;<\/p>","protected":false},"author":1,"featured_media":2875,"comment_status":"closed","ping_status":"closed","sticky":false,"template":"","format":"standard","meta":{"_exactmetrics_skip_tracking":false,"_exactmetrics_sitenote_active":false,"_exactmetrics_sitenote_note":"","_exactmetrics_sitenote_category":0,"footnotes":""},"categories":[9],"tags":[],"class_list":["post-2874","post","type-post","status-publish","format-standard","has-post-thumbnail","hentry","category-evenimente"],"_links":{"self":[{"href":"https:\/\/mnlr.ro\/en\/wp-json\/wp\/v2\/posts\/2874","targetHints":{"allow":["GET"]}}],"collection":[{"href":"https:\/\/mnlr.ro\/en\/wp-json\/wp\/v2\/posts"}],"about":[{"href":"https:\/\/mnlr.ro\/en\/wp-json\/wp\/v2\/types\/post"}],"author":[{"embeddable":true,"href":"https:\/\/mnlr.ro\/en\/wp-json\/wp\/v2\/users\/1"}],"replies":[{"embeddable":true,"href":"https:\/\/mnlr.ro\/en\/wp-json\/wp\/v2\/comments?post=2874"}],"version-history":[{"count":2,"href":"https:\/\/mnlr.ro\/en\/wp-json\/wp\/v2\/posts\/2874\/revisions"}],"predecessor-version":[{"id":2878,"href":"https:\/\/mnlr.ro\/en\/wp-json\/wp\/v2\/posts\/2874\/revisions\/2878"}],"wp:featuredmedia":[{"embeddable":true,"href":"https:\/\/mnlr.ro\/en\/wp-json\/wp\/v2\/media\/2875"}],"wp:attachment":[{"href":"https:\/\/mnlr.ro\/en\/wp-json\/wp\/v2\/media?parent=2874"}],"wp:term":[{"taxonomy":"category","embeddable":true,"href":"https:\/\/mnlr.ro\/en\/wp-json\/wp\/v2\/categories?post=2874"},{"taxonomy":"post_tag","embeddable":true,"href":"https:\/\/mnlr.ro\/en\/wp-json\/wp\/v2\/tags?post=2874"}],"curies":[{"name":"wp","href":"https:\/\/api.w.org\/{rel}","templated":true}]}}