{"id":2885,"date":"2017-10-17T08:55:26","date_gmt":"2017-10-17T05:55:26","guid":{"rendered":"http:\/\/mnlr.ro\/?p=2885"},"modified":"2017-10-24T10:33:22","modified_gmt":"2017-10-24T07:33:22","slug":"centenar-horia-lovinescu-omul-si-opera","status":"publish","type":"post","link":"https:\/\/mnlr.ro\/en\/centenar-horia-lovinescu-omul-si-opera\/","title":{"rendered":"\u201eCentenar Horia Lovinescu \u2013 Omul \u0219i opera\u201d"},"content":{"rendered":"<div id=\"m_8657165546729216064yiv5248957211yui_3_16_0_ym19_1_1507790273344_167912\"><span id=\"m_8657165546729216064yiv5248957211yui_3_16_0_ym19_1_1507790273344_167913\">Muzeul Na\u0163ional al Literaturii Rom\u00e2ne, \u00een colaborare cu Teatrul Dramaturgilor Rom\u00e2ni, organizeaz\u0103 joi, 19 octombrie 2017, de la ora 13.00, la sediul institu\u0163iei din\u00a0<a href=\"https:\/\/maps.google.com\/?q=Strada+Nicolae+Cre%C5%A3ulescu+nr.+8&amp;entry=gmail&amp;source=g\">Strada Nicolae Cre\u0163ulescu nr. 8<\/a>, un eveniment dedicat lui Horia Lovinescu sub numele \u201e<i id=\"m_8657165546729216064yiv5248957211yui_3_16_0_ym19_1_1507790273344_167914\">Centenar Horia Lovinescu \u2013 Omul \u0219i opera<\/i>\u201d \u00a0din ciclul \u201e<i id=\"m_8657165546729216064yiv5248957211yui_3_16_0_ym19_1_1507790273344_167915\">Teatrul rom\u00e2nesc, sub dictatura comunist\u0103<\/i>\u201d.<\/span><\/div>\n<div id=\"m_8657165546729216064yiv5248957211yui_3_16_0_ym19_1_1507790273344_167917\" dir=\"ltr\"><span id=\"m_8657165546729216064yiv5248957211yui_3_16_0_ym19_1_1507790273344_167918\">Muzeul Na\u0163ional al Literaturii Rom\u00e2ne \u00ee\u015fi onoreaz\u0103, constant, \u015fi misiunea de cercetare critic\u0103 a istoriei literaturii noastre, \u00eendreptat\u0103, \u00een cazul de fa\u0163\u0103, spre teatru. La acest eveniment particip\u0103 critici \u015fi oameni de teatru, regizori, actori, personalit\u0103\u0163i implicate \u015fi \u00eenainte de 1989, dar \u015fi acum, \u00een sus\u0163inerea, deloc u\u015foar\u0103 \u2013 nici atunci, dar nici acum \u2013 a culturii \u015fi artei rom\u00e2ne\u015fti, iar cei care vor lua cuv\u00e2ntul sunt acad. Eugen Simion, Silviu Angelescu, Florica Ichim, Doina Papp, Ion Cocora, Mircea Corni\u015fteanu, Alexandru Repan \u0219i Raluca Gheorghiu. Amfitrioni vor fi Lucia Verona \u015fi Ioan Cristescu. Moderator Mihai Ispirescu.\u00a0<\/span><span id=\"m_8657165546729216064yui_3_16_0_ym19_1_1507790273344_177802\">Actorii Alexandru Repan \u0219i Raluca Gheorghiu vor lectura din piesa\u00a0<\/span><i id=\"m_8657165546729216064yiv5248957211yui_3_16_0_ym19_1_1507790273344_167922\">\u201eJocul vie\u021bii \u0219i al mor\u021bii in de\u0219ertul de cenu\u0219\u0103\u201d<\/i><span id=\"m_8657165546729216064yui_3_16_0_ym19_1_1507790273344_177803\">\u00a0de Horia Lovinescu.<\/span><\/div>\n<div id=\"m_8657165546729216064yiv5248957211yui_3_16_0_ym19_1_1507790273344_167924\"><i id=\"m_8657165546729216064yiv5248957211yui_3_16_0_ym19_1_1507790273344_167925\"><span id=\"m_8657165546729216064yiv5248957211yui_3_16_0_ym19_1_1507790273344_167926\">\u201e- De ce te-ai speriat, tat\u0103? Nu \u0219tii c\u0103 nu mi se poate \u00eent\u00e2mpla nimic? Voiam s\u0103 spun c\u0103 \u00een pustietatea asta niciunuia dintre noi nu i se poate \u00eent\u00e2mpla nimic. E at\u00e2ta lini\u0219te&#8230; Doar c\u00e2te o pas\u0103re din c\u00e2nd \u00een c\u00e2nd \u00ee\u021bi mai tulbur\u0103 g\u00e2ndurile.<\/span><\/i><\/div>\n<div id=\"m_8657165546729216064yiv5248957211yui_3_16_0_ym19_1_1507790273344_167928\"><i id=\"m_8657165546729216064yiv5248957211yui_3_16_0_ym19_1_1507790273344_167929\"><span id=\"m_8657165546729216064yiv5248957211yui_3_16_0_ym19_1_1507790273344_167930\">&#8211; P\u0103s\u0103rile astea vin din ce \u00een ce mai des. De unde-or fi venind \u0219i ce m\u0103n\u00e2nc\u0103 ele?<\/span><\/i><\/div>\n<div id=\"m_8657165546729216064yiv5248957211yui_3_16_0_ym19_1_1507790273344_167932\"><i id=\"m_8657165546729216064yiv5248957211yui_3_16_0_ym19_1_1507790273344_167933\"><span id=\"m_8657165546729216064yiv5248957211yui_3_16_0_ym19_1_1507790273344_167934\">&#8211; Poate c\u0103 a\u0219teapt\u0103 st\u00e2rvurile noastre.\u201d<\/span><\/i><\/div>\n<div id=\"m_8657165546729216064yiv5248957211yui_3_16_0_ym19_1_1507790273344_167936\"><span id=\"m_8657165546729216064yiv5248957211yui_3_16_0_ym19_1_1507790273344_167937\">La sf\u00e2r\u0219itul lumii va \u00eencepe iar o alt\u0103 lume, de la cap\u0103t. \u00centr-un de\u0219ert post-apocaliptic mai vie\u021buiesc trei oameni: un tat\u0103 cu fiul s\u0103u, Abel, \u0219i o fat\u0103. Nu poate fi vorba de fericire \u00een via\u021ba lor, dar o anumit\u0103 comoditate dat\u0103 de repetarea acelora\u0219i cuvinte zi de zi exist\u0103. To\u021bi se cunosc unii pe al\u021bii \u0219i li s-a acrit de at\u00e2ta cunoa\u0219tere, dar alternativ\u0103 nu au, a\u0219a c\u0103 domne\u0219te un fel de pace mocnit\u0103. Lini\u0219tea lor este spart\u0103 de sosirea lui Cain, principiul violen\u021bei \u0219i al supravie\u021buirii cu orice pre\u021b, cel care va reconfigura rela\u021biile \u00eentre cei trei, \u00ee\u0219i va ucide fratele \u0219i va da un \u0219ut \u00een spate lumii, propuls\u00e2nd-o \u00eenainte.<\/span><\/div>\n<div id=\"m_8657165546729216064yiv5248957211yui_3_16_0_ym19_1_1507790273344_167939\"><span id=\"m_8657165546729216064yiv5248957211yui_3_16_0_ym19_1_1507790273344_167940\">\u00a0\u201eJocul vie\u0163ii \u015fi al mor\u0163ii \u00een de\u015fertul de cenu\u015f\u0103\u201d nu este o pies\u0103 la \u00eendem\u00e2n\u0103. Trimiterile biblice, reperele culturale, simbolurile, arhetipurile din care Horia Lovinescu a construit structura acestui text creeaz\u0103 o lume ce nu se las\u0103 u\u015for cucerit\u0103.<\/span><\/div>\n<div><\/div>\n<div>Intrarea la eveniment este liber\u0103, \u00een limita locurilor disponibile.<\/div>\n<div>\n<p><strong>Evenimentul\u00a0este\u00a0organizat de Prim\u0103ria Municipiului Bucure\u0219ti prin Muzeul Na\u021bional al Literaturii Rom\u00e2ne.<\/strong><\/p>\n<p>Parteneri media:\u00a0<strong>Radio Rom\u00e2nia Cultural, RFI, TV City, Observator Cultural, Cultura, Contemporanul, Agen\u0163ia deCarte.ro, publica\u021bia on-line IQool.<\/strong><\/p>\n<\/div>\n<div><\/div>","protected":false},"excerpt":{"rendered":"<p>Muzeul Na\u0163ional al Literaturii Rom\u00e2ne, \u00een colaborare cu Teatrul Dramaturgilor Rom\u00e2ni, organizeaz\u0103 joi, 19 octombrie 2017, de la ora 13.00,&#8230;<\/p>","protected":false},"author":1,"featured_media":2955,"comment_status":"closed","ping_status":"closed","sticky":false,"template":"","format":"standard","meta":{"_exactmetrics_skip_tracking":false,"_exactmetrics_sitenote_active":false,"_exactmetrics_sitenote_note":"","_exactmetrics_sitenote_category":0,"footnotes":""},"categories":[9],"tags":[],"class_list":["post-2885","post","type-post","status-publish","format-standard","has-post-thumbnail","hentry","category-evenimente"],"_links":{"self":[{"href":"https:\/\/mnlr.ro\/en\/wp-json\/wp\/v2\/posts\/2885","targetHints":{"allow":["GET"]}}],"collection":[{"href":"https:\/\/mnlr.ro\/en\/wp-json\/wp\/v2\/posts"}],"about":[{"href":"https:\/\/mnlr.ro\/en\/wp-json\/wp\/v2\/types\/post"}],"author":[{"embeddable":true,"href":"https:\/\/mnlr.ro\/en\/wp-json\/wp\/v2\/users\/1"}],"replies":[{"embeddable":true,"href":"https:\/\/mnlr.ro\/en\/wp-json\/wp\/v2\/comments?post=2885"}],"version-history":[{"count":2,"href":"https:\/\/mnlr.ro\/en\/wp-json\/wp\/v2\/posts\/2885\/revisions"}],"predecessor-version":[{"id":2949,"href":"https:\/\/mnlr.ro\/en\/wp-json\/wp\/v2\/posts\/2885\/revisions\/2949"}],"wp:featuredmedia":[{"embeddable":true,"href":"https:\/\/mnlr.ro\/en\/wp-json\/wp\/v2\/media\/2955"}],"wp:attachment":[{"href":"https:\/\/mnlr.ro\/en\/wp-json\/wp\/v2\/media?parent=2885"}],"wp:term":[{"taxonomy":"category","embeddable":true,"href":"https:\/\/mnlr.ro\/en\/wp-json\/wp\/v2\/categories?post=2885"},{"taxonomy":"post_tag","embeddable":true,"href":"https:\/\/mnlr.ro\/en\/wp-json\/wp\/v2\/tags?post=2885"}],"curies":[{"name":"wp","href":"https:\/\/api.w.org\/{rel}","templated":true}]}}