{"id":29563,"date":"2023-10-04T10:49:47","date_gmt":"2023-10-04T07:49:47","guid":{"rendered":"https:\/\/mnlr.ro\/?p=29563"},"modified":"2023-10-04T10:49:47","modified_gmt":"2023-10-04T07:49:47","slug":"conceptele-de-spatiu-timp-si-spatiu-timp-existente-in-filosofia-stiintei-conferinta-2","status":"publish","type":"post","link":"https:\/\/mnlr.ro\/en\/conceptele-de-spatiu-timp-si-spatiu-timp-existente-in-filosofia-stiintei-conferinta-2\/","title":{"rendered":"\u201eConceptele de spa\u021biu, timp \u0219i spa\u021biu-timp existente \u00een filosofia \u0219tiin\u021bei\u201d | Conferin\u021b\u0103"},"content":{"rendered":"<p>Mar\u021bi, 10 octombrie 2023, la sediul MNLR din strada Nicolae Cre\u021bulescu 8, v\u0103 a\u0219tept\u0103m de la ora 14.00, la conferin\u021ba \u201eConceptele de spa\u021biu, timp \u0219i spa\u021biu-timp existente \u00een filosofia \u0219tiin\u021bei\u201d, sus\u021binut\u0103 de dr. Sorin Baiculescu, pre\u0219edinte al Uniunii Interna\u021bionale pentru Interdisciplinaritate \u0219i Transdisciplinaritate \u00een Sisteme Complexe (I. U. I. T. C.S.), iar de la ora 15.00, la conferin\u021ba \u201eUniunea Interna\u021bional\u0103 pentru Interdisciplinaritate \u0219i Transdisciplinaritate \u00een Sisteme Complexe \u2013&lt;&lt;I.U.I.T.C.S.&gt;&gt; \u2013 obiective \u00a0\u0219i oportunit\u0103\u021bi\u201d, prezentat\u0103 de dr. Adriana Godeanu Metz, vicepre\u0219edinte al I. U. I. T. C.S., expert al Comisiei Europene a Uniunii Europene.<\/p>\n<p><strong><u>Accesul se face pe baz\u0103 de invita\u021bie.<\/u><\/strong><\/p>\n<p>\u00cen conferin\u021ba privitoare la conceptele de spa\u021biu, timp \u0219i spa\u021biu-timp, existente \u00een teoria relativit\u0103\u021bii einsteiniene, se fac referiri majore la no\u021biunile de concept (conform dic\u021bionarelor \u0219i aprecierilor unor g\u00e2nditori remarcabili), spa\u021biu, timp, spa\u021biu-timp, conuri de lumin\u0103, sens epistemologic \u0219i ontologic (aferent acestora), \u00een\u021belegerea actual\u0103 prin filosofia \u0219tiin\u021bei \u0219i altele. Se amintesc \u0219i se analizeaz\u0103 unele rezultate, \u00een sens tematic, pe care le-au ob\u021binut cercet\u0103tori rezonan\u021bi din domeniul g\u00e2ndirii \u0219tiin\u021bifice \u0219i filosofice. Sunt remarcate unele nume care au adus contribu\u021bii fundamentale \u00een timp, la formularea clar\u0103 a categoriilor de timp, spa\u021biu, spa\u021biu-timp (Platon \u0219i Aristotel, Sf. Augustin, Galilei,\u00a0 Descartes, Hume, Newton, Kant, Lobacevski, Bergson, Einstein \u0219i Minkowski, Heidegger, Wheller-DeWitt, Penrose, Smolin, Matthew \u0219i al\u021bii). Se fac referiri la unele no\u021biuni tematice din cadrul fizicii cuantice. Conferin\u021ba are in vedere realizarea unei \u00een\u021belegeri explicative textuale, ocolind, \u00een mod deliberat, o serie de formul\u0103ri instrumentale av\u00e2nd nivel matematic \u0219i fizic.<\/p>\n<p>__________<\/p>\n<p><strong>Dr. Adriana Godeanu Metz<\/strong> este de profesie fizician, cu specializare \u00een biofizic\u0103, \u00een prezent activ\u00e2nd \u00een cadrul Comisiei Europene apartin\u00e2nd Uniunii Europene (expert \u00een problemele de cultur\u0103 \u0219i civiliza\u021bie ale organiza\u021biei, \u00een analiza aspectelor fizice aferente tehnologiilor emergente). A lucrat \u00een diferite domenii ale bio\u0219tiintelor, particip\u00e2nd cu diferite comunic\u0103ri, la nivel interna\u021bional. Este vicepre\u0219edinte al Uniunii Interna\u021bionale pentru Interdisciplinaritate \u0219i Transdisciplinaritate \u00een Sistemele Complexe (I.U.I.T.C.S.).<\/p>\n<p><strong>Dr. Sorin Baiculescu<\/strong> este de profesie matematician, cu specializare \u00een biomatematic\u0103, fiind \u0219i doctor \u00een epistemologia \u0219i filosofia \u0219tiin\u021bei. A scris unele c\u0103r\u021bi \u00een aceste domenii, parte dintre ele fiind publicate \u0219i \u00een str\u0103in\u0103tate (Germania, US.A., Italia \u0219i \u00een alte state). Face parte din cadrul Comitetului Rom\u00e2n pentru Istoria \u0219i Filosofia \u0218tiin\u021bei \u0219i Tehnicii din Academia Rom\u00e2n\u0103, din Societatea Francez\u0103 de Filosofie \u0219i alte organiza\u021bii \u0219tiin\u021bifice interne \u0219i internationale. \u00cen prezent este pre\u0219edinte al Uniunii Interna\u021bionale pentru Interdisciplinaritate \u0219i Transdisciplinaritate \u00een Sistemele Complexe (I.U.I.T.C.S).<\/p>\n<p>Uniunea Interna\u021bional\u0103 pentru Interdisciplinaritate \u0219i Transdisciplinaritate \u00een Sistemele Complexe (I.U.I.T.C.S.) reprezint\u0103 o asocia\u021bie \u0219tiin\u021bific\u0103 interna\u021bional\u0103, av\u00e2nd sediul central si legal-constituit \u00een Regatul Belgiei, iar centrele de opera\u021biuni \u00een Spania \u0219i \u00een Rom\u00e2nia. \u00cen esen\u021b\u0103, obiectivele acesteia sunt urm\u0103toarele:<\/p>\n<p>* promovarea interdisciplinarit\u0103\u021bii \u0219i a transdisciplinarit\u0103\u021bii specifice secolului XXI, la nivel interna\u021bional, prin diferite manifest\u0103ri \u0219tiin\u021bifice av\u00e2nd profil universitar-academic de excelen\u021b\u0103; * analiza critic\u0103 a disciplinelor de grani\u021b\u0103\/viitorologice implic\u00e2nd apari\u021bia unor instrumente \u0219i metode de cercetare noi, diferite de cele clasice; * respectarea unor norme bioetice (necesare) prezente \u0219i viitoare, aplicabile unor rezultate proprii tehnologiilor noi, specifice perioadei \u00een care ne aflam, precum \u0219i unor rezultate viitoare; * ac\u021biuni \u00een cultur\u0103 \u0219i art\u0103, un dialog armonios \u0219tiin\u021b\u0103-art\u0103 \u0219i \u0219tiin\u021b\u0103-cultur\u0103, \u00een sens interdisciplinar \u0219i transdisciplinar.<\/p>","protected":false},"excerpt":{"rendered":"<p>Mar\u021bi, 10 octombrie 2023, la sediul MNLR din strada Nicolae Cre\u021bulescu 8, v\u0103 a\u0219tept\u0103m de la ora 14.00, la conferin\u021ba&#8230;<\/p>","protected":false},"author":13,"featured_media":29564,"comment_status":"closed","ping_status":"closed","sticky":false,"template":"","format":"standard","meta":{"_exactmetrics_skip_tracking":false,"_exactmetrics_sitenote_active":false,"_exactmetrics_sitenote_note":"","_exactmetrics_sitenote_category":0,"footnotes":""},"categories":[9],"tags":[],"class_list":["post-29563","post","type-post","status-publish","format-standard","has-post-thumbnail","hentry","category-evenimente"],"_links":{"self":[{"href":"https:\/\/mnlr.ro\/en\/wp-json\/wp\/v2\/posts\/29563","targetHints":{"allow":["GET"]}}],"collection":[{"href":"https:\/\/mnlr.ro\/en\/wp-json\/wp\/v2\/posts"}],"about":[{"href":"https:\/\/mnlr.ro\/en\/wp-json\/wp\/v2\/types\/post"}],"author":[{"embeddable":true,"href":"https:\/\/mnlr.ro\/en\/wp-json\/wp\/v2\/users\/13"}],"replies":[{"embeddable":true,"href":"https:\/\/mnlr.ro\/en\/wp-json\/wp\/v2\/comments?post=29563"}],"version-history":[{"count":1,"href":"https:\/\/mnlr.ro\/en\/wp-json\/wp\/v2\/posts\/29563\/revisions"}],"predecessor-version":[{"id":29565,"href":"https:\/\/mnlr.ro\/en\/wp-json\/wp\/v2\/posts\/29563\/revisions\/29565"}],"wp:featuredmedia":[{"embeddable":true,"href":"https:\/\/mnlr.ro\/en\/wp-json\/wp\/v2\/media\/29564"}],"wp:attachment":[{"href":"https:\/\/mnlr.ro\/en\/wp-json\/wp\/v2\/media?parent=29563"}],"wp:term":[{"taxonomy":"category","embeddable":true,"href":"https:\/\/mnlr.ro\/en\/wp-json\/wp\/v2\/categories?post=29563"},{"taxonomy":"post_tag","embeddable":true,"href":"https:\/\/mnlr.ro\/en\/wp-json\/wp\/v2\/tags?post=29563"}],"curies":[{"name":"wp","href":"https:\/\/api.w.org\/{rel}","templated":true}]}}