{"id":29602,"date":"2023-10-10T16:07:12","date_gmt":"2023-10-10T13:07:12","guid":{"rendered":"https:\/\/mnlr.ro\/?p=29602"},"modified":"2023-10-10T16:07:12","modified_gmt":"2023-10-10T13:07:12","slug":"remember-george-mihail-zamfirescu-125","status":"publish","type":"post","link":"https:\/\/mnlr.ro\/en\/remember-george-mihail-zamfirescu-125\/","title":{"rendered":"Remember George Mihail-Zamfirescu &#8211; 125"},"content":{"rendered":"<p>La 13 octombrie a.c. se \u00eemplinesc 125 de ani de la na\u0219terea dramaturgului, prozatorului, poetului, publicistului \u0219i traduc\u0103torului George Mihail-Zamfirescu (1898-1939). N\u0103scut la Bucure\u0219ti, \u00een familia unui t\u00e2mplar, autorul celebrei piese <em>Domni\u0219oara Nastasia<\/em> (1927) sau al \u201edipticului\u201d romanesc <em>Maidanul cu dragoste<\/em> (1933) a locuit la Satu Mare \u00eentre 1922 \u0219i 1924, lucr\u00e2nd ca func\u021bionar la Asigur\u0103rile Sociale. \u00cen paralel, a desf\u0103\u0219urat o important\u0103 activitate cultural\u0103, pun\u00e2nd bazele unui cerc de teatru \u0219i \u00eentemeind revistele <em>S\u0103geata<\/em> \u0219i <em>Icoane maramure\u0219ene<\/em>. De asemenea, debutul s\u0103u \u00een volum s-a petrecut \u00een ora\u0219ul de pe Some\u0219, unde a publicat culegerea de proz\u0103 scurt\u0103 <em>Flamura alb\u0103<\/em> (1924).<\/p>\n<p>Cu acest prilej comemorativ, Muzeului Na\u021bional al Literaturii Rom\u00e2ne organizeaz\u0103, la Casa Me\u0219te\u0219ugarilor din Satu Mare, prin Centrul Cultural \u201eG.M.-Zamfirescu\u201d, \u00een perioada 13-27 octombrie a.c., o expozi\u021bie consacrat\u0103 vie\u021bii \u0219i operei scriitorului care a adus \u00een prim-plan, prin crea\u021bia sa, universul periferiei, al \u201elumii de jos\u201d, cu numeroasele ei drame \u0219i pu\u021binele ei bucurii.<\/p>\n<p>Vizitatorii vor putea vedea tablouri \u0219i fotografii \u00eenf\u0103\u021bi\u0219\u00e2ndu-l pe G.M.-Zamfirescu, manuscrise (scrieri literare, publicistice, coresponden\u021b\u0103, \u00eensemn\u0103ri), afi\u0219e ale pieselor sale sau articole din periodice, inclusiv din <em>Icoane maramure\u0219ene<\/em>.<\/p>\n<p>Din 8 noiembrie p\u00e2n\u0103 \u00een 22 noiembrie a.c., expozi\u021bia Remember George Mihail-Zamfirescu \u2013 125 va fi deschis\u0103 publicului vizitator al Muzeului Na\u021bional al Literaturii Rom\u00e2ne din Bucure\u0219ti, sediul din Strada Nicolae Cre\u021bulescu 8.<\/p>","protected":false},"excerpt":{"rendered":"<p>La 13 octombrie a.c. se \u00eemplinesc 125 de ani de la na\u0219terea dramaturgului, prozatorului, poetului, publicistului \u0219i traduc\u0103torului George Mihail-Zamfirescu&#8230;<\/p>","protected":false},"author":11,"featured_media":29603,"comment_status":"closed","ping_status":"closed","sticky":false,"template":"","format":"standard","meta":{"_exactmetrics_skip_tracking":false,"_exactmetrics_sitenote_active":false,"_exactmetrics_sitenote_note":"","_exactmetrics_sitenote_category":0,"footnotes":""},"categories":[9],"tags":[],"class_list":["post-29602","post","type-post","status-publish","format-standard","has-post-thumbnail","hentry","category-evenimente"],"_links":{"self":[{"href":"https:\/\/mnlr.ro\/en\/wp-json\/wp\/v2\/posts\/29602","targetHints":{"allow":["GET"]}}],"collection":[{"href":"https:\/\/mnlr.ro\/en\/wp-json\/wp\/v2\/posts"}],"about":[{"href":"https:\/\/mnlr.ro\/en\/wp-json\/wp\/v2\/types\/post"}],"author":[{"embeddable":true,"href":"https:\/\/mnlr.ro\/en\/wp-json\/wp\/v2\/users\/11"}],"replies":[{"embeddable":true,"href":"https:\/\/mnlr.ro\/en\/wp-json\/wp\/v2\/comments?post=29602"}],"version-history":[{"count":1,"href":"https:\/\/mnlr.ro\/en\/wp-json\/wp\/v2\/posts\/29602\/revisions"}],"predecessor-version":[{"id":29604,"href":"https:\/\/mnlr.ro\/en\/wp-json\/wp\/v2\/posts\/29602\/revisions\/29604"}],"wp:featuredmedia":[{"embeddable":true,"href":"https:\/\/mnlr.ro\/en\/wp-json\/wp\/v2\/media\/29603"}],"wp:attachment":[{"href":"https:\/\/mnlr.ro\/en\/wp-json\/wp\/v2\/media?parent=29602"}],"wp:term":[{"taxonomy":"category","embeddable":true,"href":"https:\/\/mnlr.ro\/en\/wp-json\/wp\/v2\/categories?post=29602"},{"taxonomy":"post_tag","embeddable":true,"href":"https:\/\/mnlr.ro\/en\/wp-json\/wp\/v2\/tags?post=29602"}],"curies":[{"name":"wp","href":"https:\/\/api.w.org\/{rel}","templated":true}]}}