{"id":29613,"date":"2023-10-12T12:16:02","date_gmt":"2023-10-12T09:16:02","guid":{"rendered":"https:\/\/mnlr.ro\/?p=29613"},"modified":"2023-10-12T12:16:02","modified_gmt":"2023-10-12T09:16:02","slug":"expozitia-de-ceramica-melange-a-artistului-ovidiu-ionescu","status":"publish","type":"post","link":"https:\/\/mnlr.ro\/en\/expozitia-de-ceramica-melange-a-artistului-ovidiu-ionescu\/","title":{"rendered":"Expozi\u021bia de ceramic\u0103 \u201eMelange\u201d a artistului Ovidiu Ionescu"},"content":{"rendered":"<p>Muzeul Na\u021bional al Literaturii Rom\u00e2ne v\u0103 invit\u0103\u00a0<strong>mar\u021bi,\u00a0<\/strong><strong>17 octombrie\u00a0<\/strong><strong>2023, ora 18.00<\/strong>, la sediul din Calea Grivi\u021bei 64-66, la vernisajul expozi\u021biei de ceramic\u0103 \u201eM\u00e9lange\u201d, semnat\u0103 de c\u0103tre ceramistul Ovidiu Ionescu. \u00cen cadrul expozi\u021biei, care va fi deschis\u0103 \u00een perioada 17 -28 octombrie 2023, vor fi prezentate un num\u0103r de aproximativ 200 de lucr\u0103ri constituite sub forma unor ansambluri (9). Curatorul expozi\u021biei este conf. univ. dr. ZuZu Caratanase, artist plastic.<\/p>\n<p>Deschiderea evenimentului va fi realizat\u0103 de c\u0103tre domnul dr. Pavel \u0218u\u0219ar\u0103, critic \u0219i istoric de art\u0103.<\/p>\n<p>***<br \/>\nOvidiu IONESCU (n. 17.05.1965, Bucure\u0219ti) este unul dintre cei mai importan\u021bi arti\u0219ti plastici contemporani. A absolvit Institutul de Arte Plastice \u201eNicolae Grigorescu\u201d din Bucure\u0219ti, licen\u021b\u0103 (1984-1989) \u0219i doctorat (2004-2010) \/ Este membru al Uniunii Arti\u0219tilor Plastici din Rom\u00e2nia \u0219i conferen\u021biar la specializarea ceramic\u0103 din cadrul Universit\u0103\u021bii Na\u021bionale de Arte din Bucure\u0219ti \/ Are o experien\u021b\u0103 de peste 40 de ani \u00een domeniul artelor vizuale \/ Are peste 30 expozi\u021bii personale \u0219i peste 300 expozi\u021bii de grup \u00een \u021bar\u0103 \u0219i str\u0103in\u0103tate \/ Peste 50 de medalii, premii \u0219i distinc\u021bii (selectiv): decorat cu Ordinul \u201eMeritul Cultural\u201d \u00een grad de \u201eCavaler\u201d conferit de Pre\u0219edintele Rom\u00e2niei; Premiul Ministerului Culturii din Rom\u00e2nia; Premiul Uniunii Arti\u0219tilor Plastici din Rom\u00e2nia (de dou\u0103 ori: pentru art\u0103 decorativ\u0103 \u0219i arta \u00een spa\u021biul public); Premiul Consiliului Director al Uniunii Arti\u0219tilor Plastici din Rom\u00e2nia; Men\u021biunea de Onoare la Festivalul Interna\u021bional de Ceramic\u0103, Mino\/Japonia; Men\u021biune la Bienala Interna\u021bional\u0103 de Gravur\u0103, Chi\u0219in\u0103u\/Republica Moldova; Distinc\u021bia Uniunii Arti\u0219tilor Plastici din Bulgaria.<\/p>","protected":false},"excerpt":{"rendered":"<p>Muzeul Na\u021bional al Literaturii Rom\u00e2ne v\u0103 invit\u0103\u00a0mar\u021bi,\u00a017 octombrie\u00a02023, ora 18.00, la sediul din Calea Grivi\u021bei 64-66, la vernisajul expozi\u021biei de&#8230;<\/p>","protected":false},"author":13,"featured_media":29614,"comment_status":"closed","ping_status":"closed","sticky":false,"template":"","format":"standard","meta":{"_exactmetrics_skip_tracking":false,"_exactmetrics_sitenote_active":false,"_exactmetrics_sitenote_note":"","_exactmetrics_sitenote_category":0,"footnotes":""},"categories":[9],"tags":[],"class_list":["post-29613","post","type-post","status-publish","format-standard","has-post-thumbnail","hentry","category-evenimente"],"_links":{"self":[{"href":"https:\/\/mnlr.ro\/en\/wp-json\/wp\/v2\/posts\/29613","targetHints":{"allow":["GET"]}}],"collection":[{"href":"https:\/\/mnlr.ro\/en\/wp-json\/wp\/v2\/posts"}],"about":[{"href":"https:\/\/mnlr.ro\/en\/wp-json\/wp\/v2\/types\/post"}],"author":[{"embeddable":true,"href":"https:\/\/mnlr.ro\/en\/wp-json\/wp\/v2\/users\/13"}],"replies":[{"embeddable":true,"href":"https:\/\/mnlr.ro\/en\/wp-json\/wp\/v2\/comments?post=29613"}],"version-history":[{"count":1,"href":"https:\/\/mnlr.ro\/en\/wp-json\/wp\/v2\/posts\/29613\/revisions"}],"predecessor-version":[{"id":29615,"href":"https:\/\/mnlr.ro\/en\/wp-json\/wp\/v2\/posts\/29613\/revisions\/29615"}],"wp:featuredmedia":[{"embeddable":true,"href":"https:\/\/mnlr.ro\/en\/wp-json\/wp\/v2\/media\/29614"}],"wp:attachment":[{"href":"https:\/\/mnlr.ro\/en\/wp-json\/wp\/v2\/media?parent=29613"}],"wp:term":[{"taxonomy":"category","embeddable":true,"href":"https:\/\/mnlr.ro\/en\/wp-json\/wp\/v2\/categories?post=29613"},{"taxonomy":"post_tag","embeddable":true,"href":"https:\/\/mnlr.ro\/en\/wp-json\/wp\/v2\/tags?post=29613"}],"curies":[{"name":"wp","href":"https:\/\/api.w.org\/{rel}","templated":true}]}}