{"id":29627,"date":"2023-10-13T11:35:37","date_gmt":"2023-10-13T08:35:37","guid":{"rendered":"https:\/\/mnlr.ro\/?p=29627"},"modified":"2023-10-13T11:35:37","modified_gmt":"2023-10-13T08:35:37","slug":"lansare-de-carte-ferestre-spre-lumina-de-adelina-constantin","status":"publish","type":"post","link":"https:\/\/mnlr.ro\/en\/lansare-de-carte-ferestre-spre-lumina-de-adelina-constantin\/","title":{"rendered":"Lansare de carte | \u201eFerestre spre Lumin\u0103\u201d, de Adelina Constantin"},"content":{"rendered":"<p>Muzeul Na\u021bional al Literaturii Rom\u00e2ne g\u0103zduie\u0219te miercuri, 25 octombrie 2023, de la ora 17.30, sediul din Str. Nicolae Cre\u021bulescu 8, lansarea c\u0103r\u021bii \u201eFerestre spre Lumin\u0103\u201d, de Adelina Constantin, ap\u0103rut\u0103 la Editura Sf\u00e2ntul Ierarh Nicolae.<\/p>\n<p>Invita\u021bi: Marina B\u0103dulescu, Maria Gheorghiu, Radu Gra\u021bianu, Codru\u021b Croitoru, violonistul \u0218tefan Barbu \u0219i trupa The Solomon&#8217;s (Victor Solomon, \u0218tefan Orfescu \u0219i Marius Mirea).<\/p>\n<p>Adelina Constantin s-a n\u0103scut la 16 februarie 1968, la Castranova, jude\u021bul Dolj, este jurnalist de aproape 30 de ani, a absolvit Facultatea de Fizica Atomic\u0103 \u0219i nuclear\u0103, apoi Facultatea de jurnalism \u0219i \u0219tiin\u021bele comunic\u0103rii. Volumul de versuri \u201eFerestre spre Lumin\u0103\u201d al Adelinei Constantin este doar un prim pas editorial al acesteia.<\/p>\n<p>\u201eDe ce este un prim pas? Pentru c\u0103 Adelina Constantin are multe poezii deja scrise, pe care \u2013 cu siguran\u0163\u0103 \u2013 le va reuni cur\u00e2nd \u00eentr-un al doilea volum de versuri. Din toate poeziile scrise de Adelina Constantin r\u0103zbate iubirea, \u00een toate dimensiunile ei \u2013 pentru omul drag, pentru copii, pentru p\u0103rin\u0163i, pentru prieteni, pentru \u0163ara ei. Un loc aparte \u00eel are, \u00een poezia ei, leg\u0103tura cu Divinitatea \u2013 prin medita\u0163ie \u015fi imagina\u0163ie. \u00cen unele poezii, ea poart\u0103, cu sensibilitate \u015fi sinceritate, conversa\u0163ii cu sine, pun\u00e2nd \u00eentreb\u0103ri \u015fi c\u0103ut\u00e2nd r\u0103spunsuri\u201d, scrie despre autoare Marina B\u0103dulescu \u00een prefa\u021ba c\u0103r\u021bii.<\/p>\n<p>Intrarea este liber\u0103.<\/p>","protected":false},"excerpt":{"rendered":"<p>Muzeul Na\u021bional al Literaturii Rom\u00e2ne g\u0103zduie\u0219te miercuri, 25 octombrie 2023, de la ora 17.30, sediul din Str. Nicolae Cre\u021bulescu 8,&#8230;<\/p>","protected":false},"author":11,"featured_media":29628,"comment_status":"closed","ping_status":"closed","sticky":false,"template":"","format":"standard","meta":{"_exactmetrics_skip_tracking":false,"_exactmetrics_sitenote_active":false,"_exactmetrics_sitenote_note":"","_exactmetrics_sitenote_category":0,"footnotes":""},"categories":[9,21],"tags":[],"class_list":["post-29627","post","type-post","status-publish","format-standard","has-post-thumbnail","hentry","category-evenimente","category-lansari-de-carte"],"_links":{"self":[{"href":"https:\/\/mnlr.ro\/en\/wp-json\/wp\/v2\/posts\/29627","targetHints":{"allow":["GET"]}}],"collection":[{"href":"https:\/\/mnlr.ro\/en\/wp-json\/wp\/v2\/posts"}],"about":[{"href":"https:\/\/mnlr.ro\/en\/wp-json\/wp\/v2\/types\/post"}],"author":[{"embeddable":true,"href":"https:\/\/mnlr.ro\/en\/wp-json\/wp\/v2\/users\/11"}],"replies":[{"embeddable":true,"href":"https:\/\/mnlr.ro\/en\/wp-json\/wp\/v2\/comments?post=29627"}],"version-history":[{"count":1,"href":"https:\/\/mnlr.ro\/en\/wp-json\/wp\/v2\/posts\/29627\/revisions"}],"predecessor-version":[{"id":29629,"href":"https:\/\/mnlr.ro\/en\/wp-json\/wp\/v2\/posts\/29627\/revisions\/29629"}],"wp:featuredmedia":[{"embeddable":true,"href":"https:\/\/mnlr.ro\/en\/wp-json\/wp\/v2\/media\/29628"}],"wp:attachment":[{"href":"https:\/\/mnlr.ro\/en\/wp-json\/wp\/v2\/media?parent=29627"}],"wp:term":[{"taxonomy":"category","embeddable":true,"href":"https:\/\/mnlr.ro\/en\/wp-json\/wp\/v2\/categories?post=29627"},{"taxonomy":"post_tag","embeddable":true,"href":"https:\/\/mnlr.ro\/en\/wp-json\/wp\/v2\/tags?post=29627"}],"curies":[{"name":"wp","href":"https:\/\/api.w.org\/{rel}","templated":true}]}}