{"id":2966,"date":"2017-10-19T08:50:09","date_gmt":"2017-10-19T05:50:09","guid":{"rendered":"http:\/\/mnlr.ro\/?p=2966"},"modified":"2017-10-26T16:40:38","modified_gmt":"2017-10-26T13:40:38","slug":"lansare-de-carte-la-mnlr-timpul-care-ne-ramas-de-dan-ghitescu","status":"publish","type":"post","link":"https:\/\/mnlr.ro\/en\/lansare-de-carte-la-mnlr-timpul-care-ne-ramas-de-dan-ghitescu\/","title":{"rendered":"Lansare de carte la MNLR: TIMPUL CARE NE-A R\u0102MAS de Dan Ghi\u021bescu"},"content":{"rendered":"<div id=\"m_-7911853967499441880yui_3_16_0_ym19_1_1508328622746_9954\"><span id=\"m_-7911853967499441880yui_3_16_0_ym19_1_1508328622746_9955\">EDITURA PALIMPSEST<span id=\"m_-7911853967499441880yui_3_16_0_ym19_1_1508328622746_9956\">\u00a0<\/span>lanseaz\u0103\u00a0<\/span><span id=\"m_-7911853967499441880yui_3_16_0_ym19_1_1508328622746_9957\" lang=\"FR\">s\u00e2mb\u0103t\u0103, 21 octombrie, ora 16,\u00a0<\/span><span id=\"m_-7911853967499441880yui_3_16_0_ym19_1_1508328622746_9958\">la sediul Muzeului Na\u021bional al Literaturii\u00a0<a href=\"https:\/\/maps.google.com\/?q=Rom%C3%A2ne+(Str.+N.+Cre%C8%9Bulescu+8&amp;entry=gmail&amp;source=g\">Rom\u00e2ne\u00a0<\/a><\/span><span id=\"m_-7911853967499441880yui_3_16_0_ym19_1_1508328622746_9959\"><a href=\"https:\/\/maps.google.com\/?q=Rom%C3%A2ne+(Str.+N.+Cre%C8%9Bulescu+8&amp;entry=gmail&amp;source=g\">(Str. N. Cre\u021bulescu 8<\/a>, l\u00e2ng\u0103 UNITER)<\/span><span id=\"m_-7911853967499441880yui_3_16_0_ym19_1_1508328622746_9960\">, romanul\u00a0<\/span><i id=\"m_-7911853967499441880yui_3_16_0_ym19_1_1508328622746_9961\"><span id=\"m_-7911853967499441880yui_3_16_0_ym19_1_1508328622746_9962\" lang=\"FR\">TIMPUL CARE NE-A R\u0102MAS<\/span><\/i><span id=\"m_-7911853967499441880yui_3_16_0_ym19_1_1508328622746_9963\" lang=\"FR\">\u00a0de DAN GHI\u021aESCU, o carte\u00a0<\/span><span id=\"m_-7911853967499441880yui_3_16_0_ym19_1_1508328622746_9964\" lang=\"RO\">modern\u0103, incitant\u0103, cu o fic\u021biune ce alterneaz\u0103 \u00eentre realism \u0219i oniric, \u00een care \u201ese une\u0219te, cum inspirat precizeaz\u0103 poeta Doina Uricariu, mitul faustic \u0219i fabulosul tinere\u021bii ve\u0219nice \u0219i vie\u021bii f\u0103r\u0103 de moarte\u201d, aduc\u00e2nd \u00een prim-plan un personaj cu un destin \u201edublu, multiplu, al trupului \u00eentinerit miraculos, d\u0103ruit unor experien\u021be senzual-erotice\u201d, marcat, dramatic \u0219i ironic, \u201ede obsesia timpului \u0219i foamea noastr\u0103 de timp\u201d.<\/span><\/div>\n<div id=\"m_-7911853967499441880yui_3_16_0_ym19_1_1508328622746_9965\"><span id=\"m_-7911853967499441880yui_3_16_0_ym19_1_1508328622746_9966\" lang=\"FR\">\u00a0<\/span><\/div>\n<div id=\"m_-7911853967499441880yui_3_16_0_ym19_1_1508328622746_9967\"><span id=\"m_-7911853967499441880yui_3_16_0_ym19_1_1508328622746_9968\" lang=\"FR\">Dan Ghi\u021bescu,\u00a0<\/span><span id=\"m_-7911853967499441880yui_3_16_0_ym19_1_1508328622746_9969\" lang=\"FR\">membru al Uniunii Scriitorilor din Rom\u00e2nia \u0219i\u00a0<em id=\"m_-7911853967499441880yui_3_16_0_ym19_1_1508328622746_9970\"><span id=\"m_-7911853967499441880yui_3_16_0_ym19_1_1508328622746_9971\">Qu\u00e9bec (<\/span><\/em>Canada),<\/span><span id=\"m_-7911853967499441880yui_3_16_0_ym19_1_1508328622746_9972\" lang=\"RO\">\u00a0s-a n\u0103scut \u0219i a tr\u0103it la Bucure\u015fti. El a absolvit\u00a0<\/span><b id=\"m_-7911853967499441880yui_3_16_0_ym19_1_1508328622746_9973\"><span id=\"m_-7911853967499441880yui_3_16_0_ym19_1_1508328622746_9974\" lang=\"RO\"><span id=\"m_-7911853967499441880yui_3_16_0_ym19_1_1508328622746_9975\">\u00a0<\/span><\/span><\/b><span id=\"m_-7911853967499441880yui_3_16_0_ym19_1_1508328622746_9976\" lang=\"RO\">\u00een 1954<span id=\"m_-7911853967499441880yui_3_16_0_ym19_1_1508328622746_9977\">\u00a0\u00a0<\/span>Institul de Teatru \u0219i Film \u0219i a activat\u00a0<span id=\"m_-7911853967499441880yui_3_16_0_ym19_1_1508328622746_9978\">\u00a0<\/span>mai mul\u021bi ani ca regizor artistic, realiz\u00e2nd numeroase spectacole, \u00een teatre din Bucure\u0219ti, Baia Mare, Gala\u021bi, Bra\u0219ov, la radio \u0219i televiziune, afirm\u00e2ndu-se totodat\u0103 \u0219i ca scriitor, ziarist, realizator tv, scenarist, autor de scheciuri, piese scurte \u015fi versuri pentru compozitori (Emanuel Ionescu, Victor Socaciu, Aurel Giroveanu, Delmar etc.). \u00cen 1969 p\u0103r\u0103se\u0219te Rom\u00e2nia \u015fi dup\u0103 un scurt sejur \u00een Fran\u0163a, \u00een care devine colaborator la Europa Liber\u0103, se stabile\u015fte la Montreal. Aici se impune ca realizator de programe de televiziune \u00een cadrul renumitului post T\u00e9l\u00e9-Qu\u00e9bec, e director al Micului Teatru Rom\u00e2nesc (1972 &#8211; 1990), vicepre\u0219edinte comunicare strategic\u0103 la Europanam inc. etc. Dup\u0103 1990 revine frecvent \u00een \u021bar\u0103 unde public\u0103 cinci romane (<i id=\"m_-7911853967499441880yui_3_16_0_ym19_1_1508328622746_9979\">Praful \u015fi pulberea, Zodia Cameleonului<\/i>,\u00a0<i id=\"m_-7911853967499441880yui_3_16_0_ym19_1_1508328622746_9980\">La r\u0103s\u0103rit, apune soarele<\/i>,\u00a0<i id=\"m_-7911853967499441880yui_3_16_0_ym19_1_1508328622746_9981\">Noaptea nu apar\u0163ine<\/i>\u00a0<i id=\"m_-7911853967499441880yui_3_16_0_ym19_1_1508328622746_9982\">nim\u0103nui<\/i>,\u00a0<i id=\"m_-7911853967499441880yui_3_16_0_ym19_1_1508328622746_9983\">Omul care vine din Est<\/i>) care se bucur\u0103 de un real interes la cititori \u0219i critici. Pe fi\u0219a sa de crea\u021bie mai figureaz\u0103, \u00eentre altele,<i id=\"m_-7911853967499441880yui_3_16_0_ym19_1_1508328622746_9984\">\u00a0<\/i><span id=\"m_-7911853967499441880yui_3_16_0_ym19_1_1508328622746_9985\">filmele<i id=\"m_-7911853967499441880yui_3_16_0_ym19_1_1508328622746_9986\">\u00a0Dinastia blestemat\u0103<\/i><\/span>, dedicat evenimentelor din 1989,\u00a0<i id=\"m_-7911853967499441880yui_3_16_0_ym19_1_1508328622746_9987\">Panait c\u0103l\u0103torul<\/i>, dar \u0219i scenariul filmului\u00a0<i id=\"m_-7911853967499441880yui_3_16_0_ym19_1_1508328622746_9988\">Cire\u015fe amare<\/i>\u00a0(DDG Montreal, 1995).<\/span><\/div>\n<div id=\"m_-7911853967499441880yui_3_16_0_ym19_1_1508328622746_9989\"><span id=\"m_-7911853967499441880yui_3_16_0_ym19_1_1508328622746_9990\" lang=\"RO\">Un critic de notorietatea lui Alex \u0218tef\u0103nescu consider\u0103, de pild\u0103,\u00a0<i id=\"m_-7911853967499441880yui_3_16_0_ym19_1_1508328622746_9991\">Omul care vine din Est<\/i>, publicat \u0219i de Editura parizian\u0103\u00a0<i id=\"m_-7911853967499441880yui_3_16_0_ym19_1_1508328622746_9992\">Descartes &amp; Cie,\u00a0<\/i><span id=\"m_-7911853967499441880yui_3_16_0_ym19_1_1508328622746_9993\">un roman\u00a0<\/span>\u201e remarcabil prin for\u0163\u0103 epic\u0103 \u015fi prin ritmul antrenant\u201d, care \u201eare darul de a-i captiva pe cititori, determin\u00e2ndu-i s\u0103 reflecteze asupra a ceea ce au tr\u0103it\u201d.<\/span><\/div>\n<div id=\"m_-7911853967499441880yui_3_16_0_ym19_1_1508328622746_9994\"><span id=\"m_-7911853967499441880yui_3_16_0_ym19_1_1508328622746_9995\" lang=\"RO\">\u00a0<\/span><\/div>\n<div id=\"m_-7911853967499441880yui_3_16_0_ym19_1_1508328622746_9996\"><span id=\"m_-7911853967499441880yui_3_16_0_ym19_1_1508328622746_9997\" lang=\"FR\">Despre\u00a0<i id=\"m_-7911853967499441880yui_3_16_0_ym19_1_1508328622746_9998\"><span id=\"m_-7911853967499441880yui_3_16_0_ym19_1_1508328622746_9999\">TIMPUL CARE NE-A R\u0102MAS<\/span><\/i>, noul roman al lui Dan Ghi\u021bescu, vor vorbi, cu prilejul lans\u0103rii Ioan Cristescu, directorul MNLR, prozatorii Ioan Gro\u0219an \u0219i Aurel Maria Baros (pre\u0219edintele Filialei Bucure\u0219ti Proz\u0103\u00a0<\/span><span id=\"m_-7911853967499441880yui_3_16_0_ym19_1_1508328622746_10000\">a Uniunii Scriitorilor din Rom\u00e2nia),\u00a0<\/span><span id=\"m_-7911853967499441880yui_3_16_0_ym19_1_1508328622746_10001\" lang=\"FR\">prof. Anca S\u00eerghie,<span id=\"m_-7911853967499441880yui_3_16_0_ym19_1_1508328622746_10002\">\u00a0\u00a0<\/span><\/span><span id=\"m_-7911853967499441880yui_3_16_0_ym19_1_1508328622746_10003\">precum \u0219i editorul Ion Cocora.<\/span><span id=\"m_-7911853967499441880yui_3_16_0_ym19_1_1508328622746_10004\" lang=\"FR\"><\/span><\/div>\n<div id=\"m_-7911853967499441880yui_3_16_0_ym19_1_1508328622746_10005\"><span id=\"m_-7911853967499441880yui_3_16_0_ym19_1_1508328622746_10006\">\u00a0<\/span><\/div>\n<div id=\"m_-7911853967499441880yui_3_16_0_ym19_1_1508328622746_10007\"><span id=\"m_-7911853967499441880yui_3_16_0_ym19_1_1508328622746_10008\" lang=\"FR\">La finalul \u00eent\u00e2lnirii de la Muzeul Na\u021bional al Literaturii Rom\u00e2ne, autorul va r\u0103spunde la \u00eentreb\u0103ri \u0219i va oferi autografe.<\/span><\/div>\n<div><\/div>\n<div>\n<p>Intrarea la eveniment este liber\u0103, \u00een limita locurilor disponibile.<\/p>\n<p><strong>Evenimentul\u00a0este\u00a0organizat de Prim\u0103ria Municipiului Bucure\u0219ti prin Muzeul Na\u021bional al Literaturii Rom\u00e2ne.<\/strong><\/p>\n<p>Parteneri media:\u00a0<strong>Radio Rom\u00e2nia Cultural, RFI, TV City, Observator Cultural, Cultura, Contemporanul, Agen\u0163ia deCarte.ro, publica\u021bia on-line IQool.<\/strong><\/p>\n<\/div>","protected":false},"excerpt":{"rendered":"<p>EDITURA PALIMPSEST\u00a0lanseaz\u0103\u00a0s\u00e2mb\u0103t\u0103, 21 octombrie, ora 16,\u00a0la sediul Muzeului Na\u021bional al Literaturii\u00a0Rom\u00e2ne\u00a0(Str. N. Cre\u021bulescu 8, l\u00e2ng\u0103 UNITER), romanul\u00a0TIMPUL CARE NE-A R\u0102MAS\u00a0de&#8230;<\/p>","protected":false},"author":1,"featured_media":2967,"comment_status":"closed","ping_status":"closed","sticky":false,"template":"","format":"standard","meta":{"_exactmetrics_skip_tracking":false,"_exactmetrics_sitenote_active":false,"_exactmetrics_sitenote_note":"","_exactmetrics_sitenote_category":0,"footnotes":""},"categories":[9],"tags":[],"class_list":["post-2966","post","type-post","status-publish","format-standard","has-post-thumbnail","hentry","category-evenimente"],"_links":{"self":[{"href":"https:\/\/mnlr.ro\/en\/wp-json\/wp\/v2\/posts\/2966","targetHints":{"allow":["GET"]}}],"collection":[{"href":"https:\/\/mnlr.ro\/en\/wp-json\/wp\/v2\/posts"}],"about":[{"href":"https:\/\/mnlr.ro\/en\/wp-json\/wp\/v2\/types\/post"}],"author":[{"embeddable":true,"href":"https:\/\/mnlr.ro\/en\/wp-json\/wp\/v2\/users\/1"}],"replies":[{"embeddable":true,"href":"https:\/\/mnlr.ro\/en\/wp-json\/wp\/v2\/comments?post=2966"}],"version-history":[{"count":1,"href":"https:\/\/mnlr.ro\/en\/wp-json\/wp\/v2\/posts\/2966\/revisions"}],"predecessor-version":[{"id":2968,"href":"https:\/\/mnlr.ro\/en\/wp-json\/wp\/v2\/posts\/2966\/revisions\/2968"}],"wp:featuredmedia":[{"embeddable":true,"href":"https:\/\/mnlr.ro\/en\/wp-json\/wp\/v2\/media\/2967"}],"wp:attachment":[{"href":"https:\/\/mnlr.ro\/en\/wp-json\/wp\/v2\/media?parent=2966"}],"wp:term":[{"taxonomy":"category","embeddable":true,"href":"https:\/\/mnlr.ro\/en\/wp-json\/wp\/v2\/categories?post=2966"},{"taxonomy":"post_tag","embeddable":true,"href":"https:\/\/mnlr.ro\/en\/wp-json\/wp\/v2\/tags?post=2966"}],"curies":[{"name":"wp","href":"https:\/\/api.w.org\/{rel}","templated":true}]}}