{"id":30065,"date":"2023-11-22T15:25:40","date_gmt":"2023-11-22T13:25:40","guid":{"rendered":"https:\/\/mnlr.ro\/?p=30065"},"modified":"2023-12-17T19:39:39","modified_gmt":"2023-12-17T17:39:39","slug":"lansare-dumitru-fainisi-viata-e-frumoasa-daca-nu-o-dramatizezi-confesiuni-de-centenar-de-annie-musca","status":"publish","type":"post","link":"https:\/\/mnlr.ro\/en\/lansare-dumitru-fainisi-viata-e-frumoasa-daca-nu-o-dramatizezi-confesiuni-de-centenar-de-annie-musca\/","title":{"rendered":"Lansare | \u201eDumitru F\u0103ini\u0219i \u2013 Via\u021ba e frumoas\u0103 dac\u0103 nu o dramatizezi\u201d &#8211; Confesiuni de centenar, de Annie Musc\u0103"},"content":{"rendered":"<p>Muzeul Na\u021bional al Literaturii Rom\u00e2ne g\u0103zduie\u0219te joi, 14 decembrie 2023, de la ora 17.00, \u00een Sala Perpessicius din Str. Nicolae Cre\u021bulescu 8, lansarea c\u0103r\u021bii \u201eDumitru F\u0103ini\u0219i \u2013 Via\u021ba e frumoas\u0103 dac\u0103 nu o dramatizezi\u201d &#8211; Confesiuni de centenar, semnat\u0103 Annie Musc\u0103.<\/p>\n<p>S-a n\u0103scut \u00een anul mor\u021bii lui Lenin (4 noiembrie 1924), pe c\u00e2nd Stalin se preg\u0103tea s\u0103 preia puterea, iar la noi Partidul Comunist era scos \u00een afara legii. A prins criza din \u201933 \u0219i dictatura carlist\u0103, cutremurul din \u201940, r\u0103zboiul, foametea \u0219i apusul mi\u0219c\u0103rii legionare; venirea comuni\u0219tilor \u0219i plecarea comuni\u0219tilor, chiar \u0219i&#8230; \u00eenc\u0103lzirea global\u0103. \u201eLeat cu George Bush \u0219i Jimmy Carter, cu Aznavour \u0219i Marlon Brando, cu Raj Kapoor \u0219i Marcello Mastroianni, Dumitru F\u0103ini\u0219i i-a f\u0103cut pe to\u021bi&#8230; praf. Cum s-a strecurat printre toate \u00eemprejur\u0103rile vie\u021bii sau c\u00e2t de ingrate i-au fost unele sarcini ve\u021bi afla din paginile acestei biografii. Pasionat de \u00eenot \u0219i c\u0103l\u0103torii, de c\u0103r\u021bi \u0219i \u00eent\u00e2lniri doar cu oameni buni, ast\u0103zi, la 99 de ani, personajul c\u0103r\u021bii declar\u0103 cu m\u00e2na pe inim\u0103: \u00abVia\u021ba e frumoas\u0103 dac\u0103 nu o dramatizezi\u00bb\u201d, scrie Annie Musc\u0103 pe ultima copert\u0103 a c\u0103r\u021bii.<\/p>\n<p>Cu minu\u0163iozitate, biograful reu\u015fe\u015fte s\u0103 reconstituie nu doar traseul unei vie\u0163i, ci \u015fi destinul personajului c\u0103r\u0163ii. Reface, odat\u0103 cu evolu\u0163ia acestuia, \u015fi epoca pe care a str\u0103b\u0103tut-o cu pas ap\u0103sat. Ani \u00eentregi de cercet\u0103ri, dialoguri, \u00eent\u00e2lniri, r\u0103scoliri ale arhivelor, publice sau personale, stau la baza unei biografii, mai ales dac\u0103 autorul este con\u015ftiincios \u015fi serios \u015fi nu las\u0103 nimic la voia \u00eent\u00e2mpl\u0103rii. Annie Musc\u0103 a studiat limba francez\u0103 la Facultatea de Litere din cadrul Universit\u0103\u0163ii Mis\u00e9ricorde din Fribourg (Elve\u0163ia). \u00cen 2008, a publicat prima biografie autorizat\u0103 a omului de televiziune Tudor Vornicu, lans\u00e2nd astfel un original proiect de biografii. A colaborat la proiectul \u201eNe auzim la Majestic\u201d, ini\u0163iat \u00een 2005 de Redac\u0163ia Teatrul Na\u0163ional Radiofonic, iar \u00een perioada 2014-2019 a fost autoarea rubricii \u201eRemember\u201d la Revista Teatral\u0103 Radio, un proiect Radio Rom\u00e2nia Cultural, dedicat vie\u0163ii teatrale rom\u00e2ne\u015fti \u015fi teatrului la microfon. \u00cen aceea\u015fi perioad\u0103, a ini\u0163iat un proiect de cercetare \u00een cadrul Agen\u0163iei Spa\u0163iale Rom\u00e2ne, realiz\u00e2nd monografia acestei institu\u0163ii. Alte biografii publicate: \u201eDan Mih\u0103escu. Spovedania unui umorist\u201d, Editura Terra &#8211; 2010, \u201eDumitru-Dorin Prunariu \u2013 biografia unui cosmonaut\u201d, Editura Adev\u0103rul Holding &#8211; 2012, \u201eIon Miclea. Povestea unui fotograf\u201d, Editura Biblioteca Bucure\u015ftilor &#8211; 2012, \u201ePantelie Tu\u0163uleasa. \u00cent\u00e2lnire cu un alt fel de cineaste\u201d, Editura Terra &#8211; 2013, \u201eDan Puican. Radioul este via\u0163a mea\u201d, Editura Adev\u0103rul &#8211; 2013. La Editura Terra, Foc\u015fani, Annie Musc\u0103 a publicat \u00een 2020 \u201eDe la \u00eenceput p\u00e2n\u0103 la sf\u00e2r\u015fit\u201d, biografia lui Sebastian Papaiani, actor care nu are nevoie de prezentare, iar la Editura Paralela 45, \u00een 2022, \u201eIrina Margareta Nistor. Z\u00e2mbet de cinema\u201d.<\/p>\n<p>Intrarea este liber\u0103. V\u0103 a\u0219tept\u0103m cu drag!<\/p>\n<p>Credit foto: Dan Marinescu<\/p>\n<p>Filmare \u0219i montaj: Alex Ursu<\/p>\n<p><iframe loading=\"lazy\" title=\"\u201eDUMITRU F\u0102INI\u0218I \u2013 VIA\u021aA E FRUMOAS\u0102 DAC\u0102 NU O DRAMATIZEZI\u201d \u2013 CONFESIUNI DE CENTENAR, DE ANNIE MUSC\u0102\" width=\"500\" height=\"281\" src=\"https:\/\/www.youtube.com\/embed\/9nJ0uZaj_vw?feature=oembed\" frameborder=\"0\" allow=\"accelerometer; autoplay; clipboard-write; encrypted-media; gyroscope; picture-in-picture; web-share\" referrerpolicy=\"strict-origin-when-cross-origin\" allowfullscreen><\/iframe><\/p>","protected":false},"excerpt":{"rendered":"<p>Muzeul Na\u021bional al Literaturii Rom\u00e2ne g\u0103zduie\u0219te joi, 14 decembrie 2023, de la ora 17.00, \u00een Sala Perpessicius din Str. Nicolae&#8230;<\/p>","protected":false},"author":11,"featured_media":30066,"comment_status":"closed","ping_status":"closed","sticky":false,"template":"","format":"standard","meta":{"_exactmetrics_skip_tracking":false,"_exactmetrics_sitenote_active":false,"_exactmetrics_sitenote_note":"","_exactmetrics_sitenote_category":0,"footnotes":""},"categories":[9,21],"tags":[],"class_list":["post-30065","post","type-post","status-publish","format-standard","has-post-thumbnail","hentry","category-evenimente","category-lansari-de-carte"],"_links":{"self":[{"href":"https:\/\/mnlr.ro\/en\/wp-json\/wp\/v2\/posts\/30065","targetHints":{"allow":["GET"]}}],"collection":[{"href":"https:\/\/mnlr.ro\/en\/wp-json\/wp\/v2\/posts"}],"about":[{"href":"https:\/\/mnlr.ro\/en\/wp-json\/wp\/v2\/types\/post"}],"author":[{"embeddable":true,"href":"https:\/\/mnlr.ro\/en\/wp-json\/wp\/v2\/users\/11"}],"replies":[{"embeddable":true,"href":"https:\/\/mnlr.ro\/en\/wp-json\/wp\/v2\/comments?post=30065"}],"version-history":[{"count":4,"href":"https:\/\/mnlr.ro\/en\/wp-json\/wp\/v2\/posts\/30065\/revisions"}],"predecessor-version":[{"id":30297,"href":"https:\/\/mnlr.ro\/en\/wp-json\/wp\/v2\/posts\/30065\/revisions\/30297"}],"wp:featuredmedia":[{"embeddable":true,"href":"https:\/\/mnlr.ro\/en\/wp-json\/wp\/v2\/media\/30066"}],"wp:attachment":[{"href":"https:\/\/mnlr.ro\/en\/wp-json\/wp\/v2\/media?parent=30065"}],"wp:term":[{"taxonomy":"category","embeddable":true,"href":"https:\/\/mnlr.ro\/en\/wp-json\/wp\/v2\/categories?post=30065"},{"taxonomy":"post_tag","embeddable":true,"href":"https:\/\/mnlr.ro\/en\/wp-json\/wp\/v2\/tags?post=30065"}],"curies":[{"name":"wp","href":"https:\/\/api.w.org\/{rel}","templated":true}]}}