{"id":30120,"date":"2023-11-27T14:01:12","date_gmt":"2023-11-27T12:01:12","guid":{"rendered":"https:\/\/mnlr.ro\/?p=30120"},"modified":"2023-11-27T14:05:38","modified_gmt":"2023-11-27T12:05:38","slug":"casa-memoriala-anton-pann-va-fi-deschisa-publicului-incepand-de-miercuri-29-noiembrie-2023","status":"publish","type":"post","link":"https:\/\/mnlr.ro\/en\/casa-memoriala-anton-pann-va-fi-deschisa-publicului-incepand-de-miercuri-29-noiembrie-2023\/","title":{"rendered":"Casa Memorial\u0103 \u201eAnton Pann\u201d va fi deschis\u0103 publicului \u00eencep\u00e2nd de miercuri, 29 noiembrie 2023"},"content":{"rendered":"<p>\u00cen zilele de 30 noiembrie \u0219i 1 decembrie 2023, expozi\u021bia de baz\u0103 din Strada Nicolae Cre\u021bulescu 8, c\u00e2t \u0219i Casele Memoriale ale Muzeului Na\u021bional al Literaturii Rom\u00e2ne sunt \u00eenchise pentru public.<\/p>\n<p>Spa\u021biul expozi\u021bional din Calea Grivi\u021bei 64-66 este, de asemenea, \u00eenchis, \u00een perioada 30 noiembrie \u2013 3 decembrie 2023.<\/p>\n<p>\u00cencep\u00e2nd cu data de 2 decembrie, v\u0103 invit\u0103m s\u0103 (re)vizita\u021bi spa\u021biul expozi\u021bional din Str. Nicolae Cre\u021bulescu 8, precum \u0219i Casele Memoriale ale MNLR.<\/p>\n<p>&nbsp;<\/p>","protected":false},"excerpt":{"rendered":"<p>\u00cen zilele de 30 noiembrie \u0219i 1 decembrie 2023, expozi\u021bia de baz\u0103 din Strada Nicolae Cre\u021bulescu 8, c\u00e2t \u0219i Casele&#8230;<\/p>","protected":false},"author":13,"featured_media":30121,"comment_status":"closed","ping_status":"closed","sticky":false,"template":"","format":"standard","meta":{"_exactmetrics_skip_tracking":false,"_exactmetrics_sitenote_active":false,"_exactmetrics_sitenote_note":"","_exactmetrics_sitenote_category":0,"footnotes":""},"categories":[13],"tags":[],"class_list":["post-30120","post","type-post","status-publish","format-standard","has-post-thumbnail","hentry","category-anunturi"],"_links":{"self":[{"href":"https:\/\/mnlr.ro\/en\/wp-json\/wp\/v2\/posts\/30120","targetHints":{"allow":["GET"]}}],"collection":[{"href":"https:\/\/mnlr.ro\/en\/wp-json\/wp\/v2\/posts"}],"about":[{"href":"https:\/\/mnlr.ro\/en\/wp-json\/wp\/v2\/types\/post"}],"author":[{"embeddable":true,"href":"https:\/\/mnlr.ro\/en\/wp-json\/wp\/v2\/users\/13"}],"replies":[{"embeddable":true,"href":"https:\/\/mnlr.ro\/en\/wp-json\/wp\/v2\/comments?post=30120"}],"version-history":[{"count":2,"href":"https:\/\/mnlr.ro\/en\/wp-json\/wp\/v2\/posts\/30120\/revisions"}],"predecessor-version":[{"id":30123,"href":"https:\/\/mnlr.ro\/en\/wp-json\/wp\/v2\/posts\/30120\/revisions\/30123"}],"wp:featuredmedia":[{"embeddable":true,"href":"https:\/\/mnlr.ro\/en\/wp-json\/wp\/v2\/media\/30121"}],"wp:attachment":[{"href":"https:\/\/mnlr.ro\/en\/wp-json\/wp\/v2\/media?parent=30120"}],"wp:term":[{"taxonomy":"category","embeddable":true,"href":"https:\/\/mnlr.ro\/en\/wp-json\/wp\/v2\/categories?post=30120"},{"taxonomy":"post_tag","embeddable":true,"href":"https:\/\/mnlr.ro\/en\/wp-json\/wp\/v2\/tags?post=30120"}],"curies":[{"name":"wp","href":"https:\/\/api.w.org\/{rel}","templated":true}]}}