{"id":30137,"date":"2023-11-29T15:42:37","date_gmt":"2023-11-29T13:42:37","guid":{"rendered":"https:\/\/mnlr.ro\/?p=30137"},"modified":"2023-12-04T12:08:01","modified_gmt":"2023-12-04T10:08:01","slug":"expozitie-in-memoriam-i-fischer-1923-2002","status":"publish","type":"post","link":"https:\/\/mnlr.ro\/en\/expozitie-in-memoriam-i-fischer-1923-2002\/","title":{"rendered":"Expozi\u021bie in memoriam I. Fischer (1923-2002)"},"content":{"rendered":"<p>Cu prilejul centenarului na\u0219terii lingvistului, clasicistului, universitarului, istoricului literar \u0219i editorului I. [Iancu] Fischer (4 decembrie 1923 &#8211; 18 octombrie 2002), Muzeul Na\u021bional al Literaturii Rom\u00e2ne organizeaz\u0103, \u00eentre <strong>7<\/strong> \u0219i <strong>30 decembrie a.c.<\/strong>, o expozi\u021bie comemorativ\u0103 \u00een sala \u201eAl. Oprea\u201d a sediului din Calea Grivi\u021bei, nr. 64-66.<\/p>\n<p>Vernisajul va avea loc joi, <strong>7 decembrie 2023<\/strong>, de la <strong>ora 16.30<\/strong>.<\/p>\n<p>Vor lua cuv\u00e2ntul acad. Gheorghe Chivu (pre\u0219edintele Sec\u021biei de Filologie \u0219i Literatur\u0103 a Academiei Rom\u00e2niei), prof. univ. dr. Mihai Zamfir, prof. univ. dr. Andrei Cornea \u0219i prof. univ. dr. Ioan Cristescu (directorul Muzeului Na\u021bional al Literaturii Rom\u00e2ne).<\/p>\n<p>\u00cen vara acestui an, Muzeul Na\u021bional al Literaturii Rom\u00e2ne a intrat \u00een posesia unei p\u0103r\u021bi substan\u021biale a bibliotecii eminentului filolog, precum \u0219i a arhivei sale, care, dup\u0103 inventariere, vor alc\u0103tui Fondul \u201eI. Fischer\u201d. Expozi\u021bia aduce \u00een prim-plan manuscrise (fi\u0219e de lucru, cercet\u0103ri editologice, coresponden\u021b\u0103 primit\u0103 etc.), acte administrative (certificat de na\u0219tere, carnete de note, legitima\u021bii, diplome \u0219i alte documente), iconografie \u0219i c\u0103r\u021bi. Majoritatea volumelor recuperate din biblioteca lingvistului poart\u0103 semn\u0103tura de apartenen\u021b\u0103 a acestuia, fiind \u00eenso\u021bite \u0219i de data la care I. Fischer \u0219i le-a procurat ori i-au fost \u00eencredin\u021bate. De asemenea, c\u0103r\u021bile beneficiaz\u0103 de numerotare olograf\u0103, ceea ce denot\u0103 un ata\u0219ament bibliofil care nu l-a p\u0103r\u0103sit niciodat\u0103. C\u00e2teva dintre primele volume <em>catagrafiate<\/em> se vor reg\u0103si \u00een vitrinele expozi\u021biei, al\u0103turi de altele, cu dedica\u021bii primite de-a lungul timpului. Se cuvine s\u0103 preciz\u0103m c\u0103 biblioteca filologului ad\u0103postea o colec\u021bie multidisciplinar\u0103, \u00een mai multe limbi \u2013 german\u0103, francez\u0103, latin\u0103, greac\u0103, italian\u0103, englez\u0103, spaniol\u0103, rus\u0103 \u2013, dovad\u0103 a unei alese erudi\u021bii.<\/p>\n<p>Arhiva lui I. Fischer con\u021bine \u0219i m\u0103rturii ale pasiunii filologului pentru muzica clasic\u0103, de la partituri la programe \u0219i bilete la concerte simfonice \u0219i recitaluri, pe care vizitatorii le vor putea descoperi \u00eentr-un col\u021b rezervat melomanului. Un aspect mai pu\u021bin luminos al expozi\u021biei \u00eel reprezint\u0103 c\u00e2teva adeverin\u021be din anii 1942-1943 care dezv\u0103luie persecu\u021biile \u00eendurate, ca etnic evreu, de viitorul clasicist sub dictatura militar\u0103 antonescian\u0103, epoc\u0103 marcat\u0103 de pogromuri \u0219i deport\u0103ri, Rom\u00e2nia fiind anterior, pentru c\u00e2teva luni, stat na\u021bional-legionar (septembrie 1940-ianuarie 1941).<\/p>\n<p>N\u0103scut la Ia\u0219i, I. Fischer va urma studiile liceale \u0219i universitare la Bucure\u0219ti. La Liceul Teoretic Evreiesc l-a avut profesor pe reputatul lingvist Al. Graur, directorul respectivului colegiu. (Expozi\u021bia de la Muzeul Na\u021bional al Literaturii Rom\u00e2ne \u00eenf\u0103\u021bi\u0219eaz\u0103 inclusiv o dedica\u021bie afectuoas\u0103 oferit\u0103 de magistru elevului s\u0103u pe volumul <em>M\u00e9langes Linguistiques<\/em>, ap\u0103rut \u00een 1936: \u201eLui Fischer Iancu,\/ ca mul\u021bumire pentru\/ prezentarea frumoas\u0103\/ la examene\/ Al. Graur\u201d, exemplar semnat \u0219i datat \u201eI. Fischer\/ 19 Iunie 1942\u201d, titlul num\u0103rul 70 \u00een biblioteca personal\u0103.) \u00cen 1946, este licen\u021biat al Facult\u0103\u021bii de Filosofie \u0219i Litere, specialitatea Filologie clasic\u0103. Peste doi ani devine asistent universitar \u00een cadrul aceleia\u0219i institu\u021bii. A fost cercet\u0103tor la Institutul de Lingvistic\u0103 din Bucure\u0219ti, \u00a0\u0219ef de catedr\u0103 \u0219i decan al Facult\u0103\u021bii de Limbi Str\u0103ine a Universit\u0103\u021bii din Bucure\u0219ti.<\/p>\n<p>A \u00eengrijit mai multe edi\u021bii critice ale operelor lui Anton Pann \u0219i Grigore Alexandrescu. A publicat numeroase studii de specialitate \u00een periodice academice, articole \u00een enciclopedii, dic\u021bionare, tratate, lucr\u0103ri \u0219tiin\u021bifice din Rom\u00e2nia \u0219i din str\u0103in\u0103tate. Autor \u0219i coautor de manuale de limba latin\u0103 \u0219i cursuri universitare. A ob\u021binut Premiul \u201eTimotei Cipariu\u201d al Academiei R.S.R. pentru studiul <em>Latina dun\u0103rean\u0103. Introducere \u00een istoria limbii rom\u00e2ne<\/em> (1985).<\/p>\n<p>Au contribuit la realizarea expozi\u021biei: Ioan Cristescu (directorul Muzeului Na\u021bional al Literaturii Rom\u00e2ne), Eugenia Oprescu (\u0219ef Sec\u021bie Patrimoniu MNLR), Lumini\u021ba Corneanu, Iuliana Miu, Luana Stroe, Andreea Teliban, Alexandru Dumitriu, Vasile Gribincea (Biroul Editur\u0103 \u0219i Redac\u021bie), Daniela B\u0103bu, Monica Laz\u0103r, Mihaela Stanciu, Ani Udrea, Leonard Ful\u0103u (Sec\u021bia Patrimoniu).<\/p>\n<p>Grafic\u0103 afi\u0219: Cristina Milca.<\/p>\n","protected":false},"excerpt":{"rendered":"<p>Cu prilejul centenarului na\u0219terii lingvistului, clasicistului, universitarului, istoricului literar \u0219i editorului I. [Iancu] Fischer (4 decembrie 1923 &#8211; 18 octombrie&#8230;<\/p>\n","protected":false},"author":13,"featured_media":30176,"comment_status":"closed","ping_status":"closed","sticky":false,"template":"","format":"standard","meta":{"_exactmetrics_skip_tracking":false,"_exactmetrics_sitenote_active":false,"_exactmetrics_sitenote_note":"","_exactmetrics_sitenote_category":0,"footnotes":""},"categories":[9],"tags":[],"class_list":["post-30137","post","type-post","status-publish","format-standard","has-post-thumbnail","hentry","category-evenimente"],"_links":{"self":[{"href":"https:\/\/mnlr.ro\/en\/wp-json\/wp\/v2\/posts\/30137","targetHints":{"allow":["GET"]}}],"collection":[{"href":"https:\/\/mnlr.ro\/en\/wp-json\/wp\/v2\/posts"}],"about":[{"href":"https:\/\/mnlr.ro\/en\/wp-json\/wp\/v2\/types\/post"}],"author":[{"embeddable":true,"href":"https:\/\/mnlr.ro\/en\/wp-json\/wp\/v2\/users\/13"}],"replies":[{"embeddable":true,"href":"https:\/\/mnlr.ro\/en\/wp-json\/wp\/v2\/comments?post=30137"}],"version-history":[{"count":4,"href":"https:\/\/mnlr.ro\/en\/wp-json\/wp\/v2\/posts\/30137\/revisions"}],"predecessor-version":[{"id":30175,"href":"https:\/\/mnlr.ro\/en\/wp-json\/wp\/v2\/posts\/30137\/revisions\/30175"}],"wp:featuredmedia":[{"embeddable":true,"href":"https:\/\/mnlr.ro\/en\/wp-json\/wp\/v2\/media\/30176"}],"wp:attachment":[{"href":"https:\/\/mnlr.ro\/en\/wp-json\/wp\/v2\/media?parent=30137"}],"wp:term":[{"taxonomy":"category","embeddable":true,"href":"https:\/\/mnlr.ro\/en\/wp-json\/wp\/v2\/categories?post=30137"},{"taxonomy":"post_tag","embeddable":true,"href":"https:\/\/mnlr.ro\/en\/wp-json\/wp\/v2\/tags?post=30137"}],"curies":[{"name":"wp","href":"https:\/\/api.w.org\/{rel}","templated":true}]}}