{"id":30146,"date":"2023-11-29T16:59:20","date_gmt":"2023-11-29T14:59:20","guid":{"rendered":"https:\/\/mnlr.ro\/?p=30146"},"modified":"2023-11-29T18:27:40","modified_gmt":"2023-11-29T16:27:40","slug":"salvati-teoria-acum-atelier-performativ-de-teorie-critica-2","status":"publish","type":"post","link":"https:\/\/mnlr.ro\/en\/salvati-teoria-acum-atelier-performativ-de-teorie-critica-2\/","title":{"rendered":"Salva\u021bi teoria, acum!: Atelier performativ de teorie critic\u0103"},"content":{"rendered":"<p>Muzeul Na\u021bional al Literaturii Rom\u00e2ne organizeaz\u0103 vineri, \u00een data de <strong>8 decembrie 2023<\/strong>, ora <strong>18.00<\/strong>, la sediul s\u0103u din strada Nicolae Cre\u021bulescu 8, atelierul performativ de teorie critic\u0103<strong><em> Salva\u021bi teoria, acum!<\/em><\/strong><\/p>\n<p>Teoria critic\u0103 a \u00eenceput s\u0103-\u0219i piard\u0103 din valoare pe pia\u021ba cultural\u0103, fiind \u00eenlocuit\u0103 cu diverse forme de reflec\u021bie concentrate exclusiv asupra experien\u021bei personale \u0219i istoriei prezente. Lectura\/atelierul de fa\u021b\u0103 are ca inten\u021bie s\u0103 trag\u0103 un semnal de alarm\u0103 pentru a opri o locomotiv\u0103 a istoriei care pare s\u0103 mearg\u0103 \u00eentr-o direc\u021bie anti-intelectualist\u0103. Plec\u00e2nd de la o tradi\u021bie care leag\u0103 analiza capitalismului de structurile min\u021bii umane, un grup de g\u00e2nditori influen\u021bi \u00een studiile culturale a reu\u0219it s\u0103 formuleze teorii care surprind logica operei de art\u0103 (Walter Benjamin), critic\u0103 postmodernismul (Fredric Jameson), combin\u0103 analiza sexualit\u0103\u021bii cu aceea a economiei (Slavoj \u017di\u017eek), demonteaz\u0103 na\u021bionalismul (Jacqueline Rose) sau descrie \u201eanularea lent\u0103 a viitorului\u201d (Mark Fisher).<\/p>\n<p><em>Salva\u021bi teoria, acum<\/em>! dore\u0219te o re\u00eentoarcere la aceast\u0103 tradi\u021bie de g\u00e2ndire printr-un program de lectur\u0103 public\u0103\/discu\u021bii pe text. Programul va \u00eencepe printr-o citire a unor texte fundamentale, care se va transforma \u00een func\u021bie de r\u0103spuns \u00een atelier sau va continua ca lectur\u0103 sus\u021binut\u0103. \u00cencuraj\u0103m participan\u021bii s\u0103 \u00eentrerup\u0103 lectura \u0219i s\u0103 provoace o discu\u021bie legat\u0103 de subiectul discutat. Invitatul \u00ee\u0219i va alege propriul format prin care lectura va fi sus\u021binut\u0103 (de la proceduri dadaiste la comentarii voit provocatoare la adresa textelor). Interesul nostru este ca textul s\u0103 fie reluat \u00eentr-o manier\u0103 care \u00ee\u0219i dore\u0219te s\u0103 intervin\u0103 \u00een discu\u021biile actuale legate de exploatare, gen, \u0219ovinism, \u0219i diferitele apocalipse pe care le tr\u0103im.<\/p>\n<p>Dr. \u0218tefan Baghiu \u0219i Dr. Mihai Iov\u0103nel ne vor citi din\u00a0lucr\u0103rile lui Fredric Jameson.<\/p>\n<p>Lectura\/atelierul va continua la Muzeul Na\u021bional al Literaturii Rom\u00e2ne din Bucure\u0219ti, de la 18.00 la 20.00, \u00een zilele de 15 \u0219i 22 decembrie 2023. Proiectul \u00ee\u0219i propune crearea unui grup de cercetare care s\u0103 dezvolte temele teoriei critice \u00een discu\u021biile legate de film, jocuri video, teatru \u0219i alte forme de mediere cultural\u0103.<\/p>","protected":false},"excerpt":{"rendered":"<p>Muzeul Na\u021bional al Literaturii Rom\u00e2ne organizeaz\u0103 vineri, \u00een data de 8 decembrie 2023, ora 18.00, la sediul s\u0103u din strada&#8230;<\/p>","protected":false},"author":13,"featured_media":30147,"comment_status":"closed","ping_status":"closed","sticky":false,"template":"","format":"standard","meta":{"_exactmetrics_skip_tracking":false,"_exactmetrics_sitenote_active":false,"_exactmetrics_sitenote_note":"","_exactmetrics_sitenote_category":0,"footnotes":""},"categories":[9],"tags":[],"class_list":["post-30146","post","type-post","status-publish","format-standard","has-post-thumbnail","hentry","category-evenimente"],"_links":{"self":[{"href":"https:\/\/mnlr.ro\/en\/wp-json\/wp\/v2\/posts\/30146","targetHints":{"allow":["GET"]}}],"collection":[{"href":"https:\/\/mnlr.ro\/en\/wp-json\/wp\/v2\/posts"}],"about":[{"href":"https:\/\/mnlr.ro\/en\/wp-json\/wp\/v2\/types\/post"}],"author":[{"embeddable":true,"href":"https:\/\/mnlr.ro\/en\/wp-json\/wp\/v2\/users\/13"}],"replies":[{"embeddable":true,"href":"https:\/\/mnlr.ro\/en\/wp-json\/wp\/v2\/comments?post=30146"}],"version-history":[{"count":3,"href":"https:\/\/mnlr.ro\/en\/wp-json\/wp\/v2\/posts\/30146\/revisions"}],"predecessor-version":[{"id":30152,"href":"https:\/\/mnlr.ro\/en\/wp-json\/wp\/v2\/posts\/30146\/revisions\/30152"}],"wp:featuredmedia":[{"embeddable":true,"href":"https:\/\/mnlr.ro\/en\/wp-json\/wp\/v2\/media\/30147"}],"wp:attachment":[{"href":"https:\/\/mnlr.ro\/en\/wp-json\/wp\/v2\/media?parent=30146"}],"wp:term":[{"taxonomy":"category","embeddable":true,"href":"https:\/\/mnlr.ro\/en\/wp-json\/wp\/v2\/categories?post=30146"},{"taxonomy":"post_tag","embeddable":true,"href":"https:\/\/mnlr.ro\/en\/wp-json\/wp\/v2\/tags?post=30146"}],"curies":[{"name":"wp","href":"https:\/\/api.w.org\/{rel}","templated":true}]}}