{"id":30163,"date":"2023-12-03T11:00:01","date_gmt":"2023-12-03T09:00:01","guid":{"rendered":"https:\/\/mnlr.ro\/?p=30163"},"modified":"2023-12-02T18:54:41","modified_gmt":"2023-12-02T16:54:41","slug":"poezie-si-creatie-166-nora-iuga-si-loreta-popa","status":"publish","type":"post","link":"https:\/\/mnlr.ro\/en\/poezie-si-creatie-166-nora-iuga-si-loreta-popa\/","title":{"rendered":"\u201ePoezie \u0219i crea\u021bie\u201d #166 | Nora Iuga \u0219i Loreta Popa"},"content":{"rendered":"<p>Documentarul \u201eDe ce m\u0103 cheam\u0103 Nora, c\u00e2nd cerul meu e senin\u201d, regizat de Carla Teaha, a avut premiera \u00een cinematografe \u00een luna noiembrie, \u00een fapt, un reu\u0219it portret al poetei, scriitoarei \u0219i traduc\u0103toarei Nora Iuga.<\/p>\n<p>Prieten\u0103 a Muzeului Na\u021bional al Literaturii Rom\u00e2ne, nelipsit\u0103 de la Festivalul Interna\u021bional de Poezie Bucure\u0219ti \u0219i Festivalul Na\u021bional de Poezie \u201eGellu Naum\u201d, invitat\u0103 de onoare a multor lecturi publice, Nora Iuga, un vis pentru orice moderator care se respect\u0103 sau jurnalist care \u00ee\u0219i iube\u0219te profesia, a acceptat invita\u021bia la \u201ePoezie \u0219i crea\u021bie\u201d pentru a doua oar\u0103.<\/p>\n<p>\u201eAm visat o via\u021b\u0103 \u00eentreag\u0103, de c\u00e2nd eram feti\u021b\u0103, s\u0103 devin actri\u021b\u0103. Am picat la examen, pentru c\u0103 Radu Beligan a spus c\u0103 nu am dic\u021bie bun\u0103, dar eu am continuat s\u0103 visez la asta. Acum, la 92 de ani, apar \u00een acest film \u0219i simt c\u0103 mi-a fost \u00eendeplinit acest vis. Am devenit vedet\u0103 la v\u00e2rsta mea\u201d, spune Nora Iuga.<br \/>\nNora Iuga are marele har de a nu se repeta niciodat\u0103. A primit dou\u0103 ordine de merit cultural \u00een grad de comandor din partea fostului pre\u0219edinte al Germaniei, Joachim Gauk, \u0219i a actualului pre\u0219edinte al Rom\u00e2niei, Klaus Iohannis. Nora Iuga este pseudonimul literar al Eleonorei Almosnino, n\u0103scut\u0103 la 4 ianuarie 1931, la Bucure\u0219ti. Licen\u021biat\u0103 a Facult\u0103\u021bii de Filologie, specializarea Germanistic\u0103, Universitatea din Bucure\u0219ti (1953), i-a avut ca profesori pe Tudor Vianu \u0219i George C\u0103linescu. Profesoar\u0103 de limba german\u0103 \u00eentre 1954 \u0219i 1955. Lucreaz\u0103 ca bibliograf\u0103 la Biblioteca Central\u0103 de Stat, \u00een perioada 1955-1969. Din 1969 p\u00e2n\u0103 \u00een 1977, a fost redactor la Editura Enciclopedic\u0103. Ziarist\u0103 la ziarele de limba german\u0103 \u201eNeuer Weg\u201d \u0219i \u201eVolk und Kultur\u201d (1977-1986). Din 1971 este membr\u0103 a Uniunii Scriitorilor din Rom\u00e2nia \u0219i membr\u0103 PEN-Club. Din anul 2000 de\u021bine func\u021bii de conducere \u00een Uniunea Scriitorilor: secretar\u0103 a Sec\u021biei de Poezie (ini\u021biatoarea Cenaclului Uniunii Scriitorilor \u201eGellu Naum\u201d) \u00een perioada 1999 &#8211; 2002, membr\u0103 \u00een Consiliul de conducere a Uniunii Scriitorilor \u00een 2002, membr\u0103 \u00een Biroul Asocia\u021biei Scriitorilor din Bucure\u0219ti \u00een 2002.<\/p>\n<p>A participat la recitaluri, p\u00e2n\u0103 t\u00e2rziu, \u00een noapte, \u201eUNDERCLOUD &#8211; Festival de Teatru Independent de Orice\u201d este un bun exemplu. La Festivalul Interna\u021bional de Poezie Bucure\u0219ti \u0219i-a a\u0219teptat cuminte r\u00e2ndul, i-a ascultat pe to\u0163i ceilal\u0163i, a f\u0103cut observa\u0163ii, pe alocuri a obosit, uneori s-a plictisit, alteori a pl\u00e2ns sim\u021bind c\u0103 poezia va muri. A l\u0103udat, a dat sfaturi, apoi a citit din poezia proprie \u0219i a redevenit feti\u021ba care visa s\u0103 devin\u0103 actri\u021b\u0103, bucur\u00e2ndu-se de aplauzele audien\u021bei.<\/p>\n<p>\u201eMie mi se pare c\u0103 poezia nu poate s\u0103 fie dec\u00e2t un har divin. Este un dar suprem. Nu-l are toat\u0103 lumea \u0219i \u00eemi pare foarte r\u0103u, dar un dar divin nu poate s\u0103 fie angajat. \u00cel ai sau nu-l ai. Nu-l \u00eenve\u021bi. Nu te duci la nu \u0219tiu c\u00e2te \u0219coli s\u0103 \u00eenve\u021bi s\u0103 scrii poezie. E un fals \u00eengrozitor. Ce, cump\u0103r\u0103m Poezia? Eu am s\u0103 mor crez\u00e2nd orbe\u0219te \u00een chestia asta \u0219i sper c\u0103 nu se va pierde acest lucru. Poezia este cel mai pur instinct. Mi-e fric\u0103 de ce se \u00eent\u00e2mpl\u0103 acum&#8230;\u201d, afirm\u0103 Nora Iuga.<\/p>\n<p>Credit foto: Dan Marinescu<br \/>\nFilmare \u0219i montaj: Dan Marinescu<br \/>\nProiect coordonat \u0219i realizat de Loreta Popa<\/p>\n<p>Viziona\u021bi \u201ePoezie \u0219i crea\u021bie\u201d aici:<\/p>\n<p><iframe loading=\"lazy\" title=\"Poezie \u0219i crea\u021bie - Nora Iuga\" width=\"500\" height=\"281\" src=\"https:\/\/www.youtube.com\/embed\/IPsZaq1xGp4?feature=oembed\" frameborder=\"0\" allow=\"accelerometer; autoplay; clipboard-write; encrypted-media; gyroscope; picture-in-picture; web-share\" referrerpolicy=\"strict-origin-when-cross-origin\" allowfullscreen><\/iframe><\/p>","protected":false},"excerpt":{"rendered":"<p>Documentarul \u201eDe ce m\u0103 cheam\u0103 Nora, c\u00e2nd cerul meu e senin\u201d, regizat de Carla Teaha, a avut premiera \u00een cinematografe&#8230;<\/p>","protected":false},"author":11,"featured_media":30164,"comment_status":"closed","ping_status":"closed","sticky":false,"template":"","format":"standard","meta":{"_exactmetrics_skip_tracking":false,"_exactmetrics_sitenote_active":false,"_exactmetrics_sitenote_note":"","_exactmetrics_sitenote_category":0,"footnotes":""},"categories":[9,52],"tags":[],"class_list":["post-30163","post","type-post","status-publish","format-standard","has-post-thumbnail","hentry","category-evenimente","category-evenimente-on-line"],"_links":{"self":[{"href":"https:\/\/mnlr.ro\/en\/wp-json\/wp\/v2\/posts\/30163","targetHints":{"allow":["GET"]}}],"collection":[{"href":"https:\/\/mnlr.ro\/en\/wp-json\/wp\/v2\/posts"}],"about":[{"href":"https:\/\/mnlr.ro\/en\/wp-json\/wp\/v2\/types\/post"}],"author":[{"embeddable":true,"href":"https:\/\/mnlr.ro\/en\/wp-json\/wp\/v2\/users\/11"}],"replies":[{"embeddable":true,"href":"https:\/\/mnlr.ro\/en\/wp-json\/wp\/v2\/comments?post=30163"}],"version-history":[{"count":1,"href":"https:\/\/mnlr.ro\/en\/wp-json\/wp\/v2\/posts\/30163\/revisions"}],"predecessor-version":[{"id":30173,"href":"https:\/\/mnlr.ro\/en\/wp-json\/wp\/v2\/posts\/30163\/revisions\/30173"}],"wp:featuredmedia":[{"embeddable":true,"href":"https:\/\/mnlr.ro\/en\/wp-json\/wp\/v2\/media\/30164"}],"wp:attachment":[{"href":"https:\/\/mnlr.ro\/en\/wp-json\/wp\/v2\/media?parent=30163"}],"wp:term":[{"taxonomy":"category","embeddable":true,"href":"https:\/\/mnlr.ro\/en\/wp-json\/wp\/v2\/categories?post=30163"},{"taxonomy":"post_tag","embeddable":true,"href":"https:\/\/mnlr.ro\/en\/wp-json\/wp\/v2\/tags?post=30163"}],"curies":[{"name":"wp","href":"https:\/\/api.w.org\/{rel}","templated":true}]}}