{"id":30530,"date":"2024-01-19T11:45:08","date_gmt":"2024-01-19T09:45:08","guid":{"rendered":"https:\/\/mnlr.ro\/?p=30530"},"modified":"2024-01-19T13:33:45","modified_gmt":"2024-01-19T11:33:45","slug":"fictiunea-de-joi-inceput-si-final","status":"publish","type":"post","link":"https:\/\/mnlr.ro\/en\/fictiunea-de-joi-inceput-si-final\/","title":{"rendered":"Fic\u021biunea de joi | \u00cenceput \u0219i final"},"content":{"rendered":"<p>La Muzeul Na\u021bional al Literaturii Rom\u00e2ne va avea loc <strong>joi, 25 ianuarie 2024, ora 18.30<\/strong>, sediul din strada Nicolae Cre\u021bulescu 8, un dialog \u00eentre poeta Ligia P\u00e2rvulescu \u2013 \u0219i regizoarea Victoria Baltag, \u00een cadrul proiectului \u201eFic\u021biunea de joi. \u00cenceput \u0219i Final\u201d.<\/p>\n<p>Proiectul\u00a0<em>Fic\u021biunea de joi<\/em>\u00a0\u00ee\u0219i propune s\u0103 aduc\u0103 \u00een dialog genera\u021bii diferite \u0219i arti\u0219ti care contribuie, chiar \u0219i tangen\u021bial, la un construct artistic: creatori tineri, afla\u021bi la debut, \u0219i creatori recent consacra\u021bi, creatori afla\u021bi la final de carier\u0103, scriitori, arti\u0219ti plastici, arti\u0219ti din audio-vizual, oameni preocupa\u021bi de poveste, de crea\u021bie.<strong>\u00a0<\/strong><\/p>\n<p>Trecem printr-o schimbare general\u0103: de mentalitate, de comunicare social\u0103, de exprimare artistic\u0103. Doar schimbul de experien\u021be &amp; idei poate s\u0103 contribuie cu adev\u0103rat la na\u0219terea noului canon estetic. Muzeul Na\u021bional al Literaturii Rom\u00e2ne din Bucure\u0219ti pune bazele unui club pentru to\u021bi cei care vor s\u0103 contribuie la noua poetic\u0103.<\/p>\n<p>\u00cent\u00e2lnirile au o tem\u0103 legat\u0103 de fic\u021biune: viziuni, tehnici, experien\u021be, mesaje.\u00a0\u00cen centrul \u00eent\u00e2lnirii se afl\u0103 un dialog \u00eentre arti\u0219ti din domenii diferite, completat\/\u00eentrerupt\/stimulat de public.<\/p>\n<p>Evenimentul are loc \u00een fiecare joi, ora 19.00, la sediul MNLR din strada Nicolae Cre\u021bulescu 8.<\/p>\n<p>Organizatori: revista\u00a0<em>Fic\u021biunea,<\/em> MNLR<\/p>","protected":false},"excerpt":{"rendered":"<p>La Muzeul Na\u021bional al Literaturii Rom\u00e2ne va avea loc joi, 25 ianuarie 2024, ora 18.30, sediul din strada Nicolae Cre\u021bulescu&#8230;<\/p>","protected":false},"author":13,"featured_media":30531,"comment_status":"closed","ping_status":"closed","sticky":false,"template":"","format":"standard","meta":{"_exactmetrics_skip_tracking":false,"_exactmetrics_sitenote_active":false,"_exactmetrics_sitenote_note":"","_exactmetrics_sitenote_category":0,"footnotes":""},"categories":[9],"tags":[],"class_list":["post-30530","post","type-post","status-publish","format-standard","has-post-thumbnail","hentry","category-evenimente"],"_links":{"self":[{"href":"https:\/\/mnlr.ro\/en\/wp-json\/wp\/v2\/posts\/30530","targetHints":{"allow":["GET"]}}],"collection":[{"href":"https:\/\/mnlr.ro\/en\/wp-json\/wp\/v2\/posts"}],"about":[{"href":"https:\/\/mnlr.ro\/en\/wp-json\/wp\/v2\/types\/post"}],"author":[{"embeddable":true,"href":"https:\/\/mnlr.ro\/en\/wp-json\/wp\/v2\/users\/13"}],"replies":[{"embeddable":true,"href":"https:\/\/mnlr.ro\/en\/wp-json\/wp\/v2\/comments?post=30530"}],"version-history":[{"count":3,"href":"https:\/\/mnlr.ro\/en\/wp-json\/wp\/v2\/posts\/30530\/revisions"}],"predecessor-version":[{"id":30546,"href":"https:\/\/mnlr.ro\/en\/wp-json\/wp\/v2\/posts\/30530\/revisions\/30546"}],"wp:featuredmedia":[{"embeddable":true,"href":"https:\/\/mnlr.ro\/en\/wp-json\/wp\/v2\/media\/30531"}],"wp:attachment":[{"href":"https:\/\/mnlr.ro\/en\/wp-json\/wp\/v2\/media?parent=30530"}],"wp:term":[{"taxonomy":"category","embeddable":true,"href":"https:\/\/mnlr.ro\/en\/wp-json\/wp\/v2\/categories?post=30530"},{"taxonomy":"post_tag","embeddable":true,"href":"https:\/\/mnlr.ro\/en\/wp-json\/wp\/v2\/tags?post=30530"}],"curies":[{"name":"wp","href":"https:\/\/api.w.org\/{rel}","templated":true}]}}