{"id":30541,"date":"2024-01-19T12:30:52","date_gmt":"2024-01-19T10:30:52","guid":{"rendered":"https:\/\/mnlr.ro\/?p=30541"},"modified":"2024-01-21T15:42:50","modified_gmt":"2024-01-21T13:42:50","slug":"lansarea-numarului-20-al-revistei-albanica","status":"publish","type":"post","link":"https:\/\/mnlr.ro\/en\/lansarea-numarului-20-al-revistei-albanica\/","title":{"rendered":"Lansarea num\u0103rului 20 al revistei \u201eAlbanica\u201d"},"content":{"rendered":"<p><strong>Mar\u021bi,\u00a0<\/strong><strong>23 ianuarie\u00a0<\/strong><strong>2024,\u00a0<\/strong><strong>ora 17.00<\/strong>, la Muzeul Na\u021bional al Literaturii Rom\u00e2ne, \u00een Sala Perpessicius, str. Nicolae Cre\u021bulescu 8, va avea loc lansarea num\u0103rului 20 al revistei cultural-\u0219tiin\u021bifice trimestriale \u201eAlbanica\u201d.<\/p>\n<p>Num\u0103rul 20 al revistei cultural-\u0219tiin\u021bifice trimestriale \u201eAlbanica\u201d este un num\u0103r aniversar, care marcheaz\u0103 peste cinci ani de munc\u0103 de preg\u0103tire \u0219i publicare a sute de studii, articole \u0219i texte literare. Istoria, cultura \u0219i civiliza\u021bia albanez\u0103 constituie reperele pe care le au urm\u0103rit cu prec\u0103dere semnatarii articolelor din aceast\u0103 revist\u0103.<\/p>\n<p>Vor lua cuv\u00e2ntul: deputatul Bogdan-Alin Stoica, r<em>eprezentant al minorit\u0103\u0163ii<\/em>\u00a0albaneze,\u00a0dr. Radu-Cosmin S\u0103vulescu (director, pre\u0219edintele ALAR), dr. Liviu Lungu (redactor-\u0219ef adjunct), scriitorul Mihai Firic\u0103, scriitorul Marius Chelaru, dr. Luan Topciu (redactor-\u0219ef, coordonatorul Centrului Cultural Albanez al ALAR).<\/p>\n<p>Num\u0103rul 20 include o selec\u021bie de texte reprezentative ap\u0103rute \u00een paginile primelor 19 numere ale revistei. Printre autorii materialelor se num\u0103r\u0103 savan\u021bi rom\u00e2ni \u0219i albanezi consacra\u021bi, cercet\u0103tori contemporani, nume importante ale literaturii rom\u00e2ne \u0219i albaneze. Nicolae Iorga, Faik Konitza, Paul H. Stahl, Simon Sebag Montefiore, Liviu Lungu, Marius Chelaru, Eqrem \u00c7abej, Gr. Br\u00e2ncu\u0219, Radu-Cosmin S\u0103vulescu, Ismail Kadare, Ernesto Sabato, Visar Zhiti,\u00a0\u00a0Gjon Mili, Stefan Zweig, Luan Topciu, Mihai Eminescu, Lasgush Poradeci, Migjeni,\u00a0\u00a0Lucian Blaga, Maica Tereza, Nicolae Labi\u0219, Fatos Arapi, Marin Sorescu, Martin Camaj, Nichita St\u0103nescu, Cezar Iv\u0103nescu, Bardhyl Londo, Visar Zhiti, Ana Blandiana, Luljeta Lleshnaku, Octavian Soviany, Ilirian Zhupa, Xhevdet Bajraj, Linda Maria Baros, Victor Eftimiu, Gise\u0300le Vanhese, Adrian Lesenciuc, Luan Starova.<\/p>\n<p>Reg\u0103sim, de asemenea, ilustra\u021bii de Gjelosh Gjokaj, Omer Kaleshi, Ioan Atanasiu Delamare, Marcel Chirnoag\u0103, Naxhi Bakalli, Dan Erceanu, Gentian Zeka, Anastas Kostandini, Aurel Acasandrei, Petru Aru\u0219tei, Corneliu Baba, Ibrahim Kodra, Rexhep Ferri, Adurrahim Buza, Edward Cre\u021bescu, Francisc \u0218irato, Marcel Iancu.<\/p>\n<p>Revista \u201eAlbanica\u201d este condus\u0103 de dr. Radu-Cosmin S\u0103vulescu (director, pre\u0219edintele ALAR), dr. Luan Topciu (redactor-\u0219ef, coordonatorul Centrului Cultural Albanez al ALAR), dr. Liviu Lungu (redactor-\u0219ef adjunct); secretar de redac\u021bie: Clara Aru\u0219tei. Din colegiul de redac\u021bie fac parte dr. Erion Piciri (Albania), dr. Gustavo-Adolfo Loria-Rivel, dr. Renata Melonashi, dr. Daniela Stoica (Albania) \u0219i dr. Neli Na\u00e7o (Albania).<\/p>\n<p>Publica\u021bia apare cu sprijinul Guvernului Rom\u00e2niei, acordat organiza\u021biilor cet\u0103\u021benilor apar\u021bin\u00e2nd minorit\u0103\u021bilor na\u021bionale.<\/p>","protected":false},"excerpt":{"rendered":"<p>Mar\u021bi,\u00a023 ianuarie\u00a02024,\u00a0ora 17.00, la Muzeul Na\u021bional al Literaturii Rom\u00e2ne, \u00een Sala Perpessicius, str. Nicolae Cre\u021bulescu 8, va avea loc lansarea&#8230;<\/p>","protected":false},"author":13,"featured_media":30542,"comment_status":"closed","ping_status":"closed","sticky":false,"template":"","format":"standard","meta":{"_exactmetrics_skip_tracking":false,"_exactmetrics_sitenote_active":false,"_exactmetrics_sitenote_note":"","_exactmetrics_sitenote_category":0,"footnotes":""},"categories":[9],"tags":[],"class_list":["post-30541","post","type-post","status-publish","format-standard","has-post-thumbnail","hentry","category-evenimente"],"_links":{"self":[{"href":"https:\/\/mnlr.ro\/en\/wp-json\/wp\/v2\/posts\/30541","targetHints":{"allow":["GET"]}}],"collection":[{"href":"https:\/\/mnlr.ro\/en\/wp-json\/wp\/v2\/posts"}],"about":[{"href":"https:\/\/mnlr.ro\/en\/wp-json\/wp\/v2\/types\/post"}],"author":[{"embeddable":true,"href":"https:\/\/mnlr.ro\/en\/wp-json\/wp\/v2\/users\/13"}],"replies":[{"embeddable":true,"href":"https:\/\/mnlr.ro\/en\/wp-json\/wp\/v2\/comments?post=30541"}],"version-history":[{"count":4,"href":"https:\/\/mnlr.ro\/en\/wp-json\/wp\/v2\/posts\/30541\/revisions"}],"predecessor-version":[{"id":30556,"href":"https:\/\/mnlr.ro\/en\/wp-json\/wp\/v2\/posts\/30541\/revisions\/30556"}],"wp:featuredmedia":[{"embeddable":true,"href":"https:\/\/mnlr.ro\/en\/wp-json\/wp\/v2\/media\/30542"}],"wp:attachment":[{"href":"https:\/\/mnlr.ro\/en\/wp-json\/wp\/v2\/media?parent=30541"}],"wp:term":[{"taxonomy":"category","embeddable":true,"href":"https:\/\/mnlr.ro\/en\/wp-json\/wp\/v2\/categories?post=30541"},{"taxonomy":"post_tag","embeddable":true,"href":"https:\/\/mnlr.ro\/en\/wp-json\/wp\/v2\/tags?post=30541"}],"curies":[{"name":"wp","href":"https:\/\/api.w.org\/{rel}","templated":true}]}}