{"id":30549,"date":"2024-01-21T12:05:14","date_gmt":"2024-01-21T10:05:14","guid":{"rendered":"https:\/\/mnlr.ro\/?p=30549"},"modified":"2024-01-21T12:19:41","modified_gmt":"2024-01-21T10:19:41","slug":"sculptorul-vlad-ciobanu-s-a-stins-din-viata","status":"publish","type":"post","link":"https:\/\/mnlr.ro\/en\/sculptorul-vlad-ciobanu-s-a-stins-din-viata\/","title":{"rendered":"Sculptorul Vlad Ciobanu s-a stins din via\u021b\u0103"},"content":{"rendered":"<p>A plecat dintre noi unul dintre cei mai cunoscu\u0163i sculptori contemporani ai Rom\u00e2niei, Vlad Ciobanu, n\u0103scut \u00een Punge\u015fti, jude\u0163ul Vaslui, la 11 aprilie 1948. Spunea despre sine c\u0103 este un artist care nu a abdicat niciodat\u0103 de la valorile clasice. Nu \u0219i-a dorit de la \u00eenceput s\u0103 devin\u0103 sculptor, ci istoric sau arheolog. Era pasionat de istorie, dar pentru c\u0103 familia din care provenea era considerat\u0103 burghez\u0103, iar facult\u0103\u0163ile de istorie, filosofie \u015fi drept erau considerate ideologice, nu \u0219i-a \u00eenscris dosarul, greu de trecut cu vederea, dec\u00e2t la sculptur\u0103. A absolvit \u00een 1981 Institutul de Arte Plastice \u201eNicolae Grigorescu\u201d din Bucure\u015fti, fiind membru al Uniunii Arti\u015ftilor Plastici din Rom\u00e2nia. \u00cen 1982 a beneficiat de bursa Uniunii Arti\u015ftilor Plastici pentru Sculptur\u0103, iar \u00een 1991 de bursa acordat\u0103 de Funda\u0163ia European\u0103 pentru Rela\u0163ii Intelectuale Interna\u0163ionale, Paris.<\/p>\n<p>Din 1990, a predat la Catedra de ceramic\u0103 a Universit\u0103\u0163ii Na\u0163ionale de Arte Bucure\u015fti, \u00een calitate de lector. Vicepre\u015fedinte al Consiliului \u015etiin\u0163ific al Centrului de Cercetare, Documentare \u015fi Promovare \u201eConstantin Br\u00e2ncu\u015fi\u201d \u015fi membru fondator \u015fi vicepre\u015fedinte al Asocia\u0163iei culturale T\u0103t\u0103rescu, Vlad Ciobanu a ob\u021binut Premiul Concursului pentru Desen \u015fi Sculptur\u0103 \u201eAmici del Pomero\u201d, Milano, Italia. \u00cen 1999, a fost distins cu Premiul Uniunii Arti\u015ftilor Plastici pentru Art\u0103 Ambiental\u0103, an \u00een care a ob\u0163inut \u015fi Medalia de aur \u201eDantesca\u201d, la Ravenna, Italia. \u00cen anul 2004 a fost declarat cel mai bun sculptor rom\u00e2n. Peste un an, a luat Premiul Uniunii Arti\u015ftilor Plastici pentru Sculptur\u0103 (2005). A realizat o seam\u0103 de lucr\u0103ri la simpozioane na\u0163ionale \u015fi interna\u0163ionale: Hobi\u0163a, S\u0103li\u015fte, M\u0103gura, Bac\u0103u, Sighet, Ipote\u015fti, Negre\u015fti (Oa\u015f), Bor (Iugoslavia), Troian (Bulgaria), Usice (Serbia).<\/p>\n<p>Foarte bun orator, Vlad Ciobanu a participat la nenum\u0103rate \u00eent\u00e2lniri organizate de Muzeul Na\u021bional al Literaturii Rom\u00e2ne, iar cuv\u00e2ntul s\u0103u a at\u00e2rnat greu \u00een balan\u021b\u0103. A fost nelipsit de la evenimentele dedicate lui Nichita St\u0103nescu \u0219i Adam Puslojici, dar \u0219i Festivalul Interna\u021bional de Poezie Bucure\u0219ti. Creator autentic, sculptura nefiind \u00een sine o profesie, ci \u201eun mod de a fi\u201d, cum obi\u015fnuia s\u0103 spun\u0103, a realizat monumentele \u201eEroul Necunoscut\u201d, Alexandria, \u201eRegele Ferdinand\u201d, Alba Iulia, \u0219i \u201eDimitrie Cantemir\u201d, One\u015fti.<\/p>\n<p>Vlad Ciobanu a fost coordonator \u015fi curator al Simpozionului Interna\u0163ional de Sculptur\u0103 \u201eAtelierele Br\u00e2ncu\u015fi\u201d de la T\u00e2rgu Jiu, edi\u0163iile 2005, 2015, 2016, 2017, 2018, 2019, 2020, 2021. A scris numeroase articole, comunic\u0103ri \u015fi eseuri despre Br\u00e2ncu\u015fi \u00een publica\u0163iile \u201eAcademica\u201d, \u201eBr\u00e2ncu\u015fi\u201d, \u201eVia\u0163a Rom\u00e2neasc\u0103\u201d, \u201eRom\u00e2nia Literar\u0103\u201d, \u201eConfesiuni\u201d. \u00cen anul 2021, cu ocazia Colocviilor Br\u00e2ncu\u015fi, 145 de ani de la na\u015fterea marelui sculptor, Vlad Ciobanu a primit, la T\u00e2rgu Jiu, Premiul \u201eRestitutio. Br\u00e2ncu\u015fi\u201d al Asocia\u0163iei cultural-istorice Pleniceanu, premiu oferit anual celor care prin activitatea lor contribuie la popularizarea operelor \u015fi personalit\u0103\u0163ii sculptorului na\u0163ional.<\/p>\n<p>Dumnezeu s\u0103-l odihneasc\u0103 \u00een pace!<\/p>\n<p>Credit foto: Dan Vatamaniuc<\/p>","protected":false},"excerpt":{"rendered":"<p>A plecat dintre noi unul dintre cei mai cunoscu\u0163i sculptori contemporani ai Rom\u00e2niei, Vlad Ciobanu, n\u0103scut \u00een Punge\u015fti, jude\u0163ul Vaslui,&#8230;<\/p>","protected":false},"author":11,"featured_media":30550,"comment_status":"closed","ping_status":"closed","sticky":false,"template":"","format":"standard","meta":{"_exactmetrics_skip_tracking":false,"_exactmetrics_sitenote_active":false,"_exactmetrics_sitenote_note":"","_exactmetrics_sitenote_category":0,"footnotes":""},"categories":[9],"tags":[],"class_list":["post-30549","post","type-post","status-publish","format-standard","has-post-thumbnail","hentry","category-evenimente"],"_links":{"self":[{"href":"https:\/\/mnlr.ro\/en\/wp-json\/wp\/v2\/posts\/30549","targetHints":{"allow":["GET"]}}],"collection":[{"href":"https:\/\/mnlr.ro\/en\/wp-json\/wp\/v2\/posts"}],"about":[{"href":"https:\/\/mnlr.ro\/en\/wp-json\/wp\/v2\/types\/post"}],"author":[{"embeddable":true,"href":"https:\/\/mnlr.ro\/en\/wp-json\/wp\/v2\/users\/11"}],"replies":[{"embeddable":true,"href":"https:\/\/mnlr.ro\/en\/wp-json\/wp\/v2\/comments?post=30549"}],"version-history":[{"count":4,"href":"https:\/\/mnlr.ro\/en\/wp-json\/wp\/v2\/posts\/30549\/revisions"}],"predecessor-version":[{"id":30554,"href":"https:\/\/mnlr.ro\/en\/wp-json\/wp\/v2\/posts\/30549\/revisions\/30554"}],"wp:featuredmedia":[{"embeddable":true,"href":"https:\/\/mnlr.ro\/en\/wp-json\/wp\/v2\/media\/30550"}],"wp:attachment":[{"href":"https:\/\/mnlr.ro\/en\/wp-json\/wp\/v2\/media?parent=30549"}],"wp:term":[{"taxonomy":"category","embeddable":true,"href":"https:\/\/mnlr.ro\/en\/wp-json\/wp\/v2\/categories?post=30549"},{"taxonomy":"post_tag","embeddable":true,"href":"https:\/\/mnlr.ro\/en\/wp-json\/wp\/v2\/tags?post=30549"}],"curies":[{"name":"wp","href":"https:\/\/api.w.org\/{rel}","templated":true}]}}