{"id":30901,"date":"2024-03-10T12:31:44","date_gmt":"2024-03-10T10:31:44","guid":{"rendered":"https:\/\/mnlr.ro\/?p=30901"},"modified":"2024-03-14T23:29:20","modified_gmt":"2024-03-14T21:29:20","slug":"lansarea-editiei-opere-leonid-dimov-editura-stiinta-2023","status":"publish","type":"post","link":"https:\/\/mnlr.ro\/en\/lansarea-editiei-opere-leonid-dimov-editura-stiinta-2023\/","title":{"rendered":"Lansarea edi\u021biei \u201eOpere\u201d Leonid Dimov (Editura \u0218tiin\u021ba, 2023)"},"content":{"rendered":"<p>Muzeul Na\u021bional al Literaturii Rom\u00e2ne \u0219i Editura \u0218tiin\u021ba v\u0103 invit\u0103 mar\u021bi, 12 martie 2024, ora 18.00, la prezentarea primei edi\u021bii critice a scrierilor lui Leonid Dimov.<\/p>\n<p>Evenimentul va avea loc la sediul MNLR din strada Nicolae Cre\u021bulescu 8 \u0219i \u00eei va avea ca invita\u021bi pe Liviu Papadima, R\u0103zvan Voncu, Lumini\u021ba Corneanu, Dan Gulea, pe \u00eengrijitorii edi\u021biei \u2013 Ion Bogdan Lefter, Alexandru Dumitriu \u0219i Andreea Teliban, \u0219i pe directorul Editurii \u0218tiin\u021ba, Gheorghe Prini. Amfitrion: Ioan Cristescu<\/p>\n<p>Edi\u021bia de \u201eOpere\u201d Leonid Dimov (Editura \u0218tiin\u021ba, 2023) reprezint\u0103 prima edi\u021bie critic\u0103 a scrierilor poetului oniric \u0219i, totodat\u0103, prima care se extinde, dincolo de opera poetic\u0103, asupra celorlalte genuri literare vizate de autor. \u00cengrijit\u0103 de Ion Bogdan Lefter, Alexandru Dumitriu \u0219i Andreea Teliban, edi\u021bia este alc\u0103tuit\u0103 din dou\u0103 volume, \u00eenso\u021bite de un tabel cronologic, introduceri \u0219i \u201eNote, comentarii, variante\u201d.<\/p>\n<p>Volumul 1 al edi\u021biei include poezia, proza \u0219i dramaturgia lui Leonid Dimov. Sec\u021biunea de \u201ePoezie\u201d, care ocup\u0103 cea mai consistent\u0103 parte, cuprinde integral volumele antume \u0219i o subsec\u021biune final\u0103 \u201eDin periodice\u201d: poeme publicate de autor \u0219i nereluate \u00een volume. Aceast\u0103 mare sec\u021biune poetic\u0103 e succedat\u0103 de \u201eProz\u0103\u201d, care reune\u0219te 11 texte scurte \u0219i foarte scurte tip\u0103rite \u00een presa cultural\u0103, \u0219i de \u201eDramaturgie\u201d, cu dou\u0103 piese de teatru.<\/p>\n<p>Volumul 2 \u00eenglobeaz\u0103 o gam\u0103 larg\u0103 de produc\u021bii literare: articole, cronici, eseuri, analize, comentarii literare, note, tablete, interviuri, anchete, confesiuni, medalioane, medita\u021bii, \u00eensemn\u0103ri, toate \u021bin\u00e2nd, \u00een general, de ziaristic\u0103 sau, mai precis, de frontiera dintre literatur\u0103 \u0219i gazet\u0103rie. Volumul 2 are trei compartimente mari: \u201eCronici, eseuri, analize, comentarii literare\u201d, \u201eInterviuri\u201d \u0219i \u201eVaria\u201d. Adunat\u0103 \u00een premier\u0103 \u00eentre copertele unei lucr\u0103ri (aproape \u00een integralitatea ei), publicistica lui Leonid Dimov relev\u0103 multiplele elanuri \u0219i curiozit\u0103\u021bi ale scriitorului, dezv\u0103luind o fa\u021bet\u0103 \u00een bun\u0103 m\u0103sur\u0103 insolit\u0103 a operei sale.<\/p>\n<p>Intrarea este liber\u0103, \u00een limita locurilor disponibile.<\/p>\n<p>V\u0103 a\u0219tept\u0103m cu drag!<\/p>\n<p>Filmare \u0219i montaj: Alex Ursu<\/p>\n<p>Credit foto: Dan Marinescu<\/p>\n<p><iframe loading=\"lazy\" title=\"LANSAREA EDI\u021aIEI \u201eOPERE\u201d LEONID DIMOV (EDITURA \u0218TIIN\u021aA, 2023)\" width=\"500\" height=\"281\" src=\"https:\/\/www.youtube.com\/embed\/IbfmOFberHE?feature=oembed\" frameborder=\"0\" allow=\"accelerometer; autoplay; clipboard-write; encrypted-media; gyroscope; picture-in-picture; web-share\" referrerpolicy=\"strict-origin-when-cross-origin\" allowfullscreen><\/iframe><\/p>","protected":false},"excerpt":{"rendered":"<p>Muzeul Na\u021bional al Literaturii Rom\u00e2ne \u0219i Editura \u0218tiin\u021ba v\u0103 invit\u0103 mar\u021bi, 12 martie 2024, ora 18.00, la prezentarea primei edi\u021bii&#8230;<\/p>","protected":false},"author":11,"featured_media":30902,"comment_status":"closed","ping_status":"closed","sticky":false,"template":"","format":"standard","meta":{"_exactmetrics_skip_tracking":false,"_exactmetrics_sitenote_active":false,"_exactmetrics_sitenote_note":"","_exactmetrics_sitenote_category":0,"footnotes":""},"categories":[9,21],"tags":[],"class_list":["post-30901","post","type-post","status-publish","format-standard","has-post-thumbnail","hentry","category-evenimente","category-lansari-de-carte"],"_links":{"self":[{"href":"https:\/\/mnlr.ro\/en\/wp-json\/wp\/v2\/posts\/30901","targetHints":{"allow":["GET"]}}],"collection":[{"href":"https:\/\/mnlr.ro\/en\/wp-json\/wp\/v2\/posts"}],"about":[{"href":"https:\/\/mnlr.ro\/en\/wp-json\/wp\/v2\/types\/post"}],"author":[{"embeddable":true,"href":"https:\/\/mnlr.ro\/en\/wp-json\/wp\/v2\/users\/11"}],"replies":[{"embeddable":true,"href":"https:\/\/mnlr.ro\/en\/wp-json\/wp\/v2\/comments?post=30901"}],"version-history":[{"count":3,"href":"https:\/\/mnlr.ro\/en\/wp-json\/wp\/v2\/posts\/30901\/revisions"}],"predecessor-version":[{"id":30975,"href":"https:\/\/mnlr.ro\/en\/wp-json\/wp\/v2\/posts\/30901\/revisions\/30975"}],"wp:featuredmedia":[{"embeddable":true,"href":"https:\/\/mnlr.ro\/en\/wp-json\/wp\/v2\/media\/30902"}],"wp:attachment":[{"href":"https:\/\/mnlr.ro\/en\/wp-json\/wp\/v2\/media?parent=30901"}],"wp:term":[{"taxonomy":"category","embeddable":true,"href":"https:\/\/mnlr.ro\/en\/wp-json\/wp\/v2\/categories?post=30901"},{"taxonomy":"post_tag","embeddable":true,"href":"https:\/\/mnlr.ro\/en\/wp-json\/wp\/v2\/tags?post=30901"}],"curies":[{"name":"wp","href":"https:\/\/api.w.org\/{rel}","templated":true}]}}