{"id":31199,"date":"2024-04-03T16:10:15","date_gmt":"2024-04-03T13:10:15","guid":{"rendered":"https:\/\/mnlr.ro\/?p=31199"},"modified":"2024-04-09T11:50:59","modified_gmt":"2024-04-09T08:50:59","slug":"fictiunea-de-joi-3","status":"publish","type":"post","link":"https:\/\/mnlr.ro\/en\/fictiunea-de-joi-3\/","title":{"rendered":"Fic\u021biunea de joi"},"content":{"rendered":"<p>Muzeul Na\u021bional al Literaturii Rom\u00e2ne g\u0103zduie\u0219te joi, 11 aprilie 2024, ora 18.30, la sediul s\u0103u din strada Nicolae Cre\u021bulescu 8, dezbaterea cu tema: \u201eSubiecte la mod\u0103\u201d, organizat\u0103 de revista Fic\u021biunea &amp; MNLR, \u00een cadrul proiectului \u201eFic\u021biunea de joi\u201d.<\/p>\n<p>Invita\u021bi: Anamaria \u0218imon \u0219i Florin Sp\u0103taru<\/p>\n<p>Moderator: Narcis Amariei<\/p>\n<p>Proiectul \u201eFic\u021biunea de joi\u201d \u00ee\u0219i propune s\u0103 aduc\u0103 \u00een dialog genera\u021bii diferite \u0219i arti\u0219ti care contribuie, chiar \u0219i tangen\u021bial, la un construct artistic. Fiecare edi\u021bie are o tem\u0103 legat\u0103 de fic\u021biune: viziuni, tehnici, experien\u021be, mesaje. \u00cen centrul \u00eent\u00e2lnirii se afl\u0103 un dialog \u00eentre arti\u0219ti din domenii diferite, completat\/\u00eentrerupt\/stimulat de public.<\/p>\n<p>Trecem printr-o schimbare general\u0103: de mentalitate, de comunicare social\u0103, de exprimare artistic\u0103. Muzeul Na\u021bional al Literaturii Rom\u00e2ne din Bucure\u0219ti pune bazele unui club pentru to\u021bi cei care vor s\u0103 descopere \u0219i s\u0103 comenteze (i)realit\u0103\u021bile \u0219i fic\u021biunile din cultura rom\u00e2n\u0103 vie. Proiectul are loc \u00een fiecare lun\u0103, \u00eentr-o zi de joi, la ora 18.30, \u00een Ceain\u0103ria muzeului.<\/p>\n<p><strong>Ana Maria \u0218imon<\/strong>, jurnalist cu 20 de ani de experien\u021b\u0103 \u00een domeniul revistelor de celebrit\u0103\u021bi, este absolventa Universit\u0103\u021bii MEDIA PRO, \u0219ef\u0103 de promo\u021bie, \u0219i a Facult\u0103\u021bii de \u0218tiin\u021be Politice din cadrul SNSPA, promo\u021bia 2004. Cu un premiu pentru Tineri Inovatori, ob\u021binut la Cannes \u00een anul III de facultate, \u0219i cu dou\u0103 reviste lansate pe pia\u021ba media, \u201eAPROPO\u201c \u0219i \u201eOK! Rom\u00e2nia\u201c, plus sute de interviuri la activ cu personalit\u0103\u021bi din lumea artistic\u0103, sportiv\u0103, politic\u0103 \u0219i de afaceri, jurnalista \u0219i-a format un background solid \u00een domeniul presei de\u00a0<em>celebrity<\/em>, actualmente ocup\u00e2nd func\u021bia de redactor-\u0219ef adjunct al revistei \u201eOK! Rom\u00e2nia\u201c, una dintre cele 24 de \u021b\u0103ri \u00een care este editat\u0103 franciza OK!, cu sediul central la Londra.<\/p>\n<p><strong>Florin Sp\u0103taru<\/strong>\u00a0(n. 1983) a absolvit Facultatea de Limbi \u0219i Literaturi Str\u0103ine din cadrul Universit\u0103\u021bii din Bucure\u0219ti. A c\u00e2\u0219tigat concursuri literare \u00een Fran\u021ba \u0219i a fost publicat \u00een\u00a0\u201eNouvelle Quinzaine litt\u00e9raire\u201d\u00a0din Paris. A publicat \u00een revistele\u00a0\u201eArgos\u201d,\u00a0\u201eDilema Veche\u201d\u00a0\u0219i \u00een\u00a0\u201eRevista de povestiri\u201d. Romanul s\u0103u de debut este\u00a0\u201eGreier de topaz\u201d\u00a0(2022), nominalizat la\u00a0Premiile Fic\u021biunea. A mai publicat poeme \u0219i proz\u0103 scurt\u0103. Cel mai recent volum al s\u0103u este\u00a0\u201eViespea de pe limb\u0103\u201d\u00a0(2023), povestiri.<\/p>\n<p><strong>Narcis Amariei<\/strong>, absolvent al Universit\u0103\u021bii din Bucure\u0219ti, specializat prin master \u00een literatur\u0103 american\u0103, traduc\u0103tor \u0219i profesor, implicat \u00een numeroase evenimente culturale \u00een Marea Britanie \u0219i \u00een Spania, Narcis Amariei este \u0219i prozator. A debutat editorial cu proz\u0103 scurt\u0103 \u00een 2021, cu volumul \u201ePopic\u0103ria de piatr\u0103\u201d. Public\u0103 \u00een mod curent proz\u0103 \u0219i face parte din grupul Fic\u021biunea.<\/p>","protected":false},"excerpt":{"rendered":"<p>Muzeul Na\u021bional al Literaturii Rom\u00e2ne g\u0103zduie\u0219te joi, 11 aprilie 2024, ora 18.30, la sediul s\u0103u din strada Nicolae Cre\u021bulescu 8,&#8230;<\/p>","protected":false},"author":13,"featured_media":31200,"comment_status":"closed","ping_status":"closed","sticky":false,"template":"","format":"standard","meta":{"_exactmetrics_skip_tracking":false,"_exactmetrics_sitenote_active":false,"_exactmetrics_sitenote_note":"","_exactmetrics_sitenote_category":0,"footnotes":""},"categories":[9],"tags":[],"class_list":["post-31199","post","type-post","status-publish","format-standard","has-post-thumbnail","hentry","category-evenimente"],"_links":{"self":[{"href":"https:\/\/mnlr.ro\/en\/wp-json\/wp\/v2\/posts\/31199","targetHints":{"allow":["GET"]}}],"collection":[{"href":"https:\/\/mnlr.ro\/en\/wp-json\/wp\/v2\/posts"}],"about":[{"href":"https:\/\/mnlr.ro\/en\/wp-json\/wp\/v2\/types\/post"}],"author":[{"embeddable":true,"href":"https:\/\/mnlr.ro\/en\/wp-json\/wp\/v2\/users\/13"}],"replies":[{"embeddable":true,"href":"https:\/\/mnlr.ro\/en\/wp-json\/wp\/v2\/comments?post=31199"}],"version-history":[{"count":3,"href":"https:\/\/mnlr.ro\/en\/wp-json\/wp\/v2\/posts\/31199\/revisions"}],"predecessor-version":[{"id":31246,"href":"https:\/\/mnlr.ro\/en\/wp-json\/wp\/v2\/posts\/31199\/revisions\/31246"}],"wp:featuredmedia":[{"embeddable":true,"href":"https:\/\/mnlr.ro\/en\/wp-json\/wp\/v2\/media\/31200"}],"wp:attachment":[{"href":"https:\/\/mnlr.ro\/en\/wp-json\/wp\/v2\/media?parent=31199"}],"wp:term":[{"taxonomy":"category","embeddable":true,"href":"https:\/\/mnlr.ro\/en\/wp-json\/wp\/v2\/categories?post=31199"},{"taxonomy":"post_tag","embeddable":true,"href":"https:\/\/mnlr.ro\/en\/wp-json\/wp\/v2\/tags?post=31199"}],"curies":[{"name":"wp","href":"https:\/\/api.w.org\/{rel}","templated":true}]}}