{"id":31470,"date":"2024-04-24T14:04:33","date_gmt":"2024-04-24T11:04:33","guid":{"rendered":"https:\/\/mnlr.ro\/?p=31470"},"modified":"2024-05-15T16:29:07","modified_gmt":"2024-05-15T13:29:07","slug":"expozitie-30-de-ani-de-presa-semnata-de-caricaturistul-vali-ivan","status":"publish","type":"post","link":"https:\/\/mnlr.ro\/en\/expozitie-30-de-ani-de-presa-semnata-de-caricaturistul-vali-ivan\/","title":{"rendered":"Expozi\u021bie \u201e30 de ani de pres\u0103\u201d, semnat\u0103 de caricaturistul Vali Ivan"},"content":{"rendered":"<p>Muzeul Na\u021bional al Literaturii Rom\u00e2ne g\u0103zduie\u0219te expozi\u021bia aniversar\u0103 \u201e30 de ani de pres\u0103\u201d, semnat\u0103 Vali Ivan, unul dintre cei mai cunoscu\u021bi \u0219i aprecia\u021bi caricaturi\u0219ti rom\u00e2ni. Expozi\u021bia va putea fi vizitat\u0103 \u00een perioada 8 \u2013 30 mai 2024, de mar\u021bi p\u00e2n\u0103 duminic\u0103, \u00eentre 10.00 \u0219i 18.00.<\/p>\n<p>Vali Ivan este unul dintre cei mai prolifici \u0219i influen\u021bi caricaturi\u0219ti rom\u00e2ni, cu o carier\u0103 impresionant\u0103 ce se \u00eentinde pe o perioad\u0103 de trei decenii. Absolvent al Institutului Politehnic Bucure\u0219ti, Facultatea de Mecanic\u0103, Vali Ivan \u0219i-a dedicat talentul \u0219i pasiunea aduc\u00e2nd \u00een aten\u021bia publicului, prin desen, uneori cu duritate, dar \u00eentotdeauna cu umor, aspecte semnificative ale realit\u0103\u021bii cotidiene.<\/p>\n<p>Expozi\u021bia prezint\u0103\u00a0 o selec\u021bie remarcabil\u0103 din bogata sa colec\u021bie de lucr\u0103ri \u2013 caricaturi ale celor mai importan\u021bi politicieni rom\u00e2ni, benzi desenate umoristice, caricaturi de editorial, ilustra\u021bii de prim\u0103 pagin\u0103. Cu peste 15.000 de caricaturi realizate \u00een decursul carierei sale, Vali Ivan a devenit un veritabil cronicar al epocii post-decembriste, surprinz\u00e2nd cu acuitate \u0219i umor subiecte politice, economice \u0219i sociale.<\/p>\n<p>\u201eCaricatura jurnalistic\u0103 este, de fapt, un editorial, nu scris, ci desenat, care permite mai mult\u0103 libertate de exprimare. \u00cen caricatur\u0103 po\u021bi s\u0103 exagerezi, po\u021bi s\u0103 satirizezi, ca s\u0103 transmi\u021bi un mesaj clar \u0219i puternic, dar obligatoriu trebuie s\u0103 prezin\u021bi corect evenimentul din punct de vedere jurnalistic. De aceea, m-am considerat \u00eentotdeauna jurnalist, un jurnalist care \u00ee\u015fi exprim\u0103 opiniile prin imagini\u201d, a declarat autorul.<br \/>\nPrintre momentele importante din parcursul s\u0103u profesional se num\u0103r\u0103 debutul \u00een \u201eEvenimentul Zilei\u201d \u00een anul 1994, colabor\u0103rile cu \u201eRom\u00e2nia Liber\u0103\u201d, \u201eAdev\u0103rul\u201d, \u201eAdev\u0103rul Economic\u201d, \u201eJurnalul Na\u021bional\u201d \u0219i multe altele, c\u00e2t \u0219i contribu\u021biile sale la reviste precum \u201eTV mania\u201d \u0219i \u201eNew Money\u201d.<\/p>\n<p>\u201e\u00cen 1994 nu prea existau \u00een pres\u0103 caricaturi de personaje \u0219i mi-a venit ideea s\u0103 fac c\u00e2teva astfel de lucr\u0103ri cu care m-am prezentat la redac\u021bia <em>Evenimentului Zilei,<\/em> ziar de doi ani \u00eenfiin\u021bat. Nu am putut trece de portar, dar mi-a spus s\u0103 las lucr\u0103rile acolo c\u0103 le d\u0103 el mai departe. A doua zi m-a sunat Dan Andronic, care era redactorul-\u0219ef \u0219i mi-a spus c\u0103 Ion Cristoiu vrea s\u0103 m\u0103 angajeze. A\u0219a am ajuns \u00een pres\u0103, o lume care m-a atras ca un magnet\u201d, a mai spus Vali Ivan.<\/p>\n<p>Expozi\u021bia ofer\u0103 publicului oportunitatea de a explora diversitatea crea\u021biilor lui Vali, eviden\u021biind nu doar m\u0103iestria tehnic\u0103 a artistului, ci \u0219i profunzimea \u0219i acurate\u021bea observa\u021biilor sale asupra realit\u0103\u021bii sociale \u0219i politice post-decembriste. Expozi\u021bia va include tururi ghidate, \u00een cadrul c\u0103rora publicul va avea ocazia de a interac\u021biona direct cu autorul.<\/p>\n<p>Expozi\u021bia este organizat\u0103 cu ocazia Zilei Mondiale a Presei, \u00een cadrul proiectului Muzeul Presei Rom\u00e2ne\u0219ti.<\/p>\n<p>Pentru mai multe informa\u021bii \u0219i pentru solicit\u0103ri de interviuri, v\u0103 rug\u0103m s\u0103 ne scrie\u021bi la: programe@mnlr.ro.<\/p>\n<p>Credit foto: Dan Marinescu<\/p>\n<p>Filmare \u0219i montaj: Alex Ursu<\/p>\n<p><iframe loading=\"lazy\" title=\"EXPOZI\u021aIE \u201e30 DE ANI DE PRES\u0102\u201d, SEMNAT\u0102 DE CARICATURISTUL VALI IVAN\" width=\"500\" height=\"281\" src=\"https:\/\/www.youtube.com\/embed\/KqxbkTCK_fw?feature=oembed\" frameborder=\"0\" allow=\"accelerometer; autoplay; clipboard-write; encrypted-media; gyroscope; picture-in-picture; web-share\" referrerpolicy=\"strict-origin-when-cross-origin\" allowfullscreen><\/iframe><\/p>\n<p>&nbsp;<\/p>","protected":false},"excerpt":{"rendered":"<p>Muzeul Na\u021bional al Literaturii Rom\u00e2ne g\u0103zduie\u0219te expozi\u021bia aniversar\u0103 \u201e30 de ani de pres\u0103\u201d, semnat\u0103 Vali Ivan, unul dintre cei mai&#8230;<\/p>","protected":false},"author":11,"featured_media":31730,"comment_status":"closed","ping_status":"closed","sticky":false,"template":"","format":"standard","meta":{"_exactmetrics_skip_tracking":false,"_exactmetrics_sitenote_active":false,"_exactmetrics_sitenote_note":"","_exactmetrics_sitenote_category":0,"footnotes":""},"categories":[9,66],"tags":[],"class_list":["post-31470","post","type-post","status-publish","format-standard","has-post-thumbnail","hentry","category-evenimente","category-expozitii-temporare-mnlr-str-nicolae-cretulescu-nr-8"],"_links":{"self":[{"href":"https:\/\/mnlr.ro\/en\/wp-json\/wp\/v2\/posts\/31470","targetHints":{"allow":["GET"]}}],"collection":[{"href":"https:\/\/mnlr.ro\/en\/wp-json\/wp\/v2\/posts"}],"about":[{"href":"https:\/\/mnlr.ro\/en\/wp-json\/wp\/v2\/types\/post"}],"author":[{"embeddable":true,"href":"https:\/\/mnlr.ro\/en\/wp-json\/wp\/v2\/users\/11"}],"replies":[{"embeddable":true,"href":"https:\/\/mnlr.ro\/en\/wp-json\/wp\/v2\/comments?post=31470"}],"version-history":[{"count":5,"href":"https:\/\/mnlr.ro\/en\/wp-json\/wp\/v2\/posts\/31470\/revisions"}],"predecessor-version":[{"id":31733,"href":"https:\/\/mnlr.ro\/en\/wp-json\/wp\/v2\/posts\/31470\/revisions\/31733"}],"wp:featuredmedia":[{"embeddable":true,"href":"https:\/\/mnlr.ro\/en\/wp-json\/wp\/v2\/media\/31730"}],"wp:attachment":[{"href":"https:\/\/mnlr.ro\/en\/wp-json\/wp\/v2\/media?parent=31470"}],"wp:term":[{"taxonomy":"category","embeddable":true,"href":"https:\/\/mnlr.ro\/en\/wp-json\/wp\/v2\/categories?post=31470"},{"taxonomy":"post_tag","embeddable":true,"href":"https:\/\/mnlr.ro\/en\/wp-json\/wp\/v2\/tags?post=31470"}],"curies":[{"name":"wp","href":"https:\/\/api.w.org\/{rel}","templated":true}]}}