{"id":31793,"date":"2024-05-21T15:32:58","date_gmt":"2024-05-21T12:32:58","guid":{"rendered":"https:\/\/mnlr.ro\/?p=31793"},"modified":"2024-05-31T21:00:56","modified_gmt":"2024-05-31T18:00:56","slug":"carti-eveniment-si-o-suita-de-lansari-si-dezbateri-dedicate-literaturii-romane-mnlr-la-bookfest-2024-29-mai-2-iunie-2024","status":"publish","type":"post","link":"https:\/\/mnlr.ro\/en\/carti-eveniment-si-o-suita-de-lansari-si-dezbateri-dedicate-literaturii-romane-mnlr-la-bookfest-2024-29-mai-2-iunie-2024\/","title":{"rendered":"C\u0103r\u021bi-eveniment \u0219i o suit\u0103 de lans\u0103ri \u0219i dezbateri dedicate literaturii rom\u00e2ne | MNLR la Bookfest 2024 &#8211; 29 mai &#8211; 2 iunie 2024"},"content":{"rendered":"<p>Muzeul Na\u021bional al Literaturii Rom\u00e2ne particip\u0103 \u0219i \u00een acest an cu un stand propriu (C02) \u0219i cu un amplu program de lans\u0103ri, dezbateri \u0219i evenimente dedicate copiilor la XVII-a edi\u021bie a Salonului Interna\u021bional de Carte Bookfest.<\/p>\n<p>\u00cen cadrul Bookfest, Editura Muzeul Literaturii Rom\u00e2ne prezint\u0103 \u00een premier\u0103 o serie de volume dedicate at\u00e2t filologilor, c\u00e2t \u0219i publicului larg \u0219i chiar copiilor.<\/p>\n<p>Astfel, munca de cercetare a speciali\u0219tilor muzeului se concretizeaz\u0103 \u00een trei volume-eveniment. \u201eCurs de estetica poeziei\u201d de Vladimir Streinu, edi\u021bie, studiu introductiv \u0219i note de Luana Stroe, restituie \u00een premier\u0103 cursul sus\u021binut ca profesor invitat la Universitatea Bucure\u0219ti \u00eentre 1969 \u0219i 1970 de marele critic \u0219i estetician, pe baza manuscriselor aflate \u00een arhiva MNLR \u0219i a \u00eenregistr\u0103rilor c\u00e2torva dintre prelegerile \u021binute \u00een Amfiteatrul Odobescu, confruntate cu articole din periodice \u0219i interviuri din presa vremii.<\/p>\n<p>Cu edi\u021bia din \u201eCatastihul amorului. La gura sobei\u201d de Pierre V\u00e9ron; Paulin Niboyet, Andreea Teliban pune cap\u0103t unei controverse vechi de peste jum\u0103tate de secol \u00een literatura rom\u00e2n\u0103. \u201eCatastihul\u201d nu este un roman scris de Radu Ionescu, nici de Pantazi Ghica, nici m\u0103car nu apar\u021bine literaturii rom\u00e2ne, ci este vorba despre dou\u0103 traduceri din romane fran\u021buze\u0219ti la mod\u0103 \u00een epoc\u0103! Un amplu studiu introductiv \u0219i un aparat de note \u0219i comentarii \u00eenso\u021besc textul, restituit dup\u0103 prima edi\u021bie rom\u00e2neasc\u0103, din 1865.<\/p>\n<p>\u201eStudii, eseuri, articole. IV : Jurnal t\u00e2rziu de lectur\u0103\u201d de Dumitru Micu, text stabilit, prefa\u021b\u0103 \u0219i aparat bibliografic de Alexandru Dumitriu. Cu c\u00e2teva luni \u00eenainte de a trece la cele ve\u0219nice, criticul \u0219i istoricul literar Dumitru Micu (1928-2018) asambla un nou volum al seriei Studii, eseuri, articole, pe care o concepuse \u00een 2011. Jurnal t\u00e2rziu de lectur\u0103 reprezint\u0103 o completare inedit\u0103 a ciclului, recuperat\u0103 \u00een toamna anului 2022 din arhiva fostului profesor al Facult\u0103\u021bii de Litere bucure\u0219tene, pe baza unei schi\u021be de sumar. Majoritatea textelor reunite de autor \u00een acest volum dateaz\u0103 din ultima decad\u0103 a vie\u021bii: preponderent, cronici, \u00een care Dumitru Micu scruteaz\u0103 c\u0103r\u021bi de poezie, proz\u0103, eseistic\u0103, memorialistic\u0103, jurnale, studii monografice, sinteze, documentare de istorie literar\u0103.<\/p>\n<p>Un album, o carte de doliu \u0219i un volum de coresponden\u021b\u0103, editate \u00een condi\u021bii grafice deosebite, integral color, contureaz\u0103 personalit\u0103\u021bile artistului plastic Mircia Dumitrescu, a criticului de teatru George Banu \u0219i a eminentului jurist Andrei R\u0103dulescu, fost pre\u0219edinte al Academiei Rom\u00e2ne : \u201eSculptur\u0103, gravur\u0103, desen, pictur\u0103, tapiserie\u201d de Mircia Dumitrescu, \u201eGeorge Banu\u2026 la plecare\u201d. Carte de doliu realizat\u0103 de Matei Vi\u015fniec \u0219i Ioan Cristescu \u0219i \u201eCoresponden\u021b\u0103\u201d de Andrei R\u0103dulescu, edi\u021bie \u00eengrijit\u0103 de av. dr. Dana Gruia Dufaut, editor \u0219tiin\u021bific: dr. Filica Dr\u0103ghici.<\/p>\n<p>Un nou num\u0103r al revistei \u201eCaietele avangardei\u201d \u0219i volume de critic\u0103 \u0219i istorie literar\u0103 \u00eei a\u0219teapt\u0103 pe pasiona\u021bii de literatur\u0103: \u201ePanait Istrati de la A la Z \u201d de Dolores Toma, \u201eCartea despre teatru ascuns\u0103 \u00een opera lui Mircea Eliade sau \u00abIntroducere la o art\u0103 \u0219i tehnic\u0103 dramatic\u0103 potrivit\u0103 timpului nostru\u00bb\u201d de Anca-Daniela Mihu\u021b \u0219i \u201eSec\u021biuni critice\u201d de Alexandru Ruja.<\/p>\n<p>\u00cen colaborare cu Teatrul Na\u021bional din Bucure\u0219ti, Editura Muzeul Literaturii Rom\u00e2ne lanseaz\u0103 la Bookfest o antologie ce adun\u0103 textele a nou\u0103 autori debutan\u021bi: \u201ePrimul draft\u201d, antologie de dramaturgie semnat\u0103 de Adriana Bordeanu, Ana Cre\u0163u, Tomi Cristin, \u015etefan Iancu, Oana Jindiceanu, Vlad Moszojanu, Cosmin Teodor Pan\u0103, Carla-Maria Teaha, Adelina Toma.<\/p>\n<p>Nu \u00een cele din urm\u0103, celor mai mici cititori \u0219i vizitatori ai muzeului le-am preg\u0103tit primul manual de band\u0103 desenat\u0103 dedicat copiilor semnat de un autor rom\u00e2n: Romanul meu grafic. Caiet de lucru de Mihai Gr\u0103jdeanu. S\u00e2mb\u0103t\u0103, 1 iunie, al\u0103turi de Mihai Gr\u0103jdeanu, de la ora 11.00, \u00eei a\u0219tept\u0103m la Bookfest pe cei mici, pe care-i invit\u0103m s\u0103 se \u00eenarmeze cu un marker negru \u0219i carioci colorate, ca s\u0103 realiz\u0103m cea mai lung\u0103 band\u0103 desenat\u0103 inspirat\u0103 din literatura rom\u00e2n\u0103!<\/p>\n<p>\u201e\u00cen general, c\u0103r\u021bile de critic\u0103 \u0219i teorie literar\u0103 \u00ee\u0219i fac loc mai rar, poate, \u00een primele rafturi ale libr\u0103riilor autohtone, pentru c\u0103 exist\u0103 o presiunea a v\u00e2nz\u0103rilor care, de multe ori, primeaz\u0103. A\u0219a c\u0103 ne bucur\u0103m s\u0103 fim prezen\u021bi \u0219i \u00een acest an la Bookfest, aceast\u0103 mare s\u0103rb\u0103toare a c\u0103r\u021bii, pentru a povesti noi pe \u00eendelete despre cele mai recente apari\u021bii editoriale ale Editurii Muzeul Literaturii Rom\u00e2ne. Ne bucur\u0103m s\u0103 putem celebra, \u00eenc\u0103 o dat\u0103, cele mai noi c\u0103r\u021bi publicate de noi, al\u0103turi de autorii lor \u0219i al\u0103turi de cititorii care ne urm\u0103resc cu interes. Una dintre surprizele preg\u0103tite pentru aceast\u0103 edi\u021bie a Bookfest este faptul c\u0103 ne adres\u0103m \u0219i celor mai mici cititori\u201d, a declarat Ion Cristescu, managerul Muzeului Na\u021bional al Literaturii Rom\u00e2ne.<\/p>\n<p>Edi\u021bia din acest an a Salonului interna\u021bional de carte Bookfest are loc \u00een perioada 29 mai &#8211; 2 iunie, \u00een Pavilionul B2 al Romexpo. Programul de vizitare: miercuri (29.05), joi (30.05): 10:00-20:00 | vineri (31.05), s\u00e2mb\u0103t\u0103 (01.06): 10:00-21:00 | duminic\u0103 (02.06): 10:00-20:00.<\/p>\n<p>Accesul publicului este liber.<\/p>\n<p>&nbsp;<\/p>\n<p><strong>Programul evenimentelor organizate de Muzeul Na\u021bional al Literaturii Rom\u00e2ne la Bookfest 2024<\/strong><\/p>\n<p>Vineri, 31 mai 2024<\/p>\n<p>17.00: Lansare de carte \u2013 \u201eSec\u021biuni critice\u201d de Alexandru Ruja Particip\u0103 Ion Pop, Ani\u021ba Grigoriu, Alexandru Ruja (Stand MNLR, C02)<\/p>\n<p>18.00: Lansarea nr. 21 al revistei \u201eCaietele avangardei\u201d Particip\u0103: Ion Pop, Lumini\u021ba Corneanu, Vasile Gribincea (Stand MNLR, C02)<\/p>\n<p>S\u00e2mb\u0103t\u0103, 1 iunie 2024<\/p>\n<p>11.00: Cea mai lung\u0103 band\u0103 desenat\u0103 inspirat\u0103 din literatura rom\u00e2n\u0103, realizat\u0103 de copii \u0219i Mihai Gr\u0103jdeanu. Un eveniment organizat de Centrul de Educa\u021bie \u0219i Formare prin Benzi Desenate de la Muzeul National al Literaturii Rom\u00e2ne.<\/p>\n<p>12.00: Lansare de carte \u2013 \u201ePanait Istrati de la A la Z\u201d de Dolores Toma. Particip\u0103: Dolores Toma, Zamfir B\u0103lan, Andrea R\u0103suceanu (Stand MNLR, C02)<\/p>\n<p>13.00: Lansare de carte \u2013 \u201eSculptur\u0103, gravur\u0103, desen, pictur\u0103, tapiserie\u201d. Album de Mircia Dumitrescu. Particip\u0103: Mircia Dumitrescu, Ioan Cristescu, Dinu Fl\u0103m\u00e2nd (Stand MNLR, C02) .<\/p>\n<p>14.00: Lansare de carte \u2013 \u201eCatastihul amorului. La gura sobei\u201d. Edi\u021bie \u00eengrijit\u0103 de Andreea Teliban. Particip\u0103: Andreea Teliban, Carmen Mu\u0219at, Ioan Cristescu, Paul Cernat (Stand MNLR, C02)<\/p>\n<p>15.00: Lansare de carte \u2013 \u201eCartea despre teatru ascuns\u0103 \u00een opera lui Mircea Eliade\u201d de Anca Daniela Mihu\u021b. Particip\u0103: Anca Daniela Mihu\u021b, Ion Vartic, Ioan Cristescu, Eugenia \u021aar\u0103lung\u0103, Vasile Gribincea. (Stand MNLR, C02)<\/p>\n<p>16.00: Lansare de carte \u2013 \u201eCurs de estetic\u0103\u201d de Vladimir Streinu. Edi\u021bie critic\u0103 de Luana Stroe. Particip\u0103: Luana Stroe, Lumini\u021ba Corneanu, Oana Soare, Mihai Zamfir, Mircea Vasilescu. (Stand MNLR, C02)<\/p>\n<p>17. 00: Lansare de carte: \u201eCoresponden\u021b\u0103\u201d de Andrei R\u0103dulescu. Particip\u0103: Argentina Traicu, Ioan Cristescu, (Stand MNLR, C02)<\/p>\n<p>Duminic\u0103, 2 iunie 2024<br \/>\n12.00: Lansare de carte \u2013 \u201eStudii, eseuri, articole. IV: Cronici \u0219i eseuri t\u00e2rzii\u201d de Dumitru Micu. Edi\u021bie \u00eengrijit\u0103 de Alexandru Dumitriu. Particip\u0103: Alexandru Dumitriu, Ioan Cristescu, Paul Cernat. (Stand MNLR, C02)<\/p>\n<p>14. 00: Lansare de carte \u2013 \u201ePrimul draft\u201d \u2013 antologie de dramaturgie contemporan\u0103 de Adriana Bordeanu, Ana Cre\u0163u, Tomi Cristin, \u015etefan Iancu, Oana Jindiceanu, Vlad Moszojanu, Cosmin Teodor Pan\u0103, Carla-Maria Teaha, Adelina Toma: Particip\u0103: autorii, Ioan Cristescu, Cristiana Gavril\u0103, Marius Bodochi, Mircea Rusu. (Stand MNLR, C02).<\/p>\n<p>&nbsp;<\/p>\n<p>&nbsp;<\/p>\n<p>&nbsp;<\/p>\n<p>&nbsp;<\/p>\n<p>&nbsp;<\/p>\n<p>&nbsp;<\/p>","protected":false},"excerpt":{"rendered":"<p>Muzeul Na\u021bional al Literaturii Rom\u00e2ne particip\u0103 \u0219i \u00een acest an cu un stand propriu (C02) \u0219i cu un amplu program&#8230;<\/p>","protected":false},"author":11,"featured_media":31794,"comment_status":"closed","ping_status":"closed","sticky":false,"template":"","format":"standard","meta":{"_exactmetrics_skip_tracking":false,"_exactmetrics_sitenote_active":false,"_exactmetrics_sitenote_note":"","_exactmetrics_sitenote_category":0,"footnotes":""},"categories":[9,21],"tags":[],"class_list":["post-31793","post","type-post","status-publish","format-standard","has-post-thumbnail","hentry","category-evenimente","category-lansari-de-carte"],"_links":{"self":[{"href":"https:\/\/mnlr.ro\/en\/wp-json\/wp\/v2\/posts\/31793","targetHints":{"allow":["GET"]}}],"collection":[{"href":"https:\/\/mnlr.ro\/en\/wp-json\/wp\/v2\/posts"}],"about":[{"href":"https:\/\/mnlr.ro\/en\/wp-json\/wp\/v2\/types\/post"}],"author":[{"embeddable":true,"href":"https:\/\/mnlr.ro\/en\/wp-json\/wp\/v2\/users\/11"}],"replies":[{"embeddable":true,"href":"https:\/\/mnlr.ro\/en\/wp-json\/wp\/v2\/comments?post=31793"}],"version-history":[{"count":1,"href":"https:\/\/mnlr.ro\/en\/wp-json\/wp\/v2\/posts\/31793\/revisions"}],"predecessor-version":[{"id":31797,"href":"https:\/\/mnlr.ro\/en\/wp-json\/wp\/v2\/posts\/31793\/revisions\/31797"}],"wp:featuredmedia":[{"embeddable":true,"href":"https:\/\/mnlr.ro\/en\/wp-json\/wp\/v2\/media\/31794"}],"wp:attachment":[{"href":"https:\/\/mnlr.ro\/en\/wp-json\/wp\/v2\/media?parent=31793"}],"wp:term":[{"taxonomy":"category","embeddable":true,"href":"https:\/\/mnlr.ro\/en\/wp-json\/wp\/v2\/categories?post=31793"},{"taxonomy":"post_tag","embeddable":true,"href":"https:\/\/mnlr.ro\/en\/wp-json\/wp\/v2\/tags?post=31793"}],"curies":[{"name":"wp","href":"https:\/\/api.w.org\/{rel}","templated":true}]}}