{"id":32490,"date":"2024-07-25T22:26:08","date_gmt":"2024-07-25T19:26:08","guid":{"rendered":"https:\/\/mnlr.ro\/?p=32490"},"modified":"2024-08-03T15:08:54","modified_gmt":"2024-08-03T12:08:54","slug":"lansare-de-carte-sophie-si-marea-tabla-de-sah-de-ileana-vieru","status":"publish","type":"post","link":"https:\/\/mnlr.ro\/en\/lansare-de-carte-sophie-si-marea-tabla-de-sah-de-ileana-vieru\/","title":{"rendered":"Lansare de carte | \u201eSophie \u0219i marea tabl\u0103 de \u0219ah\u201d, de Ileana Vieru"},"content":{"rendered":"<p>Muzeul Na\u021bional al Literaturii Rom\u00e2ne g\u0103zduie\u0219te joi, 1 august 2024, de la ora 18.00, Str. Nicolae Cre\u021bulescu 8, evenimentul de lansare a c\u0103r\u021bii \u201eSophie \u0219i marea tabl\u0103 de \u0219ah\u201d, Editura \u0218coala Ardelean\u0103, semnat\u0103 Ileana Vieru. Al\u0103turi de autoare vor participa la eveniment dr. Petronela \u2013 Lumini\u021ba Tuc\u0103, Costin Enache, realizator de emisiuni Radio Rom\u00e2nia Actualit\u0103\u021bi, Loreta Popa. Intermezzo muzical: Claudia Colniceanu \u0219i violonistul Iulian B\u0103lu\u021bel.<\/p>\n<p>\u201eNu \u0219tiu cum reu\u0219e\u0219te Ileana Vieru s\u0103 ne determine s\u0103 tr\u0103im dorul, nu \u0219tiu cum ne urc\u0103 pe covorul fermecat \u0219i ne transport\u0103 prin anotimpuri, prin \u021b\u0103ri, pe mun\u021bi \u0219i pe ape, c\u00e2nd la poalele vulcanului Etna cel fumeg\u00e2nd, c\u00e2nd la malul M\u0103rii Moarte \u0219i al M\u0103rii Ro\u0219ii, c\u00e2nd \u00een str\u0103vechiul ora\u0219 al nabateenilor, cu peisajul lui mar\u021bian, Petra. \u00cens\u0103 reu\u0219e\u0219te s\u0103 ne poarte \u00eentr-o astfel de c\u0103l\u0103torie aproape f\u0103r\u0103 s\u0103 b\u0103g\u0103m de seam\u0103 c\u0103 ne identific\u0103m cu personajele create de ea \u0219i c\u0103 tr\u0103im povestea odat\u0103 cu ele\u201d, scrie Petronela-Lumini\u021ba Tuc\u0103.<\/p>\n<p>\u201ePersonajele Ilenei Vieru sunt vii, ispititoare, ilustrative pentru a creiona at\u00e2t portretele feminine, c\u00e2t \u0219i pe cele masculine cu subtilitate, cu dar al nar\u0103rii, care nu este la \u00eendem\u00e2na oricui. Despre soare \u0219i furtuni, despre valuri venite din larg, dar \u0219i despre b\u0103rci de salvare, despre z\u00e2mbet, dar \u0219i grimasele \u00een ceas de necaz, despre timidit\u0103\u021bi, dar \u0219i explozii ale personalit\u0103\u021bii, despre singur\u0103tate \u0219i str\u0103lucirea scenei este vorba \u00een cartea \u00een care personajul central \u2013 Sophie \u2013 ne spune at\u00e2t de limpede c\u0103 \u00abpe Marea Tabl\u0103 de \u0218ah erau suflete-regi \u0219i suflete-regine, suflete-nebuni \u0219i suflete-cai \u0219i alte feluri de suflete, fiecare juc\u00e2ndu-\u0219i rolul demn sau meschin, intens sau superficial, \u00een sinceritate sau \u00een minciun\u0103, cu masc\u0103 sau f\u0103r\u0103 masc\u0103\u00bb\u201d, noteaz\u0103 Menu\u021b Maximinian.<\/p>\n<p>Ileana Vieru s-a n\u0103scut \u00een 4 august 1972 \u00een localitatea Corbii Mari, jude\u0163ul D\u00e2mbovi\u0163a. Este absolvent\u0103 a Liceului Pedagogic din Ploie\u015fti (promo\u0163ia 1990) \u0219i licen\u0163iat\u0103 a Facult\u0103\u0163ii de Pedagogie Muzical\u0103, Sec\u0163ia Muzic\u0103 Psaltic\u0103 din cadrul Academiei de Muzic\u0103 Bucure\u015fti (promo\u0163ia 1997). \u00cen perioada studiilor universitare a fost membr\u0103 a Corului \u201ePreludiu\u201d din cadrul Centrului \u201eTinerimea rom\u00e2n\u0103\u201d. Realizator de emisiuni la Radio Rom\u00e2nia, din 1997, pe posturile: Rom\u00e2nia Muzical, Rom\u00e2nia Cultural, Rom\u00e2nia Actualit\u0103\u0163i \u015fi Antena Satelor. A publicat articole de specialitate muzical\u0103 \u00een Revista Radio \u015fi pe site-ul postului na\u0163ional de radio Antena Satelor. A f\u0103cut parte din diverse jurii la festivaluri \u015fi concursuri na\u0163ionale din sfera folclorului muzical, a tradi\u0163iilor \u015fi me\u015fte\u015fugurilor populare. Din 2019 este membr\u0103 a Uniunii Ziari\u0219tilor Profesioni\u0219ti din Rom\u00e2nia. A publicat romanele \u201eS\u0103 respir l\u00e2ng\u0103 t\u00e2mpla ta\u201d (Editura Eikon, 2014), \u201eAnotimpurile Ianei\u201d (Editura \u0218coala Ardelean\u0103, 2020) \u0219i \u201eCulorile fetei \u00een alb \u0219i negru\u201d (Editura \u0218coala Ardelean\u0103, 2021).<\/p>\n<p>Intrarea este liber\u0103.<\/p>\n<p>V\u0103 a\u0219tept\u0103m cu drag!<\/p>","protected":false},"excerpt":{"rendered":"<p>Muzeul Na\u021bional al Literaturii Rom\u00e2ne g\u0103zduie\u0219te joi, 1 august 2024, de la ora 18.00, Str. Nicolae Cre\u021bulescu 8, evenimentul de&#8230;<\/p>","protected":false},"author":11,"featured_media":32491,"comment_status":"closed","ping_status":"closed","sticky":false,"template":"","format":"standard","meta":{"_exactmetrics_skip_tracking":false,"_exactmetrics_sitenote_active":false,"_exactmetrics_sitenote_note":"","_exactmetrics_sitenote_category":0,"footnotes":""},"categories":[9,21],"tags":[],"class_list":["post-32490","post","type-post","status-publish","format-standard","has-post-thumbnail","hentry","category-evenimente","category-lansari-de-carte"],"_links":{"self":[{"href":"https:\/\/mnlr.ro\/en\/wp-json\/wp\/v2\/posts\/32490","targetHints":{"allow":["GET"]}}],"collection":[{"href":"https:\/\/mnlr.ro\/en\/wp-json\/wp\/v2\/posts"}],"about":[{"href":"https:\/\/mnlr.ro\/en\/wp-json\/wp\/v2\/types\/post"}],"author":[{"embeddable":true,"href":"https:\/\/mnlr.ro\/en\/wp-json\/wp\/v2\/users\/11"}],"replies":[{"embeddable":true,"href":"https:\/\/mnlr.ro\/en\/wp-json\/wp\/v2\/comments?post=32490"}],"version-history":[{"count":1,"href":"https:\/\/mnlr.ro\/en\/wp-json\/wp\/v2\/posts\/32490\/revisions"}],"predecessor-version":[{"id":32492,"href":"https:\/\/mnlr.ro\/en\/wp-json\/wp\/v2\/posts\/32490\/revisions\/32492"}],"wp:featuredmedia":[{"embeddable":true,"href":"https:\/\/mnlr.ro\/en\/wp-json\/wp\/v2\/media\/32491"}],"wp:attachment":[{"href":"https:\/\/mnlr.ro\/en\/wp-json\/wp\/v2\/media?parent=32490"}],"wp:term":[{"taxonomy":"category","embeddable":true,"href":"https:\/\/mnlr.ro\/en\/wp-json\/wp\/v2\/categories?post=32490"},{"taxonomy":"post_tag","embeddable":true,"href":"https:\/\/mnlr.ro\/en\/wp-json\/wp\/v2\/tags?post=32490"}],"curies":[{"name":"wp","href":"https:\/\/api.w.org\/{rel}","templated":true}]}}