{"id":32742,"date":"2024-08-25T16:54:50","date_gmt":"2024-08-25T13:54:50","guid":{"rendered":"https:\/\/mnlr.ro\/?p=32742"},"modified":"2024-08-25T16:54:50","modified_gmt":"2024-08-25T13:54:50","slug":"poezie-si-creatie-180-lucian-muscurel-si-loreta-popa","status":"publish","type":"post","link":"https:\/\/mnlr.ro\/en\/poezie-si-creatie-180-lucian-muscurel-si-loreta-popa\/","title":{"rendered":"\u201ePoezie \u0219i crea\u021bie\u201d #180 | Lucian Muscurel \u0219i Loreta Popa"},"content":{"rendered":"<p>Invitat ast\u0103zi la \u201ePoezie \u0219i crea\u021bie\u201d este actorul \u0219i regizorul Lucian Muscurel. Profesor de art\u0103 dramatic\u0103 \u00een Suedia, \u021bar\u0103 \u00een care s-a stabilit din 1980 al\u0103turi de so\u021bia lui, actri\u021ba Liliana Tomescu, Lucian Muscurel s-a n\u0103scut la 17 iunie 1947, la Bucure\u015fti, a urmat cursurile Institutului de Art\u0103 Teatral\u0103 \u0219i Cinematografic\u0103 din Bucure\u0219ti, absolvind \u00een anul 1971, la clasa profesorului Constantin Moruzan.<\/p>\n<p>A interpretat cu succes c\u00e2teva roluri pe scena Teatrului Tineretului din Piatra Neam\u021b, a c\u00e2\u0219tigat concursul pentru un post at\u00e2t la Ploie\u0219ti, c\u00e2t \u0219i la Nottara, dar a ales \u00eentr-un final Teatrul \u201eIon Creang\u0103\u201d. Radioul a fost spa\u021biul unde s-a sim\u021bit acas\u0103 mult\u0103 vreme, p\u00e2n\u0103 la plecarea din \u021bar\u0103 \u0219i stabilirea \u00een Suedia. Acolo, timp de peste 30 de ani, activitatea sa principal\u0103 a fost pedagogia de teatru. \u00cen paralel cu aceast\u0103 activitate, Lucian Muscurel a lucrat ca regizor, coregraf de lupte scenice \u015fi ca actor de televiziune \u015fi radio. De altfel, \u00een cadrul \u00eent\u00e2lnirii noastre recunoa\u0219te c\u0103 a jucat numai duri \u0219i bandi\u021bi \u00een filmele pe care le-a f\u0103cut \u00een Suedia.<\/p>\n<p>Invita\u021bia la \u201ePoezie \u0219i crea\u021bie\u201d a venit \u00een urma unor argumente serioase. Cel dint\u00e2i. Acum c\u00e2\u021biva ani, la 12 august 2019, \u00een Gr\u0103dina MNLR a avut loc un eveniment deosebit. A fost s\u0103rb\u0103torit\u0103, al\u0103turi de prieteni dragi, colegi, apropia\u021bi, simpli spectatori, la \u00eemplinirea a 90 de ani, actri\u021ba Liliana Tomescu. To\u021bi cei prezen\u021bi \u0219i-au amintit de m\u00e2inile ei frumoase, care p\u0103reau c\u0103 se afl\u0103 \u00een posesia unui alfabet numai al lor. Atunci, Lucian Muscurel ne-a trimis o fotografie realizat\u0103 de maestrul fotograf Liana Grill cu m\u00e2inile Lilianei Tomescu. Au promis c\u0103 la urm\u0103toarea c\u0103l\u0103torie \u00een Rom\u00e2nia vor trece pe la muzeu \u0219i ne vom \u00eembr\u0103\u021bi\u0219a, dar, din p\u0103cate, minunata actri\u021b\u0103 avea s\u0103 urce \u00een luntrea lui Charon la 22 octombrie 2021. \u00centre timp, alte dou\u0103 minunate doamne care au participat la acel eveniment din Gr\u0103dina MNLR, Sanda Manu \u0219i Anda Caropol, aveau s-o \u00eenso\u021beasc\u0103 \u00een acea c\u0103l\u0103torie. Din fericire, anul acesta Lucian Muscurel a venit \u00een Rom\u00e2nia \u0219i a trecut pe la Muzeu s\u0103 st\u0103m de vorb\u0103 chiar \u00een locul unde a fost evenimentul despre care povesteam. \u0218i, ce minune, \u00een Mansarda MNLR a fost deschis\u0103 o expozi\u021bie a artistei despre care ne-a vorbit cu at\u00e2ta admira\u021bie, Liana Grill, expozi\u021bie pe care am vizitat-o \u00eempreun\u0103. Mici sincronicit\u0103\u021bi care vorbesc de la sine despre lucruri care au fost scrise s\u0103 se \u00eent\u00e2mple. Am vorbit cu Lucian Muscurel despre teatru, despre via\u021b\u0103, despre soart\u0103, despre \u0219ans\u0103, despre taine, despre gesturi, despre oameni.<\/p>\n<p>\u201eAi nu numai dreptul, ai datoria sacr\u0103 de a alege ce este mai bun. Dac\u0103 \u00ee\u021bi place o poezie, dac\u0103 spiritul ei \u00ee\u021bi spune foarte mult atunci c\u00e2nd o cite\u0219ti pentru tine, \u00een g\u00e2nd, c\u00e2nd te atrage iar \u0219i iar cu ideile \u0219i te impresioneaz\u0103 noble\u021bea limbii acelei poezii, spune-ne-o \u0219i nou\u0103, f\u0103-ne-o \u0219i nou\u0103 cunoscut\u0103, de\u0219i presupui c\u0103 o \u0219tim, recit\u0103-ne-o, dac\u0103 vrei, \u00een spiritul t\u0103u, curat, neinfluen\u021bat, ne-complexat, \u00een limba ta aparte, \u00eencearc\u0103 s\u0103 fii singur cu tine \u0219i \u00een fa\u021ba noastr\u0103 \u0219i nu ne va fi greu s\u0103 recunoa\u0219tem si s\u0103 punem asupra ta pecetea unei personalit\u0103\u021bi distincte. (&#8230;) \u0218i iat\u0103 c\u0103 t\u00e2n\u0103rul Lucian Muscurel este un erou exemplar. Nu numai c\u0103 a recitat interesant, inteligent, uimitor de plin de g\u00e2nduri \u0219i de sensuri, dar cred, sper, poetul \u00eensu\u0219i, agitat \u0219i cu o fire amar\u0103, s-a \u00eenseninat o clip\u0103, despov\u0103rat de grij\u0103, ideile lui at\u00e2t de generos omene\u0219ti ating\u00e2nd cu precizie punctul nostru cel mai sensibil. Poemul \u00abVine iarba\u00bb, un poem excelent, a avut succes de public. Ce ne putem mai mult dori ?\u201d, scria \u00een Rom\u00e2nia literar\u0103 Constan\u021ba Buzea, la 29 aprilie 1970, despre Lucian Muscurel \u0219i talentul s\u0103u la rostit poezie. Al doilea argument.<\/p>\n<p>\u201eA spune versuri \u0219i a trezi interesul autentic al spectatorului e un lucru foarte greu. Am v\u0103zut mul\u021bi actori, mul\u021bi cu experien\u021b\u0103, reu\u0219ind mai mult sau mai pu\u021bin\u2026 Greu m\u0103 prindeau. \u00cen majoritate auzeai a\u0219a, un fel de litanie ca bocitoarele (f\u0103r\u0103 har) de la \u021bar\u0103. Iar\u0103\u0219i, \u00een afar\u0103 de Mihai Popescu spun\u00e2nd poemul lui Eluard \u00ab\u00cen numele t\u0103u, Libertate\u00bb, nu \u0219tiu s\u0103 fi avut vreodat\u0103 vreo bucurie. Credeam, pur \u0219i simplu, c\u0103 poezia e destinat\u0103 numai cititului \u00ab\u00een g\u00e2nd\u00bb, eu cu mine, \u00een singur\u0103tate, c\u0103 nu nu are nimic de a face cu scena \u0219i cu actul teatral. Apari\u021bia \u00een \u00abarena spusului de poezie\u00bb pe la \u00eenceputul anilor 70 a actorului Lucian Muscurel mi-a dat peste cap toate aceste teorii. El reu\u0219ea, cum nu v\u0103zusem p\u00e2n\u0103 atunci pe nimeni altul, s\u0103 ne r\u0103scoleasc\u0103, s\u0103 ne fac\u0103 s\u0103 respir\u0103m la unison, s\u00e5 r\u00e2dem, s\u0103 pl\u00e2ngem, pe to\u021bi cei aduna\u021bi indiferent unde, \u00eentr-o sal\u0103 de teatru, \u00eentr-un club sau \u00een arena unui stadion. To\u021bi \u00ee\u0219i \u021bineau r\u0103suflarea indiferent c\u0103 era vorba de \u00abRic\u0103\u00bb sau \u00abDup\u0103 melci\u00bb sau cine \u0219tie ce abstrac\u021bie suprarealist\u0103 pe care el o traducea pentru noi \u00een imaginile cele mai vii, dramatice \u0219i captivante cu putin\u021b\u0103. Adev\u0103rate momente de teatru unic! Mai \u00eencoace \u0219i c\u00e2nd e vorba de stadioane, c\u0103ci \u0219i acolo l-am v\u0103zut, nu \u0219tiu dec\u00e2t anumi\u021bi c\u00e2nt\u0103re\u021bi de Rock (talenta\u021bi) capabili de a st\u0103p\u00e2ni astfel de scene, \u00eens\u0103 nu cu ajutorul Poeziei. Am \u00eencercat s\u0103 fur de la el \u2013 imposibil\u201d, scria Liliana Tomescu, la Stockholm, \u00een martie 2019. Al treilea argument.<\/p>\n<p>\u201e\u00centr-o bun\u0103 zi, dup\u0103 un recital, m\u0103 trezesc cu o doamn\u0103 respectabil\u0103 care m\u0103 trage deoparte. M-a \u00eentrebat dac\u0103 vorbesc francez\u0103 \u0219i am spus da. Aflu c\u0103 reprezint\u0103 Festivalul de Teatru de la Avignon. M\u0103 \u00eentreab\u0103 dac\u0103 \u0219tiu despre ce e vorba. Da, \u0219tiu, \u00eei r\u0103spund. Atunci m\u0103 \u00eentreab\u0103 dac\u0103 a\u0219 fi \u00een stare s\u0103 fac acolo ceea ce m-a v\u0103zut f\u0103c\u00e2nd la Bucure\u0219ti, desigur, cu o adaptare \u00een limba francez\u0103 a repertoriului meu. Da, \u00eei r\u0103spund, nicio problem\u0103. Bine, \u00een cur\u00e2nd vei primi o invita\u021bie oficial\u0103. Bine, a\u0219tept. Discu\u021bia avea loc \u00een octombrie. Am \u00eentrebat-o: cunoa\u0219te\u021bi regulile de ob\u021binere a unui pa\u0219aport \u0219i viza de ie\u0219ire \u00een afara Rom\u00e2niei? Da, mi-a r\u0103spuns: orice cet\u0103\u021bean al Rom\u00e2niei poate c\u0103l\u0103tori \u00een Occident, cu o condi\u021bie: cu cel pu\u021bin trei luni \u00eenainte de dorita plecare s\u0103 primeasc\u0103 o scrisoare de invita\u021bie. Bine zic, v\u0103d c\u0103 \u0219ti\u021bi, a\u0219tept. Festivalul \u00eencepea la sf\u00e2r\u0219itul lui iunie, \u00eenceputul lui iulie al anului ce urma. Au trecut lunile. Nimic. Ianuarie, februarie, martie, aprilie, mai. Nicio invita\u021bie. Scriu la direc\u021bia Festivalului. Mi se r\u0103spunde c\u0103 invita\u021bia semnat\u0103 de c\u0103tre \u00eensu\u0219i directorul Festivalului, Jean Vilar, care avea pe ea cele trei chei de aur ale ora\u0219ului, a fost trimis\u0103 din ianuarie. Unde, la ce adres\u0103? La adresa Institutului de Teatru de la Bucure\u0219ti. Ame\u021besc, \u00eennebunesc. Intru furtunos \u00een cabinetul rectorului. Da, \u00eemi r\u0103spunde cu un z\u00e2mbet zeflemitor, \u00eemi amintesc, parc\u0103 a venit ceva \u00een numele t\u0103u prin ianuarie. Unde-i ?! Caut\u0103 \u00een ni\u0219te sertare, apoi \u00een ceva dulapuri \u0219i o scoate. Invita\u021bia str\u0103lucea de la distan\u021b\u0103 cu cele trei chei aurite ale ora\u0219ului Avignon. Smulg h\u00e2rtia, m\u0103 reped la \u00abGr\u0103dina cu cai\u00bb, la Pa\u0219apoarte. Url\u00e2nd \u00een gura mare, ca oameni ce st\u0103teau acolo la coad\u0103 s\u0103 m\u0103 ierte, intru \u00een for\u021b\u0103 chiar \u00een biroul celui care se pare c\u0103 avea ultimul cuv\u00e2nt. Cu h\u00e2rtia \u00een m\u00e2n\u0103, \u00eei spun s\u0103-mi dea un pa\u0219aport s\u0103 plec s\u0103 reprezint Rom\u00e2nia la cel mai important Festival de teatru din lume, \u00eei spun c\u0103 sunt a\u0219teptat, c\u0103 \u00eensu\u0219i directorul Festivalului, Jean Vilar, a semnat invita\u021bia. \u00cemi ia scrisoarea de invita\u021bie din m\u00e2n\u0103, pune picioarele lungite pe mas\u0103 <em>\u00e0 l&#8217;am\u00e9ricaine<\/em>, cite\u0219te scrisoarea \u0219i, cu un r\u00e2njet, \u00eemp\u0103ture\u0219te meticulos invita\u021bia \u0219i o rupe \u00een buc\u0103\u021bi. Apoi se ridic\u0103 \u0219i-mi tr\u00e2nte\u0219te printre din\u021bi: \u00abCum \u00ee\u021bi \u00eenchipui b\u0103, nenorocitule, c\u0103 vei primi vreodat\u0103 vreun pa\u0219aport. Afar\u0103! \u00bb Ce crede\u021bi? Unde m-am repezit prima oar\u0103, c\u00e2nd, dup\u0103 ani, am fugit \u00een lumea liber\u0103? La Avignon, bine\u00een\u021beles\u201d, a m\u0103rturisit Lucian Muscurel.<\/p>\n<p>Credit foto: Dan Marinescu<br \/>\nFilmare \u0219i montaj: Dan Marinescu<br \/>\nProiect coordonat \u0219i realizat de Loreta Popa<\/p>\n<p>Urm\u0103ri\u021bi interviul cu Lucian Muscurel aici:<\/p>\n<p><iframe loading=\"lazy\" title=\"Poezie \u0219i crea\u021bie - Lucian Muscurel\" width=\"500\" height=\"281\" src=\"https:\/\/www.youtube.com\/embed\/bsWn6nEZgNU?feature=oembed\" frameborder=\"0\" allow=\"accelerometer; autoplay; clipboard-write; encrypted-media; gyroscope; picture-in-picture; web-share\" referrerpolicy=\"strict-origin-when-cross-origin\" allowfullscreen><\/iframe><\/p>","protected":false},"excerpt":{"rendered":"<p>Invitat ast\u0103zi la \u201ePoezie \u0219i crea\u021bie\u201d este actorul \u0219i regizorul Lucian Muscurel. Profesor de art\u0103 dramatic\u0103 \u00een Suedia, \u021bar\u0103 \u00een&#8230;<\/p>","protected":false},"author":11,"featured_media":32743,"comment_status":"closed","ping_status":"closed","sticky":false,"template":"","format":"standard","meta":{"_exactmetrics_skip_tracking":false,"_exactmetrics_sitenote_active":false,"_exactmetrics_sitenote_note":"","_exactmetrics_sitenote_category":0,"footnotes":""},"categories":[9,52],"tags":[],"class_list":["post-32742","post","type-post","status-publish","format-standard","has-post-thumbnail","hentry","category-evenimente","category-evenimente-on-line"],"_links":{"self":[{"href":"https:\/\/mnlr.ro\/en\/wp-json\/wp\/v2\/posts\/32742","targetHints":{"allow":["GET"]}}],"collection":[{"href":"https:\/\/mnlr.ro\/en\/wp-json\/wp\/v2\/posts"}],"about":[{"href":"https:\/\/mnlr.ro\/en\/wp-json\/wp\/v2\/types\/post"}],"author":[{"embeddable":true,"href":"https:\/\/mnlr.ro\/en\/wp-json\/wp\/v2\/users\/11"}],"replies":[{"embeddable":true,"href":"https:\/\/mnlr.ro\/en\/wp-json\/wp\/v2\/comments?post=32742"}],"version-history":[{"count":1,"href":"https:\/\/mnlr.ro\/en\/wp-json\/wp\/v2\/posts\/32742\/revisions"}],"predecessor-version":[{"id":32755,"href":"https:\/\/mnlr.ro\/en\/wp-json\/wp\/v2\/posts\/32742\/revisions\/32755"}],"wp:featuredmedia":[{"embeddable":true,"href":"https:\/\/mnlr.ro\/en\/wp-json\/wp\/v2\/media\/32743"}],"wp:attachment":[{"href":"https:\/\/mnlr.ro\/en\/wp-json\/wp\/v2\/media?parent=32742"}],"wp:term":[{"taxonomy":"category","embeddable":true,"href":"https:\/\/mnlr.ro\/en\/wp-json\/wp\/v2\/categories?post=32742"},{"taxonomy":"post_tag","embeddable":true,"href":"https:\/\/mnlr.ro\/en\/wp-json\/wp\/v2\/tags?post=32742"}],"curies":[{"name":"wp","href":"https:\/\/api.w.org\/{rel}","templated":true}]}}