{"id":32965,"date":"2024-09-11T01:18:22","date_gmt":"2024-09-10T22:18:22","guid":{"rendered":"https:\/\/mnlr.ro\/?p=32965"},"modified":"2024-09-23T16:00:11","modified_gmt":"2024-09-23T13:00:11","slug":"festivalul-international-de-poezie-bucuresti-ziua-1","status":"publish","type":"post","link":"https:\/\/mnlr.ro\/en\/festivalul-international-de-poezie-bucuresti-ziua-1\/","title":{"rendered":"Festivalul Interna\u021bional de Poezie Bucure\u0219ti #Ziua 1"},"content":{"rendered":"<div dir=\"auto\">Festivalul Interna\u021bional de Poezie Bucure\u0219ti a avut ca preambul un eveniment special. \u00cen Aula Academiei Rom\u00e2ne, Marco Lucchesi, scriitor, traduc\u0103tor, membru al Academiei Braziliene de Litere \u0219i pre\u0219edinte al Bibliotecii Na\u021bionale a Braziliei, a sus\u021binut Conferin\u021ba \u201eElogiu limbii rom\u00e2ne\u201d. Aceasta a fost urmat\u0103 de lansarea volumului s\u0103u, \u201eDor \u0219i Saudade\u201d, Editura Muzeul Literaturii Rom\u00e2ne, care pune \u00een valoare \u201eaceast\u0103 consangvinitate magic\u0103 \u00eentre rom\u00e2n\u0103 \u0219i portughez\u0103 \u2013 patrias \u0219i matrias, aceea\u0219i limb\u0103 saudade \u2013 dor, inepuizabil rezervor metafizic\u201d, cum men\u021biona traduc\u0103torul c\u0103r\u021bii, Dinu Fl\u0103m\u00e2nd, \u00een prefa\u021ba sa.<\/div>\n<div dir=\"auto\"><\/div>\n<div dir=\"auto\"><\/div>\n<div dir=\"auto\">\n\n\t\t<style type=\"text\/css\">\n\t\t\t#gallery-1 {\n\t\t\t\tmargin: auto;\n\t\t\t}\n\t\t\t#gallery-1 .gallery-item {\n\t\t\t\tfloat: left;\n\t\t\t\tmargin-top: 10px;\n\t\t\t\ttext-align: center;\n\t\t\t\twidth: 33%;\n\t\t\t}\n\t\t\t#gallery-1 img {\n\t\t\t\tborder: 2px solid #cfcfcf;\n\t\t\t}\n\t\t\t#gallery-1 .gallery-caption {\n\t\t\t\tmargin-left: 0;\n\t\t\t}\n\t\t\t\/* see gallery_shortcode() in wp-includes\/media.php *\/\n\t\t<\/style>\n\t\t<div id='gallery-1' class='gallery galleryid-32965 gallery-columns-3 gallery-size-thumbnail'><dl class='gallery-item'>\n\t\t\t<dt class='gallery-icon portrait'>\n\t\t\t\t<a href='https:\/\/mnlr.ro\/en\/festivalul-international-de-poezie-bucuresti-ziua-1\/458771004_2252516328419949_7382547824765268641_n\/'><img loading=\"lazy\" decoding=\"async\" width=\"200\" height=\"200\" src=\"https:\/\/mnlr.ro\/wp-content\/uploads\/2024\/09\/458771004_2252516328419949_7382547824765268641_n-200x200.jpg\" class=\"attachment-thumbnail size-thumbnail\" alt=\"\" srcset=\"https:\/\/mnlr.ro\/wp-content\/uploads\/2024\/09\/458771004_2252516328419949_7382547824765268641_n-200x200.jpg 200w, https:\/\/mnlr.ro\/wp-content\/uploads\/2024\/09\/458771004_2252516328419949_7382547824765268641_n-150x150.jpg 150w\" sizes=\"auto, (max-width: 200px) 100vw, 200px\" \/><\/a>\n\t\t\t<\/dt><\/dl><dl class='gallery-item'>\n\t\t\t<dt class='gallery-icon landscape'>\n\t\t\t\t<a href='https:\/\/mnlr.ro\/en\/festivalul-international-de-poezie-bucuresti-ziua-1\/458984138_2252515621753353_7536262841115183114_n\/'><img loading=\"lazy\" decoding=\"async\" width=\"200\" height=\"200\" src=\"https:\/\/mnlr.ro\/wp-content\/uploads\/2024\/09\/458984138_2252515621753353_7536262841115183114_n-200x200.jpg\" class=\"attachment-thumbnail size-thumbnail\" alt=\"\" srcset=\"https:\/\/mnlr.ro\/wp-content\/uploads\/2024\/09\/458984138_2252515621753353_7536262841115183114_n-200x200.jpg 200w, https:\/\/mnlr.ro\/wp-content\/uploads\/2024\/09\/458984138_2252515621753353_7536262841115183114_n-150x150.jpg 150w\" sizes=\"auto, (max-width: 200px) 100vw, 200px\" \/><\/a>\n\t\t\t<\/dt><\/dl><dl class='gallery-item'>\n\t\t\t<dt class='gallery-icon landscape'>\n\t\t\t\t<a href='https:\/\/mnlr.ro\/en\/festivalul-international-de-poezie-bucuresti-ziua-1\/458795949_2252516548419927_8571831318892286444_n\/'><img loading=\"lazy\" decoding=\"async\" width=\"200\" height=\"200\" src=\"https:\/\/mnlr.ro\/wp-content\/uploads\/2024\/09\/458795949_2252516548419927_8571831318892286444_n-200x200.jpg\" class=\"attachment-thumbnail size-thumbnail\" alt=\"\" srcset=\"https:\/\/mnlr.ro\/wp-content\/uploads\/2024\/09\/458795949_2252516548419927_8571831318892286444_n-200x200.jpg 200w, https:\/\/mnlr.ro\/wp-content\/uploads\/2024\/09\/458795949_2252516548419927_8571831318892286444_n-150x150.jpg 150w\" sizes=\"auto, (max-width: 200px) 100vw, 200px\" \/><\/a>\n\t\t\t<\/dt><\/dl><br style=\"clear: both\" \/><dl class='gallery-item'>\n\t\t\t<dt class='gallery-icon landscape'>\n\t\t\t\t<a href='https:\/\/mnlr.ro\/en\/festivalul-international-de-poezie-bucuresti-ziua-1\/459120103_2252516398419942_1680541686665027956_n\/'><img loading=\"lazy\" decoding=\"async\" width=\"200\" height=\"200\" src=\"https:\/\/mnlr.ro\/wp-content\/uploads\/2024\/09\/459120103_2252516398419942_1680541686665027956_n-200x200.jpg\" class=\"attachment-thumbnail size-thumbnail\" alt=\"\" srcset=\"https:\/\/mnlr.ro\/wp-content\/uploads\/2024\/09\/459120103_2252516398419942_1680541686665027956_n-200x200.jpg 200w, https:\/\/mnlr.ro\/wp-content\/uploads\/2024\/09\/459120103_2252516398419942_1680541686665027956_n-150x150.jpg 150w\" sizes=\"auto, (max-width: 200px) 100vw, 200px\" \/><\/a>\n\t\t\t<\/dt><\/dl><dl class='gallery-item'>\n\t\t\t<dt class='gallery-icon landscape'>\n\t\t\t\t<a href='https:\/\/mnlr.ro\/en\/festivalul-international-de-poezie-bucuresti-ziua-1\/459027058_2252516228419959_4897284256731441317_n\/'><img loading=\"lazy\" decoding=\"async\" width=\"200\" height=\"200\" src=\"https:\/\/mnlr.ro\/wp-content\/uploads\/2024\/09\/459027058_2252516228419959_4897284256731441317_n-200x200.jpg\" class=\"attachment-thumbnail size-thumbnail\" alt=\"\" srcset=\"https:\/\/mnlr.ro\/wp-content\/uploads\/2024\/09\/459027058_2252516228419959_4897284256731441317_n-200x200.jpg 200w, https:\/\/mnlr.ro\/wp-content\/uploads\/2024\/09\/459027058_2252516228419959_4897284256731441317_n-150x150.jpg 150w\" sizes=\"auto, (max-width: 200px) 100vw, 200px\" \/><\/a>\n\t\t\t<\/dt><\/dl><dl class='gallery-item'>\n\t\t\t<dt class='gallery-icon landscape'>\n\t\t\t\t<a href='https:\/\/mnlr.ro\/en\/festivalul-international-de-poezie-bucuresti-ziua-1\/458932743_2252515845086664_3133390181696880882_n\/'><img loading=\"lazy\" decoding=\"async\" width=\"200\" height=\"200\" src=\"https:\/\/mnlr.ro\/wp-content\/uploads\/2024\/09\/458932743_2252515845086664_3133390181696880882_n-200x200.jpg\" class=\"attachment-thumbnail size-thumbnail\" alt=\"\" srcset=\"https:\/\/mnlr.ro\/wp-content\/uploads\/2024\/09\/458932743_2252515845086664_3133390181696880882_n-200x200.jpg 200w, https:\/\/mnlr.ro\/wp-content\/uploads\/2024\/09\/458932743_2252515845086664_3133390181696880882_n-150x150.jpg 150w\" sizes=\"auto, (max-width: 200px) 100vw, 200px\" \/><\/a>\n\t\t\t<\/dt><\/dl><br style=\"clear: both\" \/><dl class='gallery-item'>\n\t\t\t<dt class='gallery-icon landscape'>\n\t\t\t\t<a href='https:\/\/mnlr.ro\/en\/festivalul-international-de-poezie-bucuresti-ziua-1\/459039873_2252516011753314_1421814298570590671_n\/'><img loading=\"lazy\" decoding=\"async\" width=\"200\" height=\"200\" src=\"https:\/\/mnlr.ro\/wp-content\/uploads\/2024\/09\/459039873_2252516011753314_1421814298570590671_n-200x200.jpg\" class=\"attachment-thumbnail size-thumbnail\" alt=\"\" srcset=\"https:\/\/mnlr.ro\/wp-content\/uploads\/2024\/09\/459039873_2252516011753314_1421814298570590671_n-200x200.jpg 200w, https:\/\/mnlr.ro\/wp-content\/uploads\/2024\/09\/459039873_2252516011753314_1421814298570590671_n-150x150.jpg 150w\" sizes=\"auto, (max-width: 200px) 100vw, 200px\" \/><\/a>\n\t\t\t<\/dt><\/dl><dl class='gallery-item'>\n\t\t\t<dt class='gallery-icon landscape'>\n\t\t\t\t<a href='https:\/\/mnlr.ro\/en\/festivalul-international-de-poezie-bucuresti-ziua-1\/459194998_2252516705086578_4833187320614923384_n\/'><img loading=\"lazy\" decoding=\"async\" width=\"200\" height=\"200\" src=\"https:\/\/mnlr.ro\/wp-content\/uploads\/2024\/09\/459194998_2252516705086578_4833187320614923384_n-200x200.jpg\" class=\"attachment-thumbnail size-thumbnail\" alt=\"\" srcset=\"https:\/\/mnlr.ro\/wp-content\/uploads\/2024\/09\/459194998_2252516705086578_4833187320614923384_n-200x200.jpg 200w, https:\/\/mnlr.ro\/wp-content\/uploads\/2024\/09\/459194998_2252516705086578_4833187320614923384_n-150x150.jpg 150w\" sizes=\"auto, (max-width: 200px) 100vw, 200px\" \/><\/a>\n\t\t\t<\/dt><\/dl><dl class='gallery-item'>\n\t\t\t<dt class='gallery-icon landscape'>\n\t\t\t\t<a href='https:\/\/mnlr.ro\/en\/festivalul-international-de-poezie-bucuresti-ziua-1\/459034133_2252516685086580_7811273182507129987_n\/'><img loading=\"lazy\" decoding=\"async\" width=\"200\" height=\"200\" src=\"https:\/\/mnlr.ro\/wp-content\/uploads\/2024\/09\/459034133_2252516685086580_7811273182507129987_n-200x200.jpg\" class=\"attachment-thumbnail size-thumbnail\" alt=\"\" srcset=\"https:\/\/mnlr.ro\/wp-content\/uploads\/2024\/09\/459034133_2252516685086580_7811273182507129987_n-200x200.jpg 200w, https:\/\/mnlr.ro\/wp-content\/uploads\/2024\/09\/459034133_2252516685086580_7811273182507129987_n-150x150.jpg 150w\" sizes=\"auto, (max-width: 200px) 100vw, 200px\" \/><\/a>\n\t\t\t<\/dt><\/dl><br style=\"clear: both\" \/><dl class='gallery-item'>\n\t\t\t<dt class='gallery-icon landscape'>\n\t\t\t\t<a href='https:\/\/mnlr.ro\/en\/festivalul-international-de-poezie-bucuresti-ziua-1\/459099179_2252516508419931_55141511637655446_n\/'><img loading=\"lazy\" decoding=\"async\" width=\"200\" height=\"200\" src=\"https:\/\/mnlr.ro\/wp-content\/uploads\/2024\/09\/459099179_2252516508419931_55141511637655446_n-200x200.jpg\" class=\"attachment-thumbnail size-thumbnail\" alt=\"\" srcset=\"https:\/\/mnlr.ro\/wp-content\/uploads\/2024\/09\/459099179_2252516508419931_55141511637655446_n-200x200.jpg 200w, https:\/\/mnlr.ro\/wp-content\/uploads\/2024\/09\/459099179_2252516508419931_55141511637655446_n-150x150.jpg 150w\" sizes=\"auto, (max-width: 200px) 100vw, 200px\" \/><\/a>\n\t\t\t<\/dt><\/dl><dl class='gallery-item'>\n\t\t\t<dt class='gallery-icon landscape'>\n\t\t\t\t<a href='https:\/\/mnlr.ro\/en\/festivalul-international-de-poezie-bucuresti-ziua-1\/459177334_2252516461753269_8906516206649323666_n\/'><img loading=\"lazy\" decoding=\"async\" width=\"200\" height=\"200\" src=\"https:\/\/mnlr.ro\/wp-content\/uploads\/2024\/09\/459177334_2252516461753269_8906516206649323666_n-200x200.jpg\" class=\"attachment-thumbnail size-thumbnail\" alt=\"\" srcset=\"https:\/\/mnlr.ro\/wp-content\/uploads\/2024\/09\/459177334_2252516461753269_8906516206649323666_n-200x200.jpg 200w, https:\/\/mnlr.ro\/wp-content\/uploads\/2024\/09\/459177334_2252516461753269_8906516206649323666_n-150x150.jpg 150w\" sizes=\"auto, (max-width: 200px) 100vw, 200px\" \/><\/a>\n\t\t\t<\/dt><\/dl><dl class='gallery-item'>\n\t\t\t<dt class='gallery-icon landscape'>\n\t\t\t\t<a href='https:\/\/mnlr.ro\/en\/festivalul-international-de-poezie-bucuresti-ziua-1\/459077825_2252516098419972_5695195209057749788_n\/'><img loading=\"lazy\" decoding=\"async\" width=\"200\" height=\"200\" src=\"https:\/\/mnlr.ro\/wp-content\/uploads\/2024\/09\/459077825_2252516098419972_5695195209057749788_n-200x200.jpg\" class=\"attachment-thumbnail size-thumbnail\" alt=\"\" srcset=\"https:\/\/mnlr.ro\/wp-content\/uploads\/2024\/09\/459077825_2252516098419972_5695195209057749788_n-200x200.jpg 200w, https:\/\/mnlr.ro\/wp-content\/uploads\/2024\/09\/459077825_2252516098419972_5695195209057749788_n-150x150.jpg 150w\" sizes=\"auto, (max-width: 200px) 100vw, 200px\" \/><\/a>\n\t\t\t<\/dt><\/dl><br style=\"clear: both\" \/>\n\t\t<\/div>\n\n<\/div>\n<div dir=\"auto\"><em>Credit foto, filmare \u0219i montaj: Alex Ursu<\/em><\/div>\n<div dir=\"auto\"><\/div>\n<p><iframe loading=\"lazy\" title=\"Conferin\u021ba \u201eElogiu limbii rom\u00e2ne\u201d | FIPB 2024\" width=\"500\" height=\"281\" src=\"https:\/\/www.youtube.com\/embed\/WmsNBze-PlA?start=192&#038;feature=oembed\" frameborder=\"0\" allow=\"accelerometer; autoplay; clipboard-write; encrypted-media; gyroscope; picture-in-picture; web-share\" referrerpolicy=\"strict-origin-when-cross-origin\" allowfullscreen><\/iframe><\/p>\n<div dir=\"auto\"><\/div>\n<div dir=\"auto\">Deschiderea oficial\u0103 a festivalului a avut loc \u00een Aula Bibliotecii Centrale Universitare \u201eCarol I\u201d, Calea Victoriei 88, \u00een prezen\u021ba unui public numeros care a ascultat cu aten\u021bia alocu\u021biunile domnului Ioan Cristescu, director general al Muzeului Na\u021bional al Literaturii Rom\u00e2ne, doamnei Mireille R\u0103doi, director general al Bibliotecii Centrale Universitare \u201eCarol I\u201d, doamnei Raluca Turcan, Ministru al Culturii,\u00a0 Excelen\u021bei Sale, doamna Marija Kapitanovi\u0107, ambasadoare a Republicii Croate \u00een Rom\u00e2nia, Excelen\u021bei Sale, doamna Lili Evangelia Grammatika, ambasadoare a Greciei \u00een Rom\u00e2nia, Excelen\u021bei Sale, domnul Stefan Toma\u0161evi\u0107, ambasador al Serbiei \u00een Rom\u00e2nia, Excelen\u021bei Sale, domnul Ricardo Guerra de Ara\u00fajo, ambasador al Republicii Federative a Braziliei \u00een Rom\u00e2nia, domnului Ronaldo Lima Viera, consilier al Ambasadei al Republicii Federative a Braziliei \u00een Rom\u00e2nia, domnului Mircea Martin, critic \u0219i teoretician literar, membru titular al Academiei Rom\u00e2ne.<\/div>\n<div dir=\"auto\"><\/div>\n<div dir=\"auto\"><\/div>\n<div dir=\"auto\">\n\n\t\t<style type=\"text\/css\">\n\t\t\t#gallery-2 {\n\t\t\t\tmargin: auto;\n\t\t\t}\n\t\t\t#gallery-2 .gallery-item {\n\t\t\t\tfloat: left;\n\t\t\t\tmargin-top: 10px;\n\t\t\t\ttext-align: center;\n\t\t\t\twidth: 33%;\n\t\t\t}\n\t\t\t#gallery-2 img {\n\t\t\t\tborder: 2px solid #cfcfcf;\n\t\t\t}\n\t\t\t#gallery-2 .gallery-caption {\n\t\t\t\tmargin-left: 0;\n\t\t\t}\n\t\t\t\/* see gallery_shortcode() in wp-includes\/media.php *\/\n\t\t<\/style>\n\t\t<div id='gallery-2' class='gallery galleryid-32965 gallery-columns-3 gallery-size-thumbnail'><dl class='gallery-item'>\n\t\t\t<dt class='gallery-icon landscape'>\n\t\t\t\t<a href='https:\/\/mnlr.ro\/en\/festivalul-international-de-poezie-bucuresti-ziua-1\/whatsapp-image-2024-09-10-at-00-25-08-1\/'><img loading=\"lazy\" decoding=\"async\" width=\"200\" height=\"200\" src=\"https:\/\/mnlr.ro\/wp-content\/uploads\/2024\/09\/WhatsApp-Image-2024-09-10-at-00.25.08-1-200x200.jpeg\" class=\"attachment-thumbnail size-thumbnail\" alt=\"\" srcset=\"https:\/\/mnlr.ro\/wp-content\/uploads\/2024\/09\/WhatsApp-Image-2024-09-10-at-00.25.08-1-200x200.jpeg 200w, https:\/\/mnlr.ro\/wp-content\/uploads\/2024\/09\/WhatsApp-Image-2024-09-10-at-00.25.08-1-150x150.jpeg 150w\" sizes=\"auto, (max-width: 200px) 100vw, 200px\" \/><\/a>\n\t\t\t<\/dt><\/dl><dl class='gallery-item'>\n\t\t\t<dt class='gallery-icon landscape'>\n\t\t\t\t<a href='https:\/\/mnlr.ro\/en\/festivalul-international-de-poezie-bucuresti-ziua-1\/whatsapp-image-2024-09-10-at-00-24-27-1\/'><img loading=\"lazy\" decoding=\"async\" width=\"200\" height=\"200\" src=\"https:\/\/mnlr.ro\/wp-content\/uploads\/2024\/09\/WhatsApp-Image-2024-09-10-at-00.24.27-1-200x200.jpeg\" class=\"attachment-thumbnail size-thumbnail\" alt=\"\" srcset=\"https:\/\/mnlr.ro\/wp-content\/uploads\/2024\/09\/WhatsApp-Image-2024-09-10-at-00.24.27-1-200x200.jpeg 200w, https:\/\/mnlr.ro\/wp-content\/uploads\/2024\/09\/WhatsApp-Image-2024-09-10-at-00.24.27-1-150x150.jpeg 150w\" sizes=\"auto, (max-width: 200px) 100vw, 200px\" \/><\/a>\n\t\t\t<\/dt><\/dl><dl class='gallery-item'>\n\t\t\t<dt class='gallery-icon landscape'>\n\t\t\t\t<a href='https:\/\/mnlr.ro\/en\/festivalul-international-de-poezie-bucuresti-ziua-1\/whatsapp-image-2024-09-10-at-00-24-23\/'><img loading=\"lazy\" decoding=\"async\" width=\"200\" height=\"200\" src=\"https:\/\/mnlr.ro\/wp-content\/uploads\/2024\/09\/WhatsApp-Image-2024-09-10-at-00.24.23-200x200.jpeg\" class=\"attachment-thumbnail size-thumbnail\" alt=\"\" srcset=\"https:\/\/mnlr.ro\/wp-content\/uploads\/2024\/09\/WhatsApp-Image-2024-09-10-at-00.24.23-200x200.jpeg 200w, https:\/\/mnlr.ro\/wp-content\/uploads\/2024\/09\/WhatsApp-Image-2024-09-10-at-00.24.23-150x150.jpeg 150w\" sizes=\"auto, (max-width: 200px) 100vw, 200px\" \/><\/a>\n\t\t\t<\/dt><\/dl><br style=\"clear: both\" \/><dl class='gallery-item'>\n\t\t\t<dt class='gallery-icon landscape'>\n\t\t\t\t<a href='https:\/\/mnlr.ro\/en\/festivalul-international-de-poezie-bucuresti-ziua-1\/whatsapp-image-2024-09-10-at-00-25-10\/'><img loading=\"lazy\" decoding=\"async\" width=\"200\" height=\"200\" src=\"https:\/\/mnlr.ro\/wp-content\/uploads\/2024\/09\/WhatsApp-Image-2024-09-10-at-00.25.10-200x200.jpeg\" class=\"attachment-thumbnail size-thumbnail\" alt=\"\" srcset=\"https:\/\/mnlr.ro\/wp-content\/uploads\/2024\/09\/WhatsApp-Image-2024-09-10-at-00.25.10-200x200.jpeg 200w, https:\/\/mnlr.ro\/wp-content\/uploads\/2024\/09\/WhatsApp-Image-2024-09-10-at-00.25.10-150x150.jpeg 150w\" sizes=\"auto, (max-width: 200px) 100vw, 200px\" \/><\/a>\n\t\t\t<\/dt><\/dl><dl class='gallery-item'>\n\t\t\t<dt class='gallery-icon landscape'>\n\t\t\t\t<a href='https:\/\/mnlr.ro\/en\/festivalul-international-de-poezie-bucuresti-ziua-1\/whatsapp-image-2024-09-10-at-00-25-15\/'><img loading=\"lazy\" decoding=\"async\" width=\"200\" height=\"200\" src=\"https:\/\/mnlr.ro\/wp-content\/uploads\/2024\/09\/WhatsApp-Image-2024-09-10-at-00.25.15-200x200.jpeg\" class=\"attachment-thumbnail size-thumbnail\" alt=\"\" srcset=\"https:\/\/mnlr.ro\/wp-content\/uploads\/2024\/09\/WhatsApp-Image-2024-09-10-at-00.25.15-200x200.jpeg 200w, https:\/\/mnlr.ro\/wp-content\/uploads\/2024\/09\/WhatsApp-Image-2024-09-10-at-00.25.15-150x150.jpeg 150w\" sizes=\"auto, (max-width: 200px) 100vw, 200px\" \/><\/a>\n\t\t\t<\/dt><\/dl><dl class='gallery-item'>\n\t\t\t<dt class='gallery-icon landscape'>\n\t\t\t\t<a href='https:\/\/mnlr.ro\/en\/festivalul-international-de-poezie-bucuresti-ziua-1\/whatsapp-image-2024-09-10-at-00-25-15-1\/'><img loading=\"lazy\" decoding=\"async\" width=\"200\" height=\"200\" src=\"https:\/\/mnlr.ro\/wp-content\/uploads\/2024\/09\/WhatsApp-Image-2024-09-10-at-00.25.15-1-200x200.jpeg\" class=\"attachment-thumbnail size-thumbnail\" alt=\"\" srcset=\"https:\/\/mnlr.ro\/wp-content\/uploads\/2024\/09\/WhatsApp-Image-2024-09-10-at-00.25.15-1-200x200.jpeg 200w, https:\/\/mnlr.ro\/wp-content\/uploads\/2024\/09\/WhatsApp-Image-2024-09-10-at-00.25.15-1-150x150.jpeg 150w\" sizes=\"auto, (max-width: 200px) 100vw, 200px\" \/><\/a>\n\t\t\t<\/dt><\/dl><br style=\"clear: both\" \/><dl class='gallery-item'>\n\t\t\t<dt class='gallery-icon landscape'>\n\t\t\t\t<a href='https:\/\/mnlr.ro\/en\/festivalul-international-de-poezie-bucuresti-ziua-1\/whatsapp-image-2024-09-10-at-00-25-15-2\/'><img loading=\"lazy\" decoding=\"async\" width=\"200\" height=\"200\" src=\"https:\/\/mnlr.ro\/wp-content\/uploads\/2024\/09\/WhatsApp-Image-2024-09-10-at-00.25.15-2-200x200.jpeg\" class=\"attachment-thumbnail size-thumbnail\" alt=\"\" srcset=\"https:\/\/mnlr.ro\/wp-content\/uploads\/2024\/09\/WhatsApp-Image-2024-09-10-at-00.25.15-2-200x200.jpeg 200w, https:\/\/mnlr.ro\/wp-content\/uploads\/2024\/09\/WhatsApp-Image-2024-09-10-at-00.25.15-2-150x150.jpeg 150w\" sizes=\"auto, (max-width: 200px) 100vw, 200px\" \/><\/a>\n\t\t\t<\/dt><\/dl><dl class='gallery-item'>\n\t\t\t<dt class='gallery-icon landscape'>\n\t\t\t\t<a href='https:\/\/mnlr.ro\/en\/festivalul-international-de-poezie-bucuresti-ziua-1\/whatsapp-image-2024-09-10-at-00-24-23-1\/'><img loading=\"lazy\" decoding=\"async\" width=\"200\" height=\"200\" src=\"https:\/\/mnlr.ro\/wp-content\/uploads\/2024\/09\/WhatsApp-Image-2024-09-10-at-00.24.23-1-200x200.jpeg\" class=\"attachment-thumbnail size-thumbnail\" alt=\"\" srcset=\"https:\/\/mnlr.ro\/wp-content\/uploads\/2024\/09\/WhatsApp-Image-2024-09-10-at-00.24.23-1-200x200.jpeg 200w, https:\/\/mnlr.ro\/wp-content\/uploads\/2024\/09\/WhatsApp-Image-2024-09-10-at-00.24.23-1-150x150.jpeg 150w\" sizes=\"auto, (max-width: 200px) 100vw, 200px\" \/><\/a>\n\t\t\t<\/dt><\/dl>\n\t\t\t<br style='clear: both' \/>\n\t\t<\/div>\n\n<\/div>\n<div dir=\"auto\">\n<p><em>Credit foto: Dan Marinescu<\/em><\/p>\n<p><a href=\"https:\/\/cdrf.canto.global\/b\/JN11G\">https:\/\/cdrf.canto.global\/b\/JN11G<\/a><\/p>\n<p>Au urmat lecturile poe\u021bilor Antonella Anedda (Italia, video), Nora Iuga (Rom\u00e2nia), Magda C\u00e2rneci (Rom\u00e2nia), Denisa Com\u0103nescu (Rom\u00e2nia), Marco Lucchesi (Brazilia), Kata Gy\u0151rfi (Rom\u00e2nia), Dumitru Crudu (Republica Moldova), Octavian Soviany (Rom\u00e2nia), Radu Vancu (Rom\u00e2nia), Nicolae Prelipceanu (Rom\u00e2nia). Moderator: Dinu Fl\u0103m\u00e2nd, scriitor \u0219i traduc\u0103tor.<\/p>\n<p>&nbsp;<\/p>\n\n\t\t<style type=\"text\/css\">\n\t\t\t#gallery-3 {\n\t\t\t\tmargin: auto;\n\t\t\t}\n\t\t\t#gallery-3 .gallery-item {\n\t\t\t\tfloat: left;\n\t\t\t\tmargin-top: 10px;\n\t\t\t\ttext-align: center;\n\t\t\t\twidth: 33%;\n\t\t\t}\n\t\t\t#gallery-3 img {\n\t\t\t\tborder: 2px solid #cfcfcf;\n\t\t\t}\n\t\t\t#gallery-3 .gallery-caption {\n\t\t\t\tmargin-left: 0;\n\t\t\t}\n\t\t\t\/* see gallery_shortcode() in wp-includes\/media.php *\/\n\t\t<\/style>\n\t\t<div id='gallery-3' class='gallery galleryid-32965 gallery-columns-3 gallery-size-thumbnail'><dl class='gallery-item'>\n\t\t\t<dt class='gallery-icon landscape'>\n\t\t\t\t<a href='https:\/\/mnlr.ro\/en\/festivalul-international-de-poezie-bucuresti-ziua-1\/whatsapp-image-2024-09-10-at-00-25-50\/'><img loading=\"lazy\" decoding=\"async\" width=\"200\" height=\"200\" src=\"https:\/\/mnlr.ro\/wp-content\/uploads\/2024\/09\/WhatsApp-Image-2024-09-10-at-00.25.50-200x200.jpeg\" class=\"attachment-thumbnail size-thumbnail\" alt=\"\" srcset=\"https:\/\/mnlr.ro\/wp-content\/uploads\/2024\/09\/WhatsApp-Image-2024-09-10-at-00.25.50-200x200.jpeg 200w, https:\/\/mnlr.ro\/wp-content\/uploads\/2024\/09\/WhatsApp-Image-2024-09-10-at-00.25.50-150x150.jpeg 150w\" sizes=\"auto, (max-width: 200px) 100vw, 200px\" \/><\/a>\n\t\t\t<\/dt><\/dl><dl class='gallery-item'>\n\t\t\t<dt class='gallery-icon landscape'>\n\t\t\t\t<a href='https:\/\/mnlr.ro\/en\/festivalul-international-de-poezie-bucuresti-ziua-1\/whatsapp-image-2024-09-10-at-00-25-07-1\/'><img loading=\"lazy\" decoding=\"async\" width=\"200\" height=\"200\" src=\"https:\/\/mnlr.ro\/wp-content\/uploads\/2024\/09\/WhatsApp-Image-2024-09-10-at-00.25.07-1-200x200.jpeg\" class=\"attachment-thumbnail size-thumbnail\" alt=\"\" srcset=\"https:\/\/mnlr.ro\/wp-content\/uploads\/2024\/09\/WhatsApp-Image-2024-09-10-at-00.25.07-1-200x200.jpeg 200w, https:\/\/mnlr.ro\/wp-content\/uploads\/2024\/09\/WhatsApp-Image-2024-09-10-at-00.25.07-1-150x150.jpeg 150w\" sizes=\"auto, (max-width: 200px) 100vw, 200px\" \/><\/a>\n\t\t\t<\/dt><\/dl><dl class='gallery-item'>\n\t\t\t<dt class='gallery-icon landscape'>\n\t\t\t\t<a href='https:\/\/mnlr.ro\/en\/festivalul-international-de-poezie-bucuresti-ziua-1\/whatsapp-image-2024-09-10-at-00-25-49\/'><img loading=\"lazy\" decoding=\"async\" width=\"200\" height=\"200\" src=\"https:\/\/mnlr.ro\/wp-content\/uploads\/2024\/09\/WhatsApp-Image-2024-09-10-at-00.25.49-200x200.jpeg\" class=\"attachment-thumbnail size-thumbnail\" alt=\"\" srcset=\"https:\/\/mnlr.ro\/wp-content\/uploads\/2024\/09\/WhatsApp-Image-2024-09-10-at-00.25.49-200x200.jpeg 200w, https:\/\/mnlr.ro\/wp-content\/uploads\/2024\/09\/WhatsApp-Image-2024-09-10-at-00.25.49-150x150.jpeg 150w\" sizes=\"auto, (max-width: 200px) 100vw, 200px\" \/><\/a>\n\t\t\t<\/dt><\/dl><br style=\"clear: both\" \/><dl class='gallery-item'>\n\t\t\t<dt class='gallery-icon landscape'>\n\t\t\t\t<a href='https:\/\/mnlr.ro\/en\/festivalul-international-de-poezie-bucuresti-ziua-1\/whatsapp-image-2024-09-10-at-00-25-52\/'><img loading=\"lazy\" decoding=\"async\" width=\"200\" height=\"200\" src=\"https:\/\/mnlr.ro\/wp-content\/uploads\/2024\/09\/WhatsApp-Image-2024-09-10-at-00.25.52-200x200.jpeg\" class=\"attachment-thumbnail size-thumbnail\" alt=\"\" srcset=\"https:\/\/mnlr.ro\/wp-content\/uploads\/2024\/09\/WhatsApp-Image-2024-09-10-at-00.25.52-200x200.jpeg 200w, https:\/\/mnlr.ro\/wp-content\/uploads\/2024\/09\/WhatsApp-Image-2024-09-10-at-00.25.52-150x150.jpeg 150w\" sizes=\"auto, (max-width: 200px) 100vw, 200px\" \/><\/a>\n\t\t\t<\/dt><\/dl><dl class='gallery-item'>\n\t\t\t<dt class='gallery-icon landscape'>\n\t\t\t\t<a href='https:\/\/mnlr.ro\/en\/festivalul-international-de-poezie-bucuresti-ziua-1\/whatsapp-image-2024-09-10-at-00-25-54-2\/'><img loading=\"lazy\" decoding=\"async\" width=\"200\" height=\"200\" src=\"https:\/\/mnlr.ro\/wp-content\/uploads\/2024\/09\/WhatsApp-Image-2024-09-10-at-00.25.54-2-200x200.jpeg\" class=\"attachment-thumbnail size-thumbnail\" alt=\"\" srcset=\"https:\/\/mnlr.ro\/wp-content\/uploads\/2024\/09\/WhatsApp-Image-2024-09-10-at-00.25.54-2-200x200.jpeg 200w, https:\/\/mnlr.ro\/wp-content\/uploads\/2024\/09\/WhatsApp-Image-2024-09-10-at-00.25.54-2-150x150.jpeg 150w\" sizes=\"auto, (max-width: 200px) 100vw, 200px\" \/><\/a>\n\t\t\t<\/dt><\/dl><dl class='gallery-item'>\n\t\t\t<dt class='gallery-icon landscape'>\n\t\t\t\t<a href='https:\/\/mnlr.ro\/en\/festivalul-international-de-poezie-bucuresti-ziua-1\/whatsapp-image-2024-09-10-at-00-25-56\/'><img loading=\"lazy\" decoding=\"async\" width=\"200\" height=\"200\" src=\"https:\/\/mnlr.ro\/wp-content\/uploads\/2024\/09\/WhatsApp-Image-2024-09-10-at-00.25.56-200x200.jpeg\" class=\"attachment-thumbnail size-thumbnail\" alt=\"\" srcset=\"https:\/\/mnlr.ro\/wp-content\/uploads\/2024\/09\/WhatsApp-Image-2024-09-10-at-00.25.56-200x200.jpeg 200w, https:\/\/mnlr.ro\/wp-content\/uploads\/2024\/09\/WhatsApp-Image-2024-09-10-at-00.25.56-150x150.jpeg 150w\" sizes=\"auto, (max-width: 200px) 100vw, 200px\" \/><\/a>\n\t\t\t<\/dt><\/dl><br style=\"clear: both\" \/><dl class='gallery-item'>\n\t\t\t<dt class='gallery-icon landscape'>\n\t\t\t\t<a href='https:\/\/mnlr.ro\/en\/festivalul-international-de-poezie-bucuresti-ziua-1\/whatsapp-image-2024-09-10-at-00-25-57\/'><img loading=\"lazy\" decoding=\"async\" width=\"200\" height=\"200\" src=\"https:\/\/mnlr.ro\/wp-content\/uploads\/2024\/09\/WhatsApp-Image-2024-09-10-at-00.25.57-200x200.jpeg\" class=\"attachment-thumbnail size-thumbnail\" alt=\"\" srcset=\"https:\/\/mnlr.ro\/wp-content\/uploads\/2024\/09\/WhatsApp-Image-2024-09-10-at-00.25.57-200x200.jpeg 200w, https:\/\/mnlr.ro\/wp-content\/uploads\/2024\/09\/WhatsApp-Image-2024-09-10-at-00.25.57-150x150.jpeg 150w\" sizes=\"auto, (max-width: 200px) 100vw, 200px\" \/><\/a>\n\t\t\t<\/dt><\/dl><dl class='gallery-item'>\n\t\t\t<dt class='gallery-icon landscape'>\n\t\t\t\t<a href='https:\/\/mnlr.ro\/en\/festivalul-international-de-poezie-bucuresti-ziua-1\/whatsapp-image-2024-09-10-at-00-25-57-2\/'><img loading=\"lazy\" decoding=\"async\" width=\"200\" height=\"200\" src=\"https:\/\/mnlr.ro\/wp-content\/uploads\/2024\/09\/WhatsApp-Image-2024-09-10-at-00.25.57-2-200x200.jpeg\" class=\"attachment-thumbnail size-thumbnail\" alt=\"\" srcset=\"https:\/\/mnlr.ro\/wp-content\/uploads\/2024\/09\/WhatsApp-Image-2024-09-10-at-00.25.57-2-200x200.jpeg 200w, https:\/\/mnlr.ro\/wp-content\/uploads\/2024\/09\/WhatsApp-Image-2024-09-10-at-00.25.57-2-150x150.jpeg 150w\" sizes=\"auto, (max-width: 200px) 100vw, 200px\" \/><\/a>\n\t\t\t<\/dt><\/dl><dl class='gallery-item'>\n\t\t\t<dt class='gallery-icon landscape'>\n\t\t\t\t<a href='https:\/\/mnlr.ro\/en\/festivalul-international-de-poezie-bucuresti-ziua-1\/whatsapp-image-2024-09-10-at-00-25-51\/'><img loading=\"lazy\" decoding=\"async\" width=\"200\" height=\"200\" src=\"https:\/\/mnlr.ro\/wp-content\/uploads\/2024\/09\/WhatsApp-Image-2024-09-10-at-00.25.51-200x200.jpeg\" class=\"attachment-thumbnail size-thumbnail\" alt=\"\" srcset=\"https:\/\/mnlr.ro\/wp-content\/uploads\/2024\/09\/WhatsApp-Image-2024-09-10-at-00.25.51-200x200.jpeg 200w, https:\/\/mnlr.ro\/wp-content\/uploads\/2024\/09\/WhatsApp-Image-2024-09-10-at-00.25.51-150x150.jpeg 150w\" sizes=\"auto, (max-width: 200px) 100vw, 200px\" \/><\/a>\n\t\t\t<\/dt><\/dl><br style=\"clear: both\" \/><dl class='gallery-item'>\n\t\t\t<dt class='gallery-icon landscape'>\n\t\t\t\t<a href='https:\/\/mnlr.ro\/en\/festivalul-international-de-poezie-bucuresti-ziua-1\/whatsapp-image-2024-09-10-at-00-25-49-2\/'><img loading=\"lazy\" decoding=\"async\" width=\"200\" height=\"200\" src=\"https:\/\/mnlr.ro\/wp-content\/uploads\/2024\/09\/WhatsApp-Image-2024-09-10-at-00.25.49-2-200x200.jpeg\" class=\"attachment-thumbnail size-thumbnail\" alt=\"\" srcset=\"https:\/\/mnlr.ro\/wp-content\/uploads\/2024\/09\/WhatsApp-Image-2024-09-10-at-00.25.49-2-200x200.jpeg 200w, https:\/\/mnlr.ro\/wp-content\/uploads\/2024\/09\/WhatsApp-Image-2024-09-10-at-00.25.49-2-150x150.jpeg 150w\" sizes=\"auto, (max-width: 200px) 100vw, 200px\" \/><\/a>\n\t\t\t<\/dt><\/dl><dl class='gallery-item'>\n\t\t\t<dt class='gallery-icon landscape'>\n\t\t\t\t<a href='https:\/\/mnlr.ro\/en\/festivalul-international-de-poezie-bucuresti-ziua-1\/whatsapp-image-2024-09-10-at-00-25-50-1\/'><img loading=\"lazy\" decoding=\"async\" width=\"200\" height=\"200\" src=\"https:\/\/mnlr.ro\/wp-content\/uploads\/2024\/09\/WhatsApp-Image-2024-09-10-at-00.25.50-1-200x200.jpeg\" class=\"attachment-thumbnail size-thumbnail\" alt=\"\" srcset=\"https:\/\/mnlr.ro\/wp-content\/uploads\/2024\/09\/WhatsApp-Image-2024-09-10-at-00.25.50-1-200x200.jpeg 200w, https:\/\/mnlr.ro\/wp-content\/uploads\/2024\/09\/WhatsApp-Image-2024-09-10-at-00.25.50-1-150x150.jpeg 150w\" sizes=\"auto, (max-width: 200px) 100vw, 200px\" \/><\/a>\n\t\t\t<\/dt><\/dl><dl class='gallery-item'>\n\t\t\t<dt class='gallery-icon landscape'>\n\t\t\t\t<a href='https:\/\/mnlr.ro\/en\/festivalul-international-de-poezie-bucuresti-ziua-1\/whatsapp-image-2024-09-10-at-00-25-14\/'><img loading=\"lazy\" decoding=\"async\" width=\"200\" height=\"200\" src=\"https:\/\/mnlr.ro\/wp-content\/uploads\/2024\/09\/WhatsApp-Image-2024-09-10-at-00.25.14-200x200.jpeg\" class=\"attachment-thumbnail size-thumbnail\" alt=\"\" srcset=\"https:\/\/mnlr.ro\/wp-content\/uploads\/2024\/09\/WhatsApp-Image-2024-09-10-at-00.25.14-200x200.jpeg 200w, https:\/\/mnlr.ro\/wp-content\/uploads\/2024\/09\/WhatsApp-Image-2024-09-10-at-00.25.14-150x150.jpeg 150w\" sizes=\"auto, (max-width: 200px) 100vw, 200px\" \/><\/a>\n\t\t\t<\/dt><\/dl><br style=\"clear: both\" \/>\n\t\t<\/div>\n\n<p><em>Credit foto: Dan Marinescu<\/em><\/p>\n<p><a href=\"https:\/\/cdrf.canto.global\/b\/H04DL\">https:\/\/cdrf.canto.global\/b\/H04DL<\/a><\/p>\n<p>Dup\u0103 lecturile publice a urmat un concert Porta Art Nova Nobilis \u2013 P.A.N.N. Arti\u0219tii Ansamblului Cameral de Muzic\u0103 Veche Anton Pann au interpretat compozi\u021bii semnate de marele c\u0103rturar, utiliz\u00e2nd instrumente specifice timpului \u00een care ele au fost compuse \u2013 oud, kanun, ney, bendir, riq. \u00cen concert, al\u0103turi de aceste instrumente specifice, muzicienii au performat \u0219i la instrumentele clasice, clarinet \u0219i violoncel, dar \u0219i la vioara marca Niccol\u00f2 Gagliano 1760, proprietate a statului german, landul Baden-W\u00fcrttemberg. Componen\u021ba: dr. Constantin R\u0103ileanu \u2013 coordonatorul ansamblului, voce \u0219i kanun (Rom\u00e2nia), dr. Alexandru Stoica \u2013 oud (Rom\u00e2nia), drd. Sabin Penea \u2013 vioar\u0103 (Rom\u00e2nia), drd. Andrei Ni\u021bescu \u2013 cello, anatolian kemane (Rom\u00e2nia), Ghassan Bouz \u2013 percu\u021bie (Liban), Jovan Sofronievski \u2013 clarinet, ney (Macedonia).<\/p>\n<p>&nbsp;<\/p>\n\n\t\t<style type=\"text\/css\">\n\t\t\t#gallery-4 {\n\t\t\t\tmargin: auto;\n\t\t\t}\n\t\t\t#gallery-4 .gallery-item {\n\t\t\t\tfloat: left;\n\t\t\t\tmargin-top: 10px;\n\t\t\t\ttext-align: center;\n\t\t\t\twidth: 33%;\n\t\t\t}\n\t\t\t#gallery-4 img {\n\t\t\t\tborder: 2px solid #cfcfcf;\n\t\t\t}\n\t\t\t#gallery-4 .gallery-caption {\n\t\t\t\tmargin-left: 0;\n\t\t\t}\n\t\t\t\/* see gallery_shortcode() in wp-includes\/media.php *\/\n\t\t<\/style>\n\t\t<div id='gallery-4' class='gallery galleryid-32965 gallery-columns-3 gallery-size-thumbnail'><dl class='gallery-item'>\n\t\t\t<dt class='gallery-icon landscape'>\n\t\t\t\t<a href='https:\/\/mnlr.ro\/en\/festivalul-international-de-poezie-bucuresti-ziua-1\/whatsapp-image-2024-09-10-at-00-25-49-1\/'><img loading=\"lazy\" decoding=\"async\" width=\"200\" height=\"200\" src=\"https:\/\/mnlr.ro\/wp-content\/uploads\/2024\/09\/WhatsApp-Image-2024-09-10-at-00.25.49-1-200x200.jpeg\" class=\"attachment-thumbnail size-thumbnail\" alt=\"\" srcset=\"https:\/\/mnlr.ro\/wp-content\/uploads\/2024\/09\/WhatsApp-Image-2024-09-10-at-00.25.49-1-200x200.jpeg 200w, https:\/\/mnlr.ro\/wp-content\/uploads\/2024\/09\/WhatsApp-Image-2024-09-10-at-00.25.49-1-150x150.jpeg 150w\" sizes=\"auto, (max-width: 200px) 100vw, 200px\" \/><\/a>\n\t\t\t<\/dt><\/dl><dl class='gallery-item'>\n\t\t\t<dt class='gallery-icon landscape'>\n\t\t\t\t<a href='https:\/\/mnlr.ro\/en\/festivalul-international-de-poezie-bucuresti-ziua-1\/whatsapp-image-2024-09-10-at-00-25-52-1\/'><img loading=\"lazy\" decoding=\"async\" width=\"200\" height=\"200\" src=\"https:\/\/mnlr.ro\/wp-content\/uploads\/2024\/09\/WhatsApp-Image-2024-09-10-at-00.25.52-1-200x200.jpeg\" class=\"attachment-thumbnail size-thumbnail\" alt=\"\" srcset=\"https:\/\/mnlr.ro\/wp-content\/uploads\/2024\/09\/WhatsApp-Image-2024-09-10-at-00.25.52-1-200x200.jpeg 200w, https:\/\/mnlr.ro\/wp-content\/uploads\/2024\/09\/WhatsApp-Image-2024-09-10-at-00.25.52-1-150x150.jpeg 150w\" sizes=\"auto, (max-width: 200px) 100vw, 200px\" \/><\/a>\n\t\t\t<\/dt><\/dl><dl class='gallery-item'>\n\t\t\t<dt class='gallery-icon landscape'>\n\t\t\t\t<a href='https:\/\/mnlr.ro\/en\/festivalul-international-de-poezie-bucuresti-ziua-1\/whatsapp-image-2024-09-10-at-00-25-52-2\/'><img loading=\"lazy\" decoding=\"async\" width=\"200\" height=\"200\" src=\"https:\/\/mnlr.ro\/wp-content\/uploads\/2024\/09\/WhatsApp-Image-2024-09-10-at-00.25.52-2-200x200.jpeg\" class=\"attachment-thumbnail size-thumbnail\" alt=\"\" srcset=\"https:\/\/mnlr.ro\/wp-content\/uploads\/2024\/09\/WhatsApp-Image-2024-09-10-at-00.25.52-2-200x200.jpeg 200w, https:\/\/mnlr.ro\/wp-content\/uploads\/2024\/09\/WhatsApp-Image-2024-09-10-at-00.25.52-2-150x150.jpeg 150w\" sizes=\"auto, (max-width: 200px) 100vw, 200px\" \/><\/a>\n\t\t\t<\/dt><\/dl><br style=\"clear: both\" \/><dl class='gallery-item'>\n\t\t\t<dt class='gallery-icon landscape'>\n\t\t\t\t<a href='https:\/\/mnlr.ro\/en\/festivalul-international-de-poezie-bucuresti-ziua-1\/whatsapp-image-2024-09-10-at-00-25-51-1\/'><img loading=\"lazy\" decoding=\"async\" width=\"200\" height=\"200\" src=\"https:\/\/mnlr.ro\/wp-content\/uploads\/2024\/09\/WhatsApp-Image-2024-09-10-at-00.25.51-1-200x200.jpeg\" class=\"attachment-thumbnail size-thumbnail\" alt=\"\" srcset=\"https:\/\/mnlr.ro\/wp-content\/uploads\/2024\/09\/WhatsApp-Image-2024-09-10-at-00.25.51-1-200x200.jpeg 200w, https:\/\/mnlr.ro\/wp-content\/uploads\/2024\/09\/WhatsApp-Image-2024-09-10-at-00.25.51-1-150x150.jpeg 150w\" sizes=\"auto, (max-width: 200px) 100vw, 200px\" \/><\/a>\n\t\t\t<\/dt><\/dl>\n\t\t\t<br style='clear: both' \/>\n\t\t<\/div>\n\n<\/div>\n<div dir=\"auto\"><em>Credit foto: Dan Marinescu<\/em><\/div>\n<div dir=\"auto\"><a href=\"https:\/\/cdrf.canto.global\/b\/ORIVG\">https:\/\/cdrf.canto.global\/b\/ORIVG<\/a><\/div>\n<div dir=\"auto\"><\/div>\n<p><iframe loading=\"lazy\" title=\"Start Poetry | FIPB 2024\" width=\"500\" height=\"281\" src=\"https:\/\/www.youtube.com\/embed\/SscmK1tglsI?feature=oembed\" frameborder=\"0\" allow=\"accelerometer; autoplay; clipboard-write; encrypted-media; gyroscope; picture-in-picture; web-share\" referrerpolicy=\"strict-origin-when-cross-origin\" allowfullscreen><\/iframe><\/p>\n<p><em>Filmare \u0219i montaj: Alex Ursu<\/em><\/p>\n<p><iframe loading=\"lazy\" title=\"Deschiderea oficial\u0103 a Festivalului Interna\u021bional de Poezie Bucure\u0219ti, edi\u021bia a XIV-a\" width=\"500\" height=\"281\" src=\"https:\/\/www.youtube.com\/embed\/mCwdbNjqZ2Y?feature=oembed\" frameborder=\"0\" allow=\"accelerometer; autoplay; clipboard-write; encrypted-media; gyroscope; picture-in-picture; web-share\" referrerpolicy=\"strict-origin-when-cross-origin\" allowfullscreen><\/iframe><\/p>\n<p><em>Credit foto: Daniel-Paul Ciobanu<\/em><\/p>\n<p>Ziua s-a \u00eencheiat la ARCUB, Sala Mare, Strada Lipscani 84 \u2013 90, cu un Performance poetic cu Chris T\u0103n\u0103sescu aka Margento (Citizen of the Universe) Margento Is Back. The #Graph-Poem Adventure. A prezentat Peter Sragher.<\/p>\n\n\t\t<style type=\"text\/css\">\n\t\t\t#gallery-5 {\n\t\t\t\tmargin: auto;\n\t\t\t}\n\t\t\t#gallery-5 .gallery-item {\n\t\t\t\tfloat: left;\n\t\t\t\tmargin-top: 10px;\n\t\t\t\ttext-align: center;\n\t\t\t\twidth: 33%;\n\t\t\t}\n\t\t\t#gallery-5 img {\n\t\t\t\tborder: 2px solid #cfcfcf;\n\t\t\t}\n\t\t\t#gallery-5 .gallery-caption {\n\t\t\t\tmargin-left: 0;\n\t\t\t}\n\t\t\t\/* see gallery_shortcode() in wp-includes\/media.php *\/\n\t\t<\/style>\n\t\t<div id='gallery-5' class='gallery galleryid-32965 gallery-columns-3 gallery-size-thumbnail'><dl class='gallery-item'>\n\t\t\t<dt class='gallery-icon landscape'>\n\t\t\t\t<a href='https:\/\/mnlr.ro\/en\/festivalul-international-de-poezie-bucuresti-ziua-1\/whatsapp-image-2024-09-11-at-11-15-48-2\/'><img loading=\"lazy\" decoding=\"async\" width=\"200\" height=\"200\" src=\"https:\/\/mnlr.ro\/wp-content\/uploads\/2024\/09\/WhatsApp-Image-2024-09-11-at-11.15.48-2-200x200.jpeg\" class=\"attachment-thumbnail size-thumbnail\" alt=\"\" srcset=\"https:\/\/mnlr.ro\/wp-content\/uploads\/2024\/09\/WhatsApp-Image-2024-09-11-at-11.15.48-2-200x200.jpeg 200w, https:\/\/mnlr.ro\/wp-content\/uploads\/2024\/09\/WhatsApp-Image-2024-09-11-at-11.15.48-2-150x150.jpeg 150w\" sizes=\"auto, (max-width: 200px) 100vw, 200px\" \/><\/a>\n\t\t\t<\/dt><\/dl><dl class='gallery-item'>\n\t\t\t<dt class='gallery-icon landscape'>\n\t\t\t\t<a href='https:\/\/mnlr.ro\/en\/festivalul-international-de-poezie-bucuresti-ziua-1\/whatsapp-image-2024-09-11-at-11-15-51-3\/'><img loading=\"lazy\" decoding=\"async\" width=\"200\" height=\"200\" src=\"https:\/\/mnlr.ro\/wp-content\/uploads\/2024\/09\/WhatsApp-Image-2024-09-11-at-11.15.51-3-200x200.jpeg\" class=\"attachment-thumbnail size-thumbnail\" alt=\"\" srcset=\"https:\/\/mnlr.ro\/wp-content\/uploads\/2024\/09\/WhatsApp-Image-2024-09-11-at-11.15.51-3-200x200.jpeg 200w, https:\/\/mnlr.ro\/wp-content\/uploads\/2024\/09\/WhatsApp-Image-2024-09-11-at-11.15.51-3-150x150.jpeg 150w\" sizes=\"auto, (max-width: 200px) 100vw, 200px\" \/><\/a>\n\t\t\t<\/dt><\/dl><dl class='gallery-item'>\n\t\t\t<dt class='gallery-icon landscape'>\n\t\t\t\t<a href='https:\/\/mnlr.ro\/en\/festivalul-international-de-poezie-bucuresti-ziua-1\/whatsapp-image-2024-09-11-at-11-15-49-3\/'><img loading=\"lazy\" decoding=\"async\" width=\"200\" height=\"200\" src=\"https:\/\/mnlr.ro\/wp-content\/uploads\/2024\/09\/WhatsApp-Image-2024-09-11-at-11.15.49-3-200x200.jpeg\" class=\"attachment-thumbnail size-thumbnail\" alt=\"\" srcset=\"https:\/\/mnlr.ro\/wp-content\/uploads\/2024\/09\/WhatsApp-Image-2024-09-11-at-11.15.49-3-200x200.jpeg 200w, https:\/\/mnlr.ro\/wp-content\/uploads\/2024\/09\/WhatsApp-Image-2024-09-11-at-11.15.49-3-150x150.jpeg 150w\" sizes=\"auto, (max-width: 200px) 100vw, 200px\" \/><\/a>\n\t\t\t<\/dt><\/dl><br style=\"clear: both\" \/><dl class='gallery-item'>\n\t\t\t<dt class='gallery-icon landscape'>\n\t\t\t\t<a href='https:\/\/mnlr.ro\/en\/festivalul-international-de-poezie-bucuresti-ziua-1\/whatsapp-image-2024-09-11-at-11-15-49-5\/'><img loading=\"lazy\" decoding=\"async\" width=\"200\" height=\"200\" src=\"https:\/\/mnlr.ro\/wp-content\/uploads\/2024\/09\/WhatsApp-Image-2024-09-11-at-11.15.49-5-200x200.jpeg\" class=\"attachment-thumbnail size-thumbnail\" alt=\"\" srcset=\"https:\/\/mnlr.ro\/wp-content\/uploads\/2024\/09\/WhatsApp-Image-2024-09-11-at-11.15.49-5-200x200.jpeg 200w, https:\/\/mnlr.ro\/wp-content\/uploads\/2024\/09\/WhatsApp-Image-2024-09-11-at-11.15.49-5-150x150.jpeg 150w\" sizes=\"auto, (max-width: 200px) 100vw, 200px\" \/><\/a>\n\t\t\t<\/dt><\/dl><dl class='gallery-item'>\n\t\t\t<dt class='gallery-icon landscape'>\n\t\t\t\t<a href='https:\/\/mnlr.ro\/en\/festivalul-international-de-poezie-bucuresti-ziua-1\/whatsapp-image-2024-09-11-at-11-15-50-5\/'><img loading=\"lazy\" decoding=\"async\" width=\"200\" height=\"200\" src=\"https:\/\/mnlr.ro\/wp-content\/uploads\/2024\/09\/WhatsApp-Image-2024-09-11-at-11.15.50-5-200x200.jpeg\" class=\"attachment-thumbnail size-thumbnail\" alt=\"\" srcset=\"https:\/\/mnlr.ro\/wp-content\/uploads\/2024\/09\/WhatsApp-Image-2024-09-11-at-11.15.50-5-200x200.jpeg 200w, https:\/\/mnlr.ro\/wp-content\/uploads\/2024\/09\/WhatsApp-Image-2024-09-11-at-11.15.50-5-150x150.jpeg 150w\" sizes=\"auto, (max-width: 200px) 100vw, 200px\" \/><\/a>\n\t\t\t<\/dt><\/dl><dl class='gallery-item'>\n\t\t\t<dt class='gallery-icon landscape'>\n\t\t\t\t<a href='https:\/\/mnlr.ro\/en\/festivalul-international-de-poezie-bucuresti-ziua-1\/whatsapp-image-2024-09-11-at-11-15-50-4\/'><img loading=\"lazy\" decoding=\"async\" width=\"200\" height=\"200\" src=\"https:\/\/mnlr.ro\/wp-content\/uploads\/2024\/09\/WhatsApp-Image-2024-09-11-at-11.15.50-4-200x200.jpeg\" class=\"attachment-thumbnail size-thumbnail\" alt=\"\" srcset=\"https:\/\/mnlr.ro\/wp-content\/uploads\/2024\/09\/WhatsApp-Image-2024-09-11-at-11.15.50-4-200x200.jpeg 200w, https:\/\/mnlr.ro\/wp-content\/uploads\/2024\/09\/WhatsApp-Image-2024-09-11-at-11.15.50-4-12x12.jpeg 12w, https:\/\/mnlr.ro\/wp-content\/uploads\/2024\/09\/WhatsApp-Image-2024-09-11-at-11.15.50-4-150x150.jpeg 150w\" sizes=\"auto, (max-width: 200px) 100vw, 200px\" \/><\/a>\n\t\t\t<\/dt><\/dl><br style=\"clear: both\" \/><dl class='gallery-item'>\n\t\t\t<dt class='gallery-icon landscape'>\n\t\t\t\t<a href='https:\/\/mnlr.ro\/en\/festivalul-international-de-poezie-bucuresti-ziua-1\/whatsapp-image-2024-09-11-at-11-15-51-4\/'><img loading=\"lazy\" decoding=\"async\" width=\"200\" height=\"200\" src=\"https:\/\/mnlr.ro\/wp-content\/uploads\/2024\/09\/WhatsApp-Image-2024-09-11-at-11.15.51-4-200x200.jpeg\" class=\"attachment-thumbnail size-thumbnail\" alt=\"\" srcset=\"https:\/\/mnlr.ro\/wp-content\/uploads\/2024\/09\/WhatsApp-Image-2024-09-11-at-11.15.51-4-200x200.jpeg 200w, https:\/\/mnlr.ro\/wp-content\/uploads\/2024\/09\/WhatsApp-Image-2024-09-11-at-11.15.51-4-150x150.jpeg 150w\" sizes=\"auto, (max-width: 200px) 100vw, 200px\" \/><\/a>\n\t\t\t<\/dt><\/dl>\n\t\t\t<br style='clear: both' \/>\n\t\t<\/div>\n\n<div dir=\"ltr\"><em>Credit foto, filmare \u0219i montaj: Marius Andrei Petre<\/em><\/div>\n<div dir=\"ltr\"><\/div>\n<p><iframe loading=\"lazy\" title=\"Performance poetic: Chris T\u0103n\u0103sescu aka Margento (Citizen of the Universe) | FIPB 2024\" width=\"500\" height=\"281\" src=\"https:\/\/www.youtube.com\/embed\/VO7OqxwJao4?feature=oembed\" frameborder=\"0\" allow=\"accelerometer; autoplay; clipboard-write; encrypted-media; gyroscope; picture-in-picture; web-share\" referrerpolicy=\"strict-origin-when-cross-origin\" allowfullscreen><\/iframe><\/p>","protected":false},"excerpt":{"rendered":"<p>Festivalul Interna\u021bional de Poezie Bucure\u0219ti a avut ca preambul un eveniment special. \u00cen Aula Academiei Rom\u00e2ne, Marco Lucchesi, scriitor, traduc\u0103tor,&#8230;<\/p>","protected":false},"author":11,"featured_media":32978,"comment_status":"closed","ping_status":"closed","sticky":false,"template":"","format":"standard","meta":{"_exactmetrics_skip_tracking":false,"_exactmetrics_sitenote_active":false,"_exactmetrics_sitenote_note":"","_exactmetrics_sitenote_category":0,"footnotes":""},"categories":[9,61],"tags":[],"class_list":["post-32965","post","type-post","status-publish","format-standard","has-post-thumbnail","hentry","category-evenimente","category-festival"],"_links":{"self":[{"href":"https:\/\/mnlr.ro\/en\/wp-json\/wp\/v2\/posts\/32965","targetHints":{"allow":["GET"]}}],"collection":[{"href":"https:\/\/mnlr.ro\/en\/wp-json\/wp\/v2\/posts"}],"about":[{"href":"https:\/\/mnlr.ro\/en\/wp-json\/wp\/v2\/types\/post"}],"author":[{"embeddable":true,"href":"https:\/\/mnlr.ro\/en\/wp-json\/wp\/v2\/users\/11"}],"replies":[{"embeddable":true,"href":"https:\/\/mnlr.ro\/en\/wp-json\/wp\/v2\/comments?post=32965"}],"version-history":[{"count":11,"href":"https:\/\/mnlr.ro\/en\/wp-json\/wp\/v2\/posts\/32965\/revisions"}],"predecessor-version":[{"id":33823,"href":"https:\/\/mnlr.ro\/en\/wp-json\/wp\/v2\/posts\/32965\/revisions\/33823"}],"wp:featuredmedia":[{"embeddable":true,"href":"https:\/\/mnlr.ro\/en\/wp-json\/wp\/v2\/media\/32978"}],"wp:attachment":[{"href":"https:\/\/mnlr.ro\/en\/wp-json\/wp\/v2\/media?parent=32965"}],"wp:term":[{"taxonomy":"category","embeddable":true,"href":"https:\/\/mnlr.ro\/en\/wp-json\/wp\/v2\/categories?post=32965"},{"taxonomy":"post_tag","embeddable":true,"href":"https:\/\/mnlr.ro\/en\/wp-json\/wp\/v2\/tags?post=32965"}],"curies":[{"name":"wp","href":"https:\/\/api.w.org\/{rel}","templated":true}]}}