{"id":33109,"date":"2024-09-12T03:40:18","date_gmt":"2024-09-12T00:40:18","guid":{"rendered":"https:\/\/mnlr.ro\/?p=33109"},"modified":"2024-09-16T13:00:48","modified_gmt":"2024-09-16T10:00:48","slug":"festivalul-international-de-poezie-bucuresti-ziua-3","status":"publish","type":"post","link":"https:\/\/mnlr.ro\/en\/festivalul-international-de-poezie-bucuresti-ziua-3\/","title":{"rendered":"Festivalul Interna\u021bional de Poezie Bucure\u0219ti #Ziua 3"},"content":{"rendered":"<p>A treia zi a Festivalului Interna\u021bional de Poezie Bucure\u0219ti a \u00eenceput de la ora 11.00 cu un dialog despre literatur\u0103 \u0219i r\u0103zboi cu Yaniv Iczkovits (Israel), Bruno Mazzoni (Italia) \u0219i Dinu Fl\u0103m\u00e2nd (Rom\u00e2nia).<\/p>\n<p>&nbsp;<\/p>\n\n\t\t<style type=\"text\/css\">\n\t\t\t#gallery-1 {\n\t\t\t\tmargin: auto;\n\t\t\t}\n\t\t\t#gallery-1 .gallery-item {\n\t\t\t\tfloat: left;\n\t\t\t\tmargin-top: 10px;\n\t\t\t\ttext-align: center;\n\t\t\t\twidth: 33%;\n\t\t\t}\n\t\t\t#gallery-1 img {\n\t\t\t\tborder: 2px solid #cfcfcf;\n\t\t\t}\n\t\t\t#gallery-1 .gallery-caption {\n\t\t\t\tmargin-left: 0;\n\t\t\t}\n\t\t\t\/* see gallery_shortcode() in wp-includes\/media.php *\/\n\t\t<\/style>\n\t\t<div id='gallery-1' class='gallery galleryid-33109 gallery-columns-3 gallery-size-thumbnail'><dl class='gallery-item'>\n\t\t\t<dt class='gallery-icon landscape'>\n\t\t\t\t<a href='https:\/\/mnlr.ro\/en\/festivalul-international-de-poezie-bucuresti-ziua-3\/whatsapp-image-2024-09-11-at-15-43-09-2\/'><img loading=\"lazy\" decoding=\"async\" width=\"200\" height=\"200\" src=\"https:\/\/mnlr.ro\/wp-content\/uploads\/2024\/09\/WhatsApp-Image-2024-09-11-at-15.43.09-2-200x200.jpeg\" class=\"attachment-thumbnail size-thumbnail\" alt=\"\" srcset=\"https:\/\/mnlr.ro\/wp-content\/uploads\/2024\/09\/WhatsApp-Image-2024-09-11-at-15.43.09-2-200x200.jpeg 200w, https:\/\/mnlr.ro\/wp-content\/uploads\/2024\/09\/WhatsApp-Image-2024-09-11-at-15.43.09-2-150x150.jpeg 150w\" sizes=\"auto, (max-width: 200px) 100vw, 200px\" \/><\/a>\n\t\t\t<\/dt><\/dl><dl class='gallery-item'>\n\t\t\t<dt class='gallery-icon landscape'>\n\t\t\t\t<a href='https:\/\/mnlr.ro\/en\/festivalul-international-de-poezie-bucuresti-ziua-3\/whatsapp-image-2024-09-11-at-15-43-09-1\/'><img loading=\"lazy\" decoding=\"async\" width=\"200\" height=\"200\" src=\"https:\/\/mnlr.ro\/wp-content\/uploads\/2024\/09\/WhatsApp-Image-2024-09-11-at-15.43.09-1-200x200.jpeg\" class=\"attachment-thumbnail size-thumbnail\" alt=\"\" srcset=\"https:\/\/mnlr.ro\/wp-content\/uploads\/2024\/09\/WhatsApp-Image-2024-09-11-at-15.43.09-1-200x200.jpeg 200w, https:\/\/mnlr.ro\/wp-content\/uploads\/2024\/09\/WhatsApp-Image-2024-09-11-at-15.43.09-1-150x150.jpeg 150w\" sizes=\"auto, (max-width: 200px) 100vw, 200px\" \/><\/a>\n\t\t\t<\/dt><\/dl><dl class='gallery-item'>\n\t\t\t<dt class='gallery-icon landscape'>\n\t\t\t\t<a href='https:\/\/mnlr.ro\/en\/festivalul-international-de-poezie-bucuresti-ziua-3\/whatsapp-image-2024-09-11-at-15-43-09-3\/'><img loading=\"lazy\" decoding=\"async\" width=\"200\" height=\"200\" src=\"https:\/\/mnlr.ro\/wp-content\/uploads\/2024\/09\/WhatsApp-Image-2024-09-11-at-15.43.09-3-200x200.jpeg\" class=\"attachment-thumbnail size-thumbnail\" alt=\"\" srcset=\"https:\/\/mnlr.ro\/wp-content\/uploads\/2024\/09\/WhatsApp-Image-2024-09-11-at-15.43.09-3-200x200.jpeg 200w, https:\/\/mnlr.ro\/wp-content\/uploads\/2024\/09\/WhatsApp-Image-2024-09-11-at-15.43.09-3-150x150.jpeg 150w\" sizes=\"auto, (max-width: 200px) 100vw, 200px\" \/><\/a>\n\t\t\t<\/dt><\/dl><br style=\"clear: both\" \/><dl class='gallery-item'>\n\t\t\t<dt class='gallery-icon landscape'>\n\t\t\t\t<a href='https:\/\/mnlr.ro\/en\/festivalul-international-de-poezie-bucuresti-ziua-3\/whatsapp-image-2024-09-11-at-15-43-10-1\/'><img loading=\"lazy\" decoding=\"async\" width=\"200\" height=\"200\" src=\"https:\/\/mnlr.ro\/wp-content\/uploads\/2024\/09\/WhatsApp-Image-2024-09-11-at-15.43.10-1-200x200.jpeg\" class=\"attachment-thumbnail size-thumbnail\" alt=\"\" srcset=\"https:\/\/mnlr.ro\/wp-content\/uploads\/2024\/09\/WhatsApp-Image-2024-09-11-at-15.43.10-1-200x200.jpeg 200w, https:\/\/mnlr.ro\/wp-content\/uploads\/2024\/09\/WhatsApp-Image-2024-09-11-at-15.43.10-1-150x150.jpeg 150w\" sizes=\"auto, (max-width: 200px) 100vw, 200px\" \/><\/a>\n\t\t\t<\/dt><\/dl><dl class='gallery-item'>\n\t\t\t<dt class='gallery-icon landscape'>\n\t\t\t\t<a href='https:\/\/mnlr.ro\/en\/festivalul-international-de-poezie-bucuresti-ziua-3\/whatsapp-image-2024-09-11-at-15-43-08\/'><img loading=\"lazy\" decoding=\"async\" width=\"200\" height=\"200\" src=\"https:\/\/mnlr.ro\/wp-content\/uploads\/2024\/09\/WhatsApp-Image-2024-09-11-at-15.43.08-200x200.jpeg\" class=\"attachment-thumbnail size-thumbnail\" alt=\"\" srcset=\"https:\/\/mnlr.ro\/wp-content\/uploads\/2024\/09\/WhatsApp-Image-2024-09-11-at-15.43.08-200x200.jpeg 200w, https:\/\/mnlr.ro\/wp-content\/uploads\/2024\/09\/WhatsApp-Image-2024-09-11-at-15.43.08-150x150.jpeg 150w\" sizes=\"auto, (max-width: 200px) 100vw, 200px\" \/><\/a>\n\t\t\t<\/dt><\/dl><dl class='gallery-item'>\n\t\t\t<dt class='gallery-icon landscape'>\n\t\t\t\t<a href='https:\/\/mnlr.ro\/en\/festivalul-international-de-poezie-bucuresti-ziua-3\/whatsapp-image-2024-09-11-at-15-43-09\/'><img loading=\"lazy\" decoding=\"async\" width=\"200\" height=\"200\" src=\"https:\/\/mnlr.ro\/wp-content\/uploads\/2024\/09\/WhatsApp-Image-2024-09-11-at-15.43.09-200x200.jpeg\" class=\"attachment-thumbnail size-thumbnail\" alt=\"\" srcset=\"https:\/\/mnlr.ro\/wp-content\/uploads\/2024\/09\/WhatsApp-Image-2024-09-11-at-15.43.09-200x200.jpeg 200w, https:\/\/mnlr.ro\/wp-content\/uploads\/2024\/09\/WhatsApp-Image-2024-09-11-at-15.43.09-150x150.jpeg 150w\" sizes=\"auto, (max-width: 200px) 100vw, 200px\" \/><\/a>\n\t\t\t<\/dt><\/dl><br style=\"clear: both\" \/><dl class='gallery-item'>\n\t\t\t<dt class='gallery-icon landscape'>\n\t\t\t\t<a href='https:\/\/mnlr.ro\/en\/festivalul-international-de-poezie-bucuresti-ziua-3\/whatsapp-image-2024-09-11-at-15-43-11-1\/'><img loading=\"lazy\" decoding=\"async\" width=\"200\" height=\"200\" src=\"https:\/\/mnlr.ro\/wp-content\/uploads\/2024\/09\/WhatsApp-Image-2024-09-11-at-15.43.11-1-200x200.jpeg\" class=\"attachment-thumbnail size-thumbnail\" alt=\"\" srcset=\"https:\/\/mnlr.ro\/wp-content\/uploads\/2024\/09\/WhatsApp-Image-2024-09-11-at-15.43.11-1-200x200.jpeg 200w, https:\/\/mnlr.ro\/wp-content\/uploads\/2024\/09\/WhatsApp-Image-2024-09-11-at-15.43.11-1-150x150.jpeg 150w\" sizes=\"auto, (max-width: 200px) 100vw, 200px\" \/><\/a>\n\t\t\t<\/dt><\/dl><dl class='gallery-item'>\n\t\t\t<dt class='gallery-icon landscape'>\n\t\t\t\t<a href='https:\/\/mnlr.ro\/en\/festivalul-international-de-poezie-bucuresti-ziua-3\/whatsapp-image-2024-09-11-at-15-43-09-4\/'><img loading=\"lazy\" decoding=\"async\" width=\"200\" height=\"200\" src=\"https:\/\/mnlr.ro\/wp-content\/uploads\/2024\/09\/WhatsApp-Image-2024-09-11-at-15.43.09-4-200x200.jpeg\" class=\"attachment-thumbnail size-thumbnail\" alt=\"\" srcset=\"https:\/\/mnlr.ro\/wp-content\/uploads\/2024\/09\/WhatsApp-Image-2024-09-11-at-15.43.09-4-200x200.jpeg 200w, https:\/\/mnlr.ro\/wp-content\/uploads\/2024\/09\/WhatsApp-Image-2024-09-11-at-15.43.09-4-150x150.jpeg 150w\" sizes=\"auto, (max-width: 200px) 100vw, 200px\" \/><\/a>\n\t\t\t<\/dt><\/dl><dl class='gallery-item'>\n\t\t\t<dt class='gallery-icon landscape'>\n\t\t\t\t<a href='https:\/\/mnlr.ro\/en\/festivalul-international-de-poezie-bucuresti-ziua-3\/whatsapp-image-2024-09-11-at-15-43-10-2\/'><img loading=\"lazy\" decoding=\"async\" width=\"200\" height=\"200\" src=\"https:\/\/mnlr.ro\/wp-content\/uploads\/2024\/09\/WhatsApp-Image-2024-09-11-at-15.43.10-2-200x200.jpeg\" class=\"attachment-thumbnail size-thumbnail\" alt=\"\" srcset=\"https:\/\/mnlr.ro\/wp-content\/uploads\/2024\/09\/WhatsApp-Image-2024-09-11-at-15.43.10-2-200x200.jpeg 200w, https:\/\/mnlr.ro\/wp-content\/uploads\/2024\/09\/WhatsApp-Image-2024-09-11-at-15.43.10-2-150x150.jpeg 150w\" sizes=\"auto, (max-width: 200px) 100vw, 200px\" \/><\/a>\n\t\t\t<\/dt><\/dl><br style=\"clear: both\" \/><dl class='gallery-item'>\n\t\t\t<dt class='gallery-icon landscape'>\n\t\t\t\t<a href='https:\/\/mnlr.ro\/en\/festivalul-international-de-poezie-bucuresti-ziua-3\/whatsapp-image-2024-09-11-at-15-43-12-2\/'><img loading=\"lazy\" decoding=\"async\" width=\"200\" height=\"200\" src=\"https:\/\/mnlr.ro\/wp-content\/uploads\/2024\/09\/WhatsApp-Image-2024-09-11-at-15.43.12-2-200x200.jpeg\" class=\"attachment-thumbnail size-thumbnail\" alt=\"\" srcset=\"https:\/\/mnlr.ro\/wp-content\/uploads\/2024\/09\/WhatsApp-Image-2024-09-11-at-15.43.12-2-200x200.jpeg 200w, https:\/\/mnlr.ro\/wp-content\/uploads\/2024\/09\/WhatsApp-Image-2024-09-11-at-15.43.12-2-150x150.jpeg 150w\" sizes=\"auto, (max-width: 200px) 100vw, 200px\" \/><\/a>\n\t\t\t<\/dt><\/dl><dl class='gallery-item'>\n\t\t\t<dt class='gallery-icon landscape'>\n\t\t\t\t<a href='https:\/\/mnlr.ro\/en\/festivalul-international-de-poezie-bucuresti-ziua-3\/whatsapp-image-2024-09-11-at-15-43-10\/'><img loading=\"lazy\" decoding=\"async\" width=\"200\" height=\"200\" src=\"https:\/\/mnlr.ro\/wp-content\/uploads\/2024\/09\/WhatsApp-Image-2024-09-11-at-15.43.10-200x200.jpeg\" class=\"attachment-thumbnail size-thumbnail\" alt=\"\" srcset=\"https:\/\/mnlr.ro\/wp-content\/uploads\/2024\/09\/WhatsApp-Image-2024-09-11-at-15.43.10-200x200.jpeg 200w, https:\/\/mnlr.ro\/wp-content\/uploads\/2024\/09\/WhatsApp-Image-2024-09-11-at-15.43.10-150x150.jpeg 150w\" sizes=\"auto, (max-width: 200px) 100vw, 200px\" \/><\/a>\n\t\t\t<\/dt><\/dl><dl class='gallery-item'>\n\t\t\t<dt class='gallery-icon landscape'>\n\t\t\t\t<a href='https:\/\/mnlr.ro\/en\/festivalul-international-de-poezie-bucuresti-ziua-3\/whatsapp-image-2024-09-11-at-15-43-11\/'><img loading=\"lazy\" decoding=\"async\" width=\"200\" height=\"200\" src=\"https:\/\/mnlr.ro\/wp-content\/uploads\/2024\/09\/WhatsApp-Image-2024-09-11-at-15.43.11-200x200.jpeg\" class=\"attachment-thumbnail size-thumbnail\" alt=\"\" srcset=\"https:\/\/mnlr.ro\/wp-content\/uploads\/2024\/09\/WhatsApp-Image-2024-09-11-at-15.43.11-200x200.jpeg 200w, https:\/\/mnlr.ro\/wp-content\/uploads\/2024\/09\/WhatsApp-Image-2024-09-11-at-15.43.11-150x150.jpeg 150w\" sizes=\"auto, (max-width: 200px) 100vw, 200px\" \/><\/a>\n\t\t\t<\/dt><\/dl><br style=\"clear: both\" \/><dl class='gallery-item'>\n\t\t\t<dt class='gallery-icon landscape'>\n\t\t\t\t<a href='https:\/\/mnlr.ro\/en\/festivalul-international-de-poezie-bucuresti-ziua-3\/whatsapp-image-2024-09-11-at-15-43-12-1\/'><img loading=\"lazy\" decoding=\"async\" width=\"200\" height=\"200\" src=\"https:\/\/mnlr.ro\/wp-content\/uploads\/2024\/09\/WhatsApp-Image-2024-09-11-at-15.43.12-1-200x200.jpeg\" class=\"attachment-thumbnail size-thumbnail\" alt=\"\" srcset=\"https:\/\/mnlr.ro\/wp-content\/uploads\/2024\/09\/WhatsApp-Image-2024-09-11-at-15.43.12-1-200x200.jpeg 200w, https:\/\/mnlr.ro\/wp-content\/uploads\/2024\/09\/WhatsApp-Image-2024-09-11-at-15.43.12-1-150x150.jpeg 150w\" sizes=\"auto, (max-width: 200px) 100vw, 200px\" \/><\/a>\n\t\t\t<\/dt><\/dl>\n\t\t\t<br style='clear: both' \/>\n\t\t<\/div>\n\n<p><em>Credit foto: Dan Marinescu<\/em><\/p>\n<p><em>Filmare \u0219i montaj: Alex Ursu<\/em><\/p>\n<p><iframe loading=\"lazy\" title=\"Dialog Despre literatur\u0103 \u0219i r\u0103zboi | FIPB 2024\" width=\"500\" height=\"281\" src=\"https:\/\/www.youtube.com\/embed\/vFBeZy_LKWk?feature=oembed\" frameborder=\"0\" allow=\"accelerometer; autoplay; clipboard-write; encrypted-media; gyroscope; picture-in-picture; web-share\" referrerpolicy=\"strict-origin-when-cross-origin\" allowfullscreen><\/iframe><\/p>\n<p>&nbsp;<\/p>\n<p>De la ora 13.00 la sediul MNLR, strada Nicolae Cre\u021bulescu 8, a avut loc un Remember Traian T. Co\u0219ovei. Invita\u021bi: Dan Mircea Cipariu, \u0218tefania Co\u0219ovei, Florin Iaru, Ion Bogdan Lefter, Bogdan O. Popescu, Cecilia \u0218tef\u0103nescu, Adrian Suciu. Moderator: Ioan Cristescu. \u201eEu am tr\u0103it intens totul, \u0219i via\u021ba social\u0103, \u0219i cea sentimental\u0103. Chiar \u0219i momentele de r\u0103zg\u00e2ndire ale acestei vie\u021bi \u00een versuri. Am avut viraje periculoase, am ars intens. M-am implicat \u00een ce am f\u0103cut. Dar am constatat c\u0103 via\u021ba merge mai departe \u0219i c\u0103 nu merge \u00een direc\u021bia pe care mi-a\u0219 fi dorit-o, nici cultural, nici social. Am o vag\u0103 b\u0103nuial\u0103 c\u0103 societatea se poate dispensa \u0219i de noi, poe\u021bii. Suntem \u021binu\u021bi ca ni\u0219te bibelouri decorative. \u00cen plus, sunt un om cu un spirit autocritic foarte dezvoltat. Poezia, ca \u0219i iubirea, trebuie s\u0103 triumfe\u201d, recuno\u0219tea poetul Traian T. Co\u015fovei, \u00eentr-unul dintre numeroasele sale interviuri.<\/p>\n<p>&nbsp;<\/p>\n\n\t\t<style type=\"text\/css\">\n\t\t\t#gallery-2 {\n\t\t\t\tmargin: auto;\n\t\t\t}\n\t\t\t#gallery-2 .gallery-item {\n\t\t\t\tfloat: left;\n\t\t\t\tmargin-top: 10px;\n\t\t\t\ttext-align: center;\n\t\t\t\twidth: 33%;\n\t\t\t}\n\t\t\t#gallery-2 img {\n\t\t\t\tborder: 2px solid #cfcfcf;\n\t\t\t}\n\t\t\t#gallery-2 .gallery-caption {\n\t\t\t\tmargin-left: 0;\n\t\t\t}\n\t\t\t\/* see gallery_shortcode() in wp-includes\/media.php *\/\n\t\t<\/style>\n\t\t<div id='gallery-2' class='gallery galleryid-33109 gallery-columns-3 gallery-size-thumbnail'><dl class='gallery-item'>\n\t\t\t<dt class='gallery-icon landscape'>\n\t\t\t\t<a href='https:\/\/mnlr.ro\/en\/festivalul-international-de-poezie-bucuresti-ziua-3\/whatsapp-image-2024-09-11-at-15-15-39-2\/'><img loading=\"lazy\" decoding=\"async\" width=\"200\" height=\"200\" src=\"https:\/\/mnlr.ro\/wp-content\/uploads\/2024\/09\/WhatsApp-Image-2024-09-11-at-15.15.39-2-200x200.jpeg\" class=\"attachment-thumbnail size-thumbnail\" alt=\"\" srcset=\"https:\/\/mnlr.ro\/wp-content\/uploads\/2024\/09\/WhatsApp-Image-2024-09-11-at-15.15.39-2-200x200.jpeg 200w, https:\/\/mnlr.ro\/wp-content\/uploads\/2024\/09\/WhatsApp-Image-2024-09-11-at-15.15.39-2-150x150.jpeg 150w\" sizes=\"auto, (max-width: 200px) 100vw, 200px\" \/><\/a>\n\t\t\t<\/dt><\/dl><dl class='gallery-item'>\n\t\t\t<dt class='gallery-icon landscape'>\n\t\t\t\t<a href='https:\/\/mnlr.ro\/en\/festivalul-international-de-poezie-bucuresti-ziua-3\/whatsapp-image-2024-09-11-at-15-15-30-1\/'><img loading=\"lazy\" decoding=\"async\" width=\"200\" height=\"200\" src=\"https:\/\/mnlr.ro\/wp-content\/uploads\/2024\/09\/WhatsApp-Image-2024-09-11-at-15.15.30-1-200x200.jpeg\" class=\"attachment-thumbnail size-thumbnail\" alt=\"\" srcset=\"https:\/\/mnlr.ro\/wp-content\/uploads\/2024\/09\/WhatsApp-Image-2024-09-11-at-15.15.30-1-200x200.jpeg 200w, https:\/\/mnlr.ro\/wp-content\/uploads\/2024\/09\/WhatsApp-Image-2024-09-11-at-15.15.30-1-150x150.jpeg 150w\" sizes=\"auto, (max-width: 200px) 100vw, 200px\" \/><\/a>\n\t\t\t<\/dt><\/dl><dl class='gallery-item'>\n\t\t\t<dt class='gallery-icon landscape'>\n\t\t\t\t<a href='https:\/\/mnlr.ro\/en\/festivalul-international-de-poezie-bucuresti-ziua-3\/whatsapp-image-2024-09-11-at-15-15-30\/'><img loading=\"lazy\" decoding=\"async\" width=\"200\" height=\"200\" src=\"https:\/\/mnlr.ro\/wp-content\/uploads\/2024\/09\/WhatsApp-Image-2024-09-11-at-15.15.30-200x200.jpeg\" class=\"attachment-thumbnail size-thumbnail\" alt=\"\" srcset=\"https:\/\/mnlr.ro\/wp-content\/uploads\/2024\/09\/WhatsApp-Image-2024-09-11-at-15.15.30-200x200.jpeg 200w, https:\/\/mnlr.ro\/wp-content\/uploads\/2024\/09\/WhatsApp-Image-2024-09-11-at-15.15.30-150x150.jpeg 150w\" sizes=\"auto, (max-width: 200px) 100vw, 200px\" \/><\/a>\n\t\t\t<\/dt><\/dl><br style=\"clear: both\" \/><dl class='gallery-item'>\n\t\t\t<dt class='gallery-icon landscape'>\n\t\t\t\t<a href='https:\/\/mnlr.ro\/en\/festivalul-international-de-poezie-bucuresti-ziua-3\/whatsapp-image-2024-09-11-at-15-15-17\/'><img loading=\"lazy\" decoding=\"async\" width=\"200\" height=\"200\" src=\"https:\/\/mnlr.ro\/wp-content\/uploads\/2024\/09\/WhatsApp-Image-2024-09-11-at-15.15.17-200x200.jpeg\" class=\"attachment-thumbnail size-thumbnail\" alt=\"\" srcset=\"https:\/\/mnlr.ro\/wp-content\/uploads\/2024\/09\/WhatsApp-Image-2024-09-11-at-15.15.17-200x200.jpeg 200w, https:\/\/mnlr.ro\/wp-content\/uploads\/2024\/09\/WhatsApp-Image-2024-09-11-at-15.15.17-150x150.jpeg 150w\" sizes=\"auto, (max-width: 200px) 100vw, 200px\" \/><\/a>\n\t\t\t<\/dt><\/dl><dl class='gallery-item'>\n\t\t\t<dt class='gallery-icon landscape'>\n\t\t\t\t<a href='https:\/\/mnlr.ro\/en\/festivalul-international-de-poezie-bucuresti-ziua-3\/whatsapp-image-2024-09-11-at-15-15-14\/'><img loading=\"lazy\" decoding=\"async\" width=\"200\" height=\"200\" src=\"https:\/\/mnlr.ro\/wp-content\/uploads\/2024\/09\/WhatsApp-Image-2024-09-11-at-15.15.14-200x200.jpeg\" class=\"attachment-thumbnail size-thumbnail\" alt=\"\" srcset=\"https:\/\/mnlr.ro\/wp-content\/uploads\/2024\/09\/WhatsApp-Image-2024-09-11-at-15.15.14-200x200.jpeg 200w, https:\/\/mnlr.ro\/wp-content\/uploads\/2024\/09\/WhatsApp-Image-2024-09-11-at-15.15.14-150x150.jpeg 150w\" sizes=\"auto, (max-width: 200px) 100vw, 200px\" \/><\/a>\n\t\t\t<\/dt><\/dl><dl class='gallery-item'>\n\t\t\t<dt class='gallery-icon landscape'>\n\t\t\t\t<a href='https:\/\/mnlr.ro\/en\/festivalul-international-de-poezie-bucuresti-ziua-3\/whatsapp-image-2024-09-11-at-15-15-29\/'><img loading=\"lazy\" decoding=\"async\" width=\"200\" height=\"200\" src=\"https:\/\/mnlr.ro\/wp-content\/uploads\/2024\/09\/WhatsApp-Image-2024-09-11-at-15.15.29-200x200.jpeg\" class=\"attachment-thumbnail size-thumbnail\" alt=\"\" srcset=\"https:\/\/mnlr.ro\/wp-content\/uploads\/2024\/09\/WhatsApp-Image-2024-09-11-at-15.15.29-200x200.jpeg 200w, https:\/\/mnlr.ro\/wp-content\/uploads\/2024\/09\/WhatsApp-Image-2024-09-11-at-15.15.29-150x150.jpeg 150w\" sizes=\"auto, (max-width: 200px) 100vw, 200px\" \/><\/a>\n\t\t\t<\/dt><\/dl><br style=\"clear: both\" \/><dl class='gallery-item'>\n\t\t\t<dt class='gallery-icon landscape'>\n\t\t\t\t<a href='https:\/\/mnlr.ro\/en\/festivalul-international-de-poezie-bucuresti-ziua-3\/whatsapp-image-2024-09-11-at-15-15-34\/'><img loading=\"lazy\" decoding=\"async\" width=\"200\" height=\"200\" src=\"https:\/\/mnlr.ro\/wp-content\/uploads\/2024\/09\/WhatsApp-Image-2024-09-11-at-15.15.34-200x200.jpeg\" class=\"attachment-thumbnail size-thumbnail\" alt=\"\" srcset=\"https:\/\/mnlr.ro\/wp-content\/uploads\/2024\/09\/WhatsApp-Image-2024-09-11-at-15.15.34-200x200.jpeg 200w, https:\/\/mnlr.ro\/wp-content\/uploads\/2024\/09\/WhatsApp-Image-2024-09-11-at-15.15.34-150x150.jpeg 150w\" sizes=\"auto, (max-width: 200px) 100vw, 200px\" \/><\/a>\n\t\t\t<\/dt><\/dl><dl class='gallery-item'>\n\t\t\t<dt class='gallery-icon landscape'>\n\t\t\t\t<a href='https:\/\/mnlr.ro\/en\/festivalul-international-de-poezie-bucuresti-ziua-3\/whatsapp-image-2024-09-11-at-15-15-37\/'><img loading=\"lazy\" decoding=\"async\" width=\"200\" height=\"200\" src=\"https:\/\/mnlr.ro\/wp-content\/uploads\/2024\/09\/WhatsApp-Image-2024-09-11-at-15.15.37-200x200.jpeg\" class=\"attachment-thumbnail size-thumbnail\" alt=\"\" srcset=\"https:\/\/mnlr.ro\/wp-content\/uploads\/2024\/09\/WhatsApp-Image-2024-09-11-at-15.15.37-200x200.jpeg 200w, https:\/\/mnlr.ro\/wp-content\/uploads\/2024\/09\/WhatsApp-Image-2024-09-11-at-15.15.37-150x150.jpeg 150w\" sizes=\"auto, (max-width: 200px) 100vw, 200px\" \/><\/a>\n\t\t\t<\/dt><\/dl><dl class='gallery-item'>\n\t\t\t<dt class='gallery-icon landscape'>\n\t\t\t\t<a href='https:\/\/mnlr.ro\/en\/festivalul-international-de-poezie-bucuresti-ziua-3\/whatsapp-image-2024-09-11-at-15-15-37-1\/'><img loading=\"lazy\" decoding=\"async\" width=\"200\" height=\"200\" src=\"https:\/\/mnlr.ro\/wp-content\/uploads\/2024\/09\/WhatsApp-Image-2024-09-11-at-15.15.37-1-200x200.jpeg\" class=\"attachment-thumbnail size-thumbnail\" alt=\"\" srcset=\"https:\/\/mnlr.ro\/wp-content\/uploads\/2024\/09\/WhatsApp-Image-2024-09-11-at-15.15.37-1-200x200.jpeg 200w, https:\/\/mnlr.ro\/wp-content\/uploads\/2024\/09\/WhatsApp-Image-2024-09-11-at-15.15.37-1-150x150.jpeg 150w\" sizes=\"auto, (max-width: 200px) 100vw, 200px\" \/><\/a>\n\t\t\t<\/dt><\/dl><br style=\"clear: both\" \/><dl class='gallery-item'>\n\t\t\t<dt class='gallery-icon landscape'>\n\t\t\t\t<a href='https:\/\/mnlr.ro\/en\/festivalul-international-de-poezie-bucuresti-ziua-3\/whatsapp-image-2024-09-11-at-15-15-38-2\/'><img loading=\"lazy\" decoding=\"async\" width=\"200\" height=\"200\" src=\"https:\/\/mnlr.ro\/wp-content\/uploads\/2024\/09\/WhatsApp-Image-2024-09-11-at-15.15.38-2-200x200.jpeg\" class=\"attachment-thumbnail size-thumbnail\" alt=\"\" srcset=\"https:\/\/mnlr.ro\/wp-content\/uploads\/2024\/09\/WhatsApp-Image-2024-09-11-at-15.15.38-2-200x200.jpeg 200w, https:\/\/mnlr.ro\/wp-content\/uploads\/2024\/09\/WhatsApp-Image-2024-09-11-at-15.15.38-2-150x150.jpeg 150w\" sizes=\"auto, (max-width: 200px) 100vw, 200px\" \/><\/a>\n\t\t\t<\/dt><\/dl><dl class='gallery-item'>\n\t\t\t<dt class='gallery-icon landscape'>\n\t\t\t\t<a href='https:\/\/mnlr.ro\/en\/festivalul-international-de-poezie-bucuresti-ziua-3\/whatsapp-image-2024-09-11-at-15-15-39-1\/'><img loading=\"lazy\" decoding=\"async\" width=\"200\" height=\"200\" src=\"https:\/\/mnlr.ro\/wp-content\/uploads\/2024\/09\/WhatsApp-Image-2024-09-11-at-15.15.39-1-200x200.jpeg\" class=\"attachment-thumbnail size-thumbnail\" alt=\"\" srcset=\"https:\/\/mnlr.ro\/wp-content\/uploads\/2024\/09\/WhatsApp-Image-2024-09-11-at-15.15.39-1-200x200.jpeg 200w, https:\/\/mnlr.ro\/wp-content\/uploads\/2024\/09\/WhatsApp-Image-2024-09-11-at-15.15.39-1-150x150.jpeg 150w\" sizes=\"auto, (max-width: 200px) 100vw, 200px\" \/><\/a>\n\t\t\t<\/dt><\/dl><dl class='gallery-item'>\n\t\t\t<dt class='gallery-icon landscape'>\n\t\t\t\t<a href='https:\/\/mnlr.ro\/en\/festivalul-international-de-poezie-bucuresti-ziua-3\/whatsapp-image-2024-09-11-at-15-15-40\/'><img loading=\"lazy\" decoding=\"async\" width=\"200\" height=\"200\" src=\"https:\/\/mnlr.ro\/wp-content\/uploads\/2024\/09\/WhatsApp-Image-2024-09-11-at-15.15.40-200x200.jpeg\" class=\"attachment-thumbnail size-thumbnail\" alt=\"\" srcset=\"https:\/\/mnlr.ro\/wp-content\/uploads\/2024\/09\/WhatsApp-Image-2024-09-11-at-15.15.40-200x200.jpeg 200w, https:\/\/mnlr.ro\/wp-content\/uploads\/2024\/09\/WhatsApp-Image-2024-09-11-at-15.15.40-150x150.jpeg 150w\" sizes=\"auto, (max-width: 200px) 100vw, 200px\" \/><\/a>\n\t\t\t<\/dt><\/dl><br style=\"clear: both\" \/><dl class='gallery-item'>\n\t\t\t<dt class='gallery-icon landscape'>\n\t\t\t\t<a href='https:\/\/mnlr.ro\/en\/festivalul-international-de-poezie-bucuresti-ziua-3\/whatsapp-image-2024-09-11-at-15-15-39\/'><img loading=\"lazy\" decoding=\"async\" width=\"200\" height=\"200\" src=\"https:\/\/mnlr.ro\/wp-content\/uploads\/2024\/09\/WhatsApp-Image-2024-09-11-at-15.15.39-200x200.jpeg\" class=\"attachment-thumbnail size-thumbnail\" alt=\"\" srcset=\"https:\/\/mnlr.ro\/wp-content\/uploads\/2024\/09\/WhatsApp-Image-2024-09-11-at-15.15.39-200x200.jpeg 200w, https:\/\/mnlr.ro\/wp-content\/uploads\/2024\/09\/WhatsApp-Image-2024-09-11-at-15.15.39-150x150.jpeg 150w\" sizes=\"auto, (max-width: 200px) 100vw, 200px\" \/><\/a>\n\t\t\t<\/dt><\/dl>\n\t\t\t<br style='clear: both' \/>\n\t\t<\/div>\n\n<p><em>Credit foto: Dan Marinescu<\/em><\/p>\n<p><em>Filmare \u0219i montaj: Alex Ursu<\/em><\/p>\n<p><iframe loading=\"lazy\" title=\"Remember Traian T. Co\u0219ovei | FIPB 2024\" width=\"500\" height=\"281\" src=\"https:\/\/www.youtube.com\/embed\/FCc7aVTRscU?feature=oembed\" frameborder=\"0\" allow=\"accelerometer; autoplay; clipboard-write; encrypted-media; gyroscope; picture-in-picture; web-share\" referrerpolicy=\"strict-origin-when-cross-origin\" allowfullscreen><\/iframe><\/p>\n<p>&nbsp;<\/p>\n<p>De miercuri, 11 septembrie 2024 p\u00e2n\u0103 vineri, 13 septembrie 2024, \u00eentre orele 15.00 \u2013 18.00, la ARCUB, Sala Atelier, Strada Lipscani 84 \u2013 90, a avut loc un Workshop in poetry &amp; performance: From Page to Stage with Andy Willoughby (Marea Britanie). Participan\u021bii \u0219i-au dezvoltat abilit\u0103\u021bile de scris solo \u0219i recital, tehnica de performan\u021b\u0103 \u0219i metode de grup slam pentru echipe colaborative. Participarea la atelier a fost gratuit\u0103, iar accesul s-a f\u0103cut \u00een baza confirm\u0103rii primite \u00een urma \u00eenscrierii. Atelierul a fost sus\u021binut \u00een limba englez\u0103.<\/p>\n<p>&nbsp;<\/p>\n<p><iframe loading=\"lazy\" title=\"From Page to Stage with Andy Willoughby | FIPB 2024\" width=\"500\" height=\"281\" src=\"https:\/\/www.youtube.com\/embed\/Bdf5pXxjNos?start=27&#038;feature=oembed\" frameborder=\"0\" allow=\"accelerometer; autoplay; clipboard-write; encrypted-media; gyroscope; picture-in-picture; web-share\" referrerpolicy=\"strict-origin-when-cross-origin\" allowfullscreen><\/iframe><\/p>\n<p>&nbsp;<\/p>\n<p>De la ora 15.30, a avut loc la Biblioteca Metropolitan\u0103 Bucure\u0219ti, strada Tache Ionescu 4, o sesiune de lecturi publice. Au citit poe\u021bi din Filiala Bucure\u0219ti Poezie a Uniunii Scriitorilor din Rom\u00e2nia precum Costinel Petrache, Liviu Cap\u0219a, Gabriel Burlacu, Mihaela Stanciu, Carmen Secere, Miruna Dr\u0103ghici, Raluca Faraon, Florentina Chifu, Mihaela Oancea, Victoria Milescu, Valentin Busuioc, Dumitru Ioan Dinc\u0103. Moderatori: Evelyne Croitoru, Horia G\u00e2rbea.<\/p>\n<p>&nbsp;<\/p>\n\n\t\t<style type=\"text\/css\">\n\t\t\t#gallery-3 {\n\t\t\t\tmargin: auto;\n\t\t\t}\n\t\t\t#gallery-3 .gallery-item {\n\t\t\t\tfloat: left;\n\t\t\t\tmargin-top: 10px;\n\t\t\t\ttext-align: center;\n\t\t\t\twidth: 33%;\n\t\t\t}\n\t\t\t#gallery-3 img {\n\t\t\t\tborder: 2px solid #cfcfcf;\n\t\t\t}\n\t\t\t#gallery-3 .gallery-caption {\n\t\t\t\tmargin-left: 0;\n\t\t\t}\n\t\t\t\/* see gallery_shortcode() in wp-includes\/media.php *\/\n\t\t<\/style>\n\t\t<div id='gallery-3' class='gallery galleryid-33109 gallery-columns-3 gallery-size-thumbnail'><dl class='gallery-item'>\n\t\t\t<dt class='gallery-icon landscape'>\n\t\t\t\t<a href='https:\/\/mnlr.ro\/en\/festivalul-international-de-poezie-bucuresti-ziua-3\/whatsapp-image-2024-09-11-at-16-46-32\/'><img loading=\"lazy\" decoding=\"async\" width=\"200\" height=\"200\" src=\"https:\/\/mnlr.ro\/wp-content\/uploads\/2024\/09\/WhatsApp-Image-2024-09-11-at-16.46.32-200x200.jpeg\" class=\"attachment-thumbnail size-thumbnail\" alt=\"\" srcset=\"https:\/\/mnlr.ro\/wp-content\/uploads\/2024\/09\/WhatsApp-Image-2024-09-11-at-16.46.32-200x200.jpeg 200w, https:\/\/mnlr.ro\/wp-content\/uploads\/2024\/09\/WhatsApp-Image-2024-09-11-at-16.46.32-150x150.jpeg 150w\" sizes=\"auto, (max-width: 200px) 100vw, 200px\" \/><\/a>\n\t\t\t<\/dt><\/dl><dl class='gallery-item'>\n\t\t\t<dt class='gallery-icon landscape'>\n\t\t\t\t<a href='https:\/\/mnlr.ro\/en\/festivalul-international-de-poezie-bucuresti-ziua-3\/whatsapp-image-2024-09-11-at-16-40-06\/'><img loading=\"lazy\" decoding=\"async\" width=\"200\" height=\"200\" src=\"https:\/\/mnlr.ro\/wp-content\/uploads\/2024\/09\/WhatsApp-Image-2024-09-11-at-16.40.06-200x200.jpeg\" class=\"attachment-thumbnail size-thumbnail\" alt=\"\" srcset=\"https:\/\/mnlr.ro\/wp-content\/uploads\/2024\/09\/WhatsApp-Image-2024-09-11-at-16.40.06-200x200.jpeg 200w, https:\/\/mnlr.ro\/wp-content\/uploads\/2024\/09\/WhatsApp-Image-2024-09-11-at-16.40.06-150x150.jpeg 150w\" sizes=\"auto, (max-width: 200px) 100vw, 200px\" \/><\/a>\n\t\t\t<\/dt><\/dl><dl class='gallery-item'>\n\t\t\t<dt class='gallery-icon landscape'>\n\t\t\t\t<a href='https:\/\/mnlr.ro\/en\/festivalul-international-de-poezie-bucuresti-ziua-3\/whatsapp-image-2024-09-11-at-16-24-14\/'><img loading=\"lazy\" decoding=\"async\" width=\"200\" height=\"200\" src=\"https:\/\/mnlr.ro\/wp-content\/uploads\/2024\/09\/WhatsApp-Image-2024-09-11-at-16.24.14-200x200.jpeg\" class=\"attachment-thumbnail size-thumbnail\" alt=\"\" srcset=\"https:\/\/mnlr.ro\/wp-content\/uploads\/2024\/09\/WhatsApp-Image-2024-09-11-at-16.24.14-200x200.jpeg 200w, https:\/\/mnlr.ro\/wp-content\/uploads\/2024\/09\/WhatsApp-Image-2024-09-11-at-16.24.14-150x150.jpeg 150w\" sizes=\"auto, (max-width: 200px) 100vw, 200px\" \/><\/a>\n\t\t\t<\/dt><\/dl><br style=\"clear: both\" \/><dl class='gallery-item'>\n\t\t\t<dt class='gallery-icon landscape'>\n\t\t\t\t<a href='https:\/\/mnlr.ro\/en\/festivalul-international-de-poezie-bucuresti-ziua-3\/whatsapp-image-2024-09-11-at-16-00-27\/'><img loading=\"lazy\" decoding=\"async\" width=\"200\" height=\"200\" src=\"https:\/\/mnlr.ro\/wp-content\/uploads\/2024\/09\/WhatsApp-Image-2024-09-11-at-16.00.27-200x200.jpeg\" class=\"attachment-thumbnail size-thumbnail\" alt=\"\" srcset=\"https:\/\/mnlr.ro\/wp-content\/uploads\/2024\/09\/WhatsApp-Image-2024-09-11-at-16.00.27-200x200.jpeg 200w, https:\/\/mnlr.ro\/wp-content\/uploads\/2024\/09\/WhatsApp-Image-2024-09-11-at-16.00.27-150x150.jpeg 150w\" sizes=\"auto, (max-width: 200px) 100vw, 200px\" \/><\/a>\n\t\t\t<\/dt><\/dl><dl class='gallery-item'>\n\t\t\t<dt class='gallery-icon landscape'>\n\t\t\t\t<a href='https:\/\/mnlr.ro\/en\/festivalul-international-de-poezie-bucuresti-ziua-3\/whatsapp-image-2024-09-11-at-16-18-13\/'><img loading=\"lazy\" decoding=\"async\" width=\"200\" height=\"200\" src=\"https:\/\/mnlr.ro\/wp-content\/uploads\/2024\/09\/WhatsApp-Image-2024-09-11-at-16.18.13-200x200.jpeg\" class=\"attachment-thumbnail size-thumbnail\" alt=\"\" srcset=\"https:\/\/mnlr.ro\/wp-content\/uploads\/2024\/09\/WhatsApp-Image-2024-09-11-at-16.18.13-200x200.jpeg 200w, https:\/\/mnlr.ro\/wp-content\/uploads\/2024\/09\/WhatsApp-Image-2024-09-11-at-16.18.13-150x150.jpeg 150w\" sizes=\"auto, (max-width: 200px) 100vw, 200px\" \/><\/a>\n\t\t\t<\/dt><\/dl><dl class='gallery-item'>\n\t\t\t<dt class='gallery-icon landscape'>\n\t\t\t\t<a href='https:\/\/mnlr.ro\/en\/festivalul-international-de-poezie-bucuresti-ziua-3\/whatsapp-image-2024-09-11-at-16-50-34\/'><img loading=\"lazy\" decoding=\"async\" width=\"200\" height=\"200\" src=\"https:\/\/mnlr.ro\/wp-content\/uploads\/2024\/09\/WhatsApp-Image-2024-09-11-at-16.50.34-200x200.jpeg\" class=\"attachment-thumbnail size-thumbnail\" alt=\"\" srcset=\"https:\/\/mnlr.ro\/wp-content\/uploads\/2024\/09\/WhatsApp-Image-2024-09-11-at-16.50.34-200x200.jpeg 200w, https:\/\/mnlr.ro\/wp-content\/uploads\/2024\/09\/WhatsApp-Image-2024-09-11-at-16.50.34-150x150.jpeg 150w\" sizes=\"auto, (max-width: 200px) 100vw, 200px\" \/><\/a>\n\t\t\t<\/dt><\/dl><br style=\"clear: both\" \/><dl class='gallery-item'>\n\t\t\t<dt class='gallery-icon portrait'>\n\t\t\t\t<a href='https:\/\/mnlr.ro\/en\/festivalul-international-de-poezie-bucuresti-ziua-3\/459410650_8136434256403787_8705922724545237625_n\/'><img loading=\"lazy\" decoding=\"async\" width=\"200\" height=\"200\" src=\"https:\/\/mnlr.ro\/wp-content\/uploads\/2024\/09\/459410650_8136434256403787_8705922724545237625_n-200x200.jpg\" class=\"attachment-thumbnail size-thumbnail\" alt=\"\" srcset=\"https:\/\/mnlr.ro\/wp-content\/uploads\/2024\/09\/459410650_8136434256403787_8705922724545237625_n-200x200.jpg 200w, https:\/\/mnlr.ro\/wp-content\/uploads\/2024\/09\/459410650_8136434256403787_8705922724545237625_n-150x150.jpg 150w\" sizes=\"auto, (max-width: 200px) 100vw, 200px\" \/><\/a>\n\t\t\t<\/dt><\/dl><dl class='gallery-item'>\n\t\t\t<dt class='gallery-icon landscape'>\n\t\t\t\t<a href='https:\/\/mnlr.ro\/en\/festivalul-international-de-poezie-bucuresti-ziua-3\/whatsapp-image-2024-09-11-at-16-11-36\/'><img loading=\"lazy\" decoding=\"async\" width=\"200\" height=\"200\" src=\"https:\/\/mnlr.ro\/wp-content\/uploads\/2024\/09\/WhatsApp-Image-2024-09-11-at-16.11.36-200x200.jpeg\" class=\"attachment-thumbnail size-thumbnail\" alt=\"\" srcset=\"https:\/\/mnlr.ro\/wp-content\/uploads\/2024\/09\/WhatsApp-Image-2024-09-11-at-16.11.36-200x200.jpeg 200w, https:\/\/mnlr.ro\/wp-content\/uploads\/2024\/09\/WhatsApp-Image-2024-09-11-at-16.11.36-150x150.jpeg 150w\" sizes=\"auto, (max-width: 200px) 100vw, 200px\" \/><\/a>\n\t\t\t<\/dt><\/dl><dl class='gallery-item'>\n\t\t\t<dt class='gallery-icon landscape'>\n\t\t\t\t<a href='https:\/\/mnlr.ro\/en\/festivalul-international-de-poezie-bucuresti-ziua-3\/whatsapp-image-2024-09-11-at-15-49-21-1\/'><img loading=\"lazy\" decoding=\"async\" width=\"200\" height=\"200\" src=\"https:\/\/mnlr.ro\/wp-content\/uploads\/2024\/09\/WhatsApp-Image-2024-09-11-at-15.49.21-1-200x200.jpeg\" class=\"attachment-thumbnail size-thumbnail\" alt=\"\" srcset=\"https:\/\/mnlr.ro\/wp-content\/uploads\/2024\/09\/WhatsApp-Image-2024-09-11-at-15.49.21-1-200x200.jpeg 200w, https:\/\/mnlr.ro\/wp-content\/uploads\/2024\/09\/WhatsApp-Image-2024-09-11-at-15.49.21-1-150x150.jpeg 150w\" sizes=\"auto, (max-width: 200px) 100vw, 200px\" \/><\/a>\n\t\t\t<\/dt><\/dl><br style=\"clear: both\" \/><dl class='gallery-item'>\n\t\t\t<dt class='gallery-icon landscape'>\n\t\t\t\t<a href='https:\/\/mnlr.ro\/en\/festivalul-international-de-poezie-bucuresti-ziua-3\/whatsapp-image-2024-09-11-at-15-41-10-3\/'><img loading=\"lazy\" decoding=\"async\" width=\"200\" height=\"200\" src=\"https:\/\/mnlr.ro\/wp-content\/uploads\/2024\/09\/WhatsApp-Image-2024-09-11-at-15.41.10-3-200x200.jpeg\" class=\"attachment-thumbnail size-thumbnail\" alt=\"\" srcset=\"https:\/\/mnlr.ro\/wp-content\/uploads\/2024\/09\/WhatsApp-Image-2024-09-11-at-15.41.10-3-200x200.jpeg 200w, https:\/\/mnlr.ro\/wp-content\/uploads\/2024\/09\/WhatsApp-Image-2024-09-11-at-15.41.10-3-150x150.jpeg 150w\" sizes=\"auto, (max-width: 200px) 100vw, 200px\" \/><\/a>\n\t\t\t<\/dt><\/dl><dl class='gallery-item'>\n\t\t\t<dt class='gallery-icon portrait'>\n\t\t\t\t<a href='https:\/\/mnlr.ro\/en\/festivalul-international-de-poezie-bucuresti-ziua-3\/whatsapp-image-2024-09-11-at-15-45-13\/'><img loading=\"lazy\" decoding=\"async\" width=\"200\" height=\"200\" src=\"https:\/\/mnlr.ro\/wp-content\/uploads\/2024\/09\/WhatsApp-Image-2024-09-11-at-15.45.13-200x200.jpeg\" class=\"attachment-thumbnail size-thumbnail\" alt=\"\" srcset=\"https:\/\/mnlr.ro\/wp-content\/uploads\/2024\/09\/WhatsApp-Image-2024-09-11-at-15.45.13-200x200.jpeg 200w, https:\/\/mnlr.ro\/wp-content\/uploads\/2024\/09\/WhatsApp-Image-2024-09-11-at-15.45.13-150x150.jpeg 150w\" sizes=\"auto, (max-width: 200px) 100vw, 200px\" \/><\/a>\n\t\t\t<\/dt><\/dl><dl class='gallery-item'>\n\t\t\t<dt class='gallery-icon landscape'>\n\t\t\t\t<a href='https:\/\/mnlr.ro\/en\/festivalul-international-de-poezie-bucuresti-ziua-3\/whatsapp-image-2024-09-11-at-16-33-41\/'><img loading=\"lazy\" decoding=\"async\" width=\"200\" height=\"200\" src=\"https:\/\/mnlr.ro\/wp-content\/uploads\/2024\/09\/WhatsApp-Image-2024-09-11-at-16.33.41-200x200.jpeg\" class=\"attachment-thumbnail size-thumbnail\" alt=\"\" srcset=\"https:\/\/mnlr.ro\/wp-content\/uploads\/2024\/09\/WhatsApp-Image-2024-09-11-at-16.33.41-200x200.jpeg 200w, https:\/\/mnlr.ro\/wp-content\/uploads\/2024\/09\/WhatsApp-Image-2024-09-11-at-16.33.41-150x150.jpeg 150w\" sizes=\"auto, (max-width: 200px) 100vw, 200px\" \/><\/a>\n\t\t\t<\/dt><\/dl><br style=\"clear: both\" \/><dl class='gallery-item'>\n\t\t\t<dt class='gallery-icon landscape'>\n\t\t\t\t<a href='https:\/\/mnlr.ro\/en\/festivalul-international-de-poezie-bucuresti-ziua-3\/whatsapp-image-2024-09-11-at-15-56-36\/'><img loading=\"lazy\" decoding=\"async\" width=\"200\" height=\"200\" src=\"https:\/\/mnlr.ro\/wp-content\/uploads\/2024\/09\/WhatsApp-Image-2024-09-11-at-15.56.36-200x200.jpeg\" class=\"attachment-thumbnail size-thumbnail\" alt=\"\" srcset=\"https:\/\/mnlr.ro\/wp-content\/uploads\/2024\/09\/WhatsApp-Image-2024-09-11-at-15.56.36-200x200.jpeg 200w, https:\/\/mnlr.ro\/wp-content\/uploads\/2024\/09\/WhatsApp-Image-2024-09-11-at-15.56.36-150x150.jpeg 150w\" sizes=\"auto, (max-width: 200px) 100vw, 200px\" \/><\/a>\n\t\t\t<\/dt><\/dl><dl class='gallery-item'>\n\t\t\t<dt class='gallery-icon landscape'>\n\t\t\t\t<a href='https:\/\/mnlr.ro\/en\/festivalul-international-de-poezie-bucuresti-ziua-3\/whatsapp-image-2024-09-11-at-16-31-20\/'><img loading=\"lazy\" decoding=\"async\" width=\"200\" height=\"200\" src=\"https:\/\/mnlr.ro\/wp-content\/uploads\/2024\/09\/WhatsApp-Image-2024-09-11-at-16.31.20-200x200.jpeg\" class=\"attachment-thumbnail size-thumbnail\" alt=\"\" srcset=\"https:\/\/mnlr.ro\/wp-content\/uploads\/2024\/09\/WhatsApp-Image-2024-09-11-at-16.31.20-200x200.jpeg 200w, https:\/\/mnlr.ro\/wp-content\/uploads\/2024\/09\/WhatsApp-Image-2024-09-11-at-16.31.20-150x150.jpeg 150w\" sizes=\"auto, (max-width: 200px) 100vw, 200px\" \/><\/a>\n\t\t\t<\/dt><\/dl>\n\t\t\t<br style='clear: both' \/>\n\t\t<\/div>\n\n<p><em>Credit foto, filmare \u0219i montaj: Daniel-Paul Ciobanu<\/em><\/p>\n<p>&nbsp;<\/p>\n<p><iframe loading=\"lazy\" title=\"Lecturi publice, 11 septembrie 2024, ora 15.30 | FIPB 2024\" width=\"500\" height=\"281\" src=\"https:\/\/www.youtube.com\/embed\/ZHuhTCSO8fA?feature=oembed\" frameborder=\"0\" allow=\"accelerometer; autoplay; clipboard-write; encrypted-media; gyroscope; picture-in-picture; web-share\" referrerpolicy=\"strict-origin-when-cross-origin\" allowfullscreen><\/iframe><\/p>\n<p>&nbsp;<\/p>\n<p>De la ora 16.00, \u00een Sala Perpessicius a avut loc dezbaterea Cum se vede Rom\u00e2nia de afar\u0103. Invita\u021bi: Carmen-Francesca Banciu, Bruno Mazzoni, Victor Ivanovici, Matei Vi\u0219niec. Moderator: C\u0103lin-Andrei Mih\u0103ilescu.<\/p>\n<p>&nbsp;<\/p>\n\n\t\t<style type=\"text\/css\">\n\t\t\t#gallery-4 {\n\t\t\t\tmargin: auto;\n\t\t\t}\n\t\t\t#gallery-4 .gallery-item {\n\t\t\t\tfloat: left;\n\t\t\t\tmargin-top: 10px;\n\t\t\t\ttext-align: center;\n\t\t\t\twidth: 33%;\n\t\t\t}\n\t\t\t#gallery-4 img {\n\t\t\t\tborder: 2px solid #cfcfcf;\n\t\t\t}\n\t\t\t#gallery-4 .gallery-caption {\n\t\t\t\tmargin-left: 0;\n\t\t\t}\n\t\t\t\/* see gallery_shortcode() in wp-includes\/media.php *\/\n\t\t<\/style>\n\t\t<div id='gallery-4' class='gallery galleryid-33109 gallery-columns-3 gallery-size-thumbnail'><dl class='gallery-item'>\n\t\t\t<dt class='gallery-icon landscape'>\n\t\t\t\t<a href='https:\/\/mnlr.ro\/en\/festivalul-international-de-poezie-bucuresti-ziua-3\/whatsapp-image-2024-09-12-at-00-30-57\/'><img loading=\"lazy\" decoding=\"async\" width=\"200\" height=\"200\" src=\"https:\/\/mnlr.ro\/wp-content\/uploads\/2024\/09\/WhatsApp-Image-2024-09-12-at-00.30.57-200x200.jpeg\" class=\"attachment-thumbnail size-thumbnail\" alt=\"\" srcset=\"https:\/\/mnlr.ro\/wp-content\/uploads\/2024\/09\/WhatsApp-Image-2024-09-12-at-00.30.57-200x200.jpeg 200w, https:\/\/mnlr.ro\/wp-content\/uploads\/2024\/09\/WhatsApp-Image-2024-09-12-at-00.30.57-150x150.jpeg 150w\" sizes=\"auto, (max-width: 200px) 100vw, 200px\" \/><\/a>\n\t\t\t<\/dt><\/dl><dl class='gallery-item'>\n\t\t\t<dt class='gallery-icon landscape'>\n\t\t\t\t<a href='https:\/\/mnlr.ro\/en\/festivalul-international-de-poezie-bucuresti-ziua-3\/whatsapp-image-2024-09-12-at-00-30-27\/'><img loading=\"lazy\" decoding=\"async\" width=\"200\" height=\"200\" src=\"https:\/\/mnlr.ro\/wp-content\/uploads\/2024\/09\/WhatsApp-Image-2024-09-12-at-00.30.27-200x200.jpeg\" class=\"attachment-thumbnail size-thumbnail\" alt=\"\" srcset=\"https:\/\/mnlr.ro\/wp-content\/uploads\/2024\/09\/WhatsApp-Image-2024-09-12-at-00.30.27-200x200.jpeg 200w, https:\/\/mnlr.ro\/wp-content\/uploads\/2024\/09\/WhatsApp-Image-2024-09-12-at-00.30.27-150x150.jpeg 150w\" sizes=\"auto, (max-width: 200px) 100vw, 200px\" \/><\/a>\n\t\t\t<\/dt><\/dl><dl class='gallery-item'>\n\t\t\t<dt class='gallery-icon landscape'>\n\t\t\t\t<a href='https:\/\/mnlr.ro\/en\/festivalul-international-de-poezie-bucuresti-ziua-3\/whatsapp-image-2024-09-12-at-00-30-38-2\/'><img loading=\"lazy\" decoding=\"async\" width=\"200\" height=\"200\" src=\"https:\/\/mnlr.ro\/wp-content\/uploads\/2024\/09\/WhatsApp-Image-2024-09-12-at-00.30.38-2-200x200.jpeg\" class=\"attachment-thumbnail size-thumbnail\" alt=\"\" srcset=\"https:\/\/mnlr.ro\/wp-content\/uploads\/2024\/09\/WhatsApp-Image-2024-09-12-at-00.30.38-2-200x200.jpeg 200w, https:\/\/mnlr.ro\/wp-content\/uploads\/2024\/09\/WhatsApp-Image-2024-09-12-at-00.30.38-2-150x150.jpeg 150w\" sizes=\"auto, (max-width: 200px) 100vw, 200px\" \/><\/a>\n\t\t\t<\/dt><\/dl><br style=\"clear: both\" \/><dl class='gallery-item'>\n\t\t\t<dt class='gallery-icon landscape'>\n\t\t\t\t<a href='https:\/\/mnlr.ro\/en\/festivalul-international-de-poezie-bucuresti-ziua-3\/whatsapp-image-2024-09-12-at-00-30-30-2\/'><img loading=\"lazy\" decoding=\"async\" width=\"200\" height=\"200\" src=\"https:\/\/mnlr.ro\/wp-content\/uploads\/2024\/09\/WhatsApp-Image-2024-09-12-at-00.30.30-2-200x200.jpeg\" class=\"attachment-thumbnail size-thumbnail\" alt=\"\" srcset=\"https:\/\/mnlr.ro\/wp-content\/uploads\/2024\/09\/WhatsApp-Image-2024-09-12-at-00.30.30-2-200x200.jpeg 200w, https:\/\/mnlr.ro\/wp-content\/uploads\/2024\/09\/WhatsApp-Image-2024-09-12-at-00.30.30-2-150x150.jpeg 150w\" sizes=\"auto, (max-width: 200px) 100vw, 200px\" \/><\/a>\n\t\t\t<\/dt><\/dl><dl class='gallery-item'>\n\t\t\t<dt class='gallery-icon landscape'>\n\t\t\t\t<a href='https:\/\/mnlr.ro\/en\/festivalul-international-de-poezie-bucuresti-ziua-3\/whatsapp-image-2024-09-12-at-00-30-30-1\/'><img loading=\"lazy\" decoding=\"async\" width=\"200\" height=\"200\" src=\"https:\/\/mnlr.ro\/wp-content\/uploads\/2024\/09\/WhatsApp-Image-2024-09-12-at-00.30.30-1-200x200.jpeg\" class=\"attachment-thumbnail size-thumbnail\" alt=\"\" srcset=\"https:\/\/mnlr.ro\/wp-content\/uploads\/2024\/09\/WhatsApp-Image-2024-09-12-at-00.30.30-1-200x200.jpeg 200w, https:\/\/mnlr.ro\/wp-content\/uploads\/2024\/09\/WhatsApp-Image-2024-09-12-at-00.30.30-1-150x150.jpeg 150w\" sizes=\"auto, (max-width: 200px) 100vw, 200px\" \/><\/a>\n\t\t\t<\/dt><\/dl><dl class='gallery-item'>\n\t\t\t<dt class='gallery-icon landscape'>\n\t\t\t\t<a href='https:\/\/mnlr.ro\/en\/festivalul-international-de-poezie-bucuresti-ziua-3\/whatsapp-image-2024-09-12-at-00-30-27-1\/'><img loading=\"lazy\" decoding=\"async\" width=\"200\" height=\"200\" src=\"https:\/\/mnlr.ro\/wp-content\/uploads\/2024\/09\/WhatsApp-Image-2024-09-12-at-00.30.27-1-200x200.jpeg\" class=\"attachment-thumbnail size-thumbnail\" alt=\"\" srcset=\"https:\/\/mnlr.ro\/wp-content\/uploads\/2024\/09\/WhatsApp-Image-2024-09-12-at-00.30.27-1-200x200.jpeg 200w, https:\/\/mnlr.ro\/wp-content\/uploads\/2024\/09\/WhatsApp-Image-2024-09-12-at-00.30.27-1-150x150.jpeg 150w\" sizes=\"auto, (max-width: 200px) 100vw, 200px\" \/><\/a>\n\t\t\t<\/dt><\/dl><br style=\"clear: both\" \/><dl class='gallery-item'>\n\t\t\t<dt class='gallery-icon landscape'>\n\t\t\t\t<a href='https:\/\/mnlr.ro\/en\/festivalul-international-de-poezie-bucuresti-ziua-3\/whatsapp-image-2024-09-12-at-00-30-57-1\/'><img loading=\"lazy\" decoding=\"async\" width=\"200\" height=\"200\" src=\"https:\/\/mnlr.ro\/wp-content\/uploads\/2024\/09\/WhatsApp-Image-2024-09-12-at-00.30.57-1-200x200.jpeg\" class=\"attachment-thumbnail size-thumbnail\" alt=\"\" srcset=\"https:\/\/mnlr.ro\/wp-content\/uploads\/2024\/09\/WhatsApp-Image-2024-09-12-at-00.30.57-1-200x200.jpeg 200w, https:\/\/mnlr.ro\/wp-content\/uploads\/2024\/09\/WhatsApp-Image-2024-09-12-at-00.30.57-1-150x150.jpeg 150w\" sizes=\"auto, (max-width: 200px) 100vw, 200px\" \/><\/a>\n\t\t\t<\/dt><\/dl><dl class='gallery-item'>\n\t\t\t<dt class='gallery-icon landscape'>\n\t\t\t\t<a href='https:\/\/mnlr.ro\/en\/festivalul-international-de-poezie-bucuresti-ziua-3\/whatsapp-image-2024-09-12-at-00-30-30\/'><img loading=\"lazy\" decoding=\"async\" width=\"200\" height=\"200\" src=\"https:\/\/mnlr.ro\/wp-content\/uploads\/2024\/09\/WhatsApp-Image-2024-09-12-at-00.30.30-200x200.jpeg\" class=\"attachment-thumbnail size-thumbnail\" alt=\"\" srcset=\"https:\/\/mnlr.ro\/wp-content\/uploads\/2024\/09\/WhatsApp-Image-2024-09-12-at-00.30.30-200x200.jpeg 200w, https:\/\/mnlr.ro\/wp-content\/uploads\/2024\/09\/WhatsApp-Image-2024-09-12-at-00.30.30-150x150.jpeg 150w\" sizes=\"auto, (max-width: 200px) 100vw, 200px\" \/><\/a>\n\t\t\t<\/dt><\/dl><dl class='gallery-item'>\n\t\t\t<dt class='gallery-icon landscape'>\n\t\t\t\t<a href='https:\/\/mnlr.ro\/en\/festivalul-international-de-poezie-bucuresti-ziua-3\/whatsapp-image-2024-09-12-at-00-30-52-2\/'><img loading=\"lazy\" decoding=\"async\" width=\"200\" height=\"200\" src=\"https:\/\/mnlr.ro\/wp-content\/uploads\/2024\/09\/WhatsApp-Image-2024-09-12-at-00.30.52-2-200x200.jpeg\" class=\"attachment-thumbnail size-thumbnail\" alt=\"\" srcset=\"https:\/\/mnlr.ro\/wp-content\/uploads\/2024\/09\/WhatsApp-Image-2024-09-12-at-00.30.52-2-200x200.jpeg 200w, https:\/\/mnlr.ro\/wp-content\/uploads\/2024\/09\/WhatsApp-Image-2024-09-12-at-00.30.52-2-150x150.jpeg 150w\" sizes=\"auto, (max-width: 200px) 100vw, 200px\" \/><\/a>\n\t\t\t<\/dt><\/dl><br style=\"clear: both\" \/><dl class='gallery-item'>\n\t\t\t<dt class='gallery-icon landscape'>\n\t\t\t\t<a href='https:\/\/mnlr.ro\/en\/festivalul-international-de-poezie-bucuresti-ziua-3\/whatsapp-image-2024-09-12-at-00-30-38\/'><img loading=\"lazy\" decoding=\"async\" width=\"200\" height=\"200\" src=\"https:\/\/mnlr.ro\/wp-content\/uploads\/2024\/09\/WhatsApp-Image-2024-09-12-at-00.30.38-200x200.jpeg\" class=\"attachment-thumbnail size-thumbnail\" alt=\"\" srcset=\"https:\/\/mnlr.ro\/wp-content\/uploads\/2024\/09\/WhatsApp-Image-2024-09-12-at-00.30.38-200x200.jpeg 200w, https:\/\/mnlr.ro\/wp-content\/uploads\/2024\/09\/WhatsApp-Image-2024-09-12-at-00.30.38-150x150.jpeg 150w\" sizes=\"auto, (max-width: 200px) 100vw, 200px\" \/><\/a>\n\t\t\t<\/dt><\/dl><dl class='gallery-item'>\n\t\t\t<dt class='gallery-icon landscape'>\n\t\t\t\t<a href='https:\/\/mnlr.ro\/en\/festivalul-international-de-poezie-bucuresti-ziua-3\/whatsapp-image-2024-09-12-at-00-30-29\/'><img loading=\"lazy\" decoding=\"async\" width=\"200\" height=\"200\" src=\"https:\/\/mnlr.ro\/wp-content\/uploads\/2024\/09\/WhatsApp-Image-2024-09-12-at-00.30.29-200x200.jpeg\" class=\"attachment-thumbnail size-thumbnail\" alt=\"\" srcset=\"https:\/\/mnlr.ro\/wp-content\/uploads\/2024\/09\/WhatsApp-Image-2024-09-12-at-00.30.29-200x200.jpeg 200w, https:\/\/mnlr.ro\/wp-content\/uploads\/2024\/09\/WhatsApp-Image-2024-09-12-at-00.30.29-150x150.jpeg 150w\" sizes=\"auto, (max-width: 200px) 100vw, 200px\" \/><\/a>\n\t\t\t<\/dt><\/dl><dl class='gallery-item'>\n\t\t\t<dt class='gallery-icon landscape'>\n\t\t\t\t<a href='https:\/\/mnlr.ro\/en\/festivalul-international-de-poezie-bucuresti-ziua-3\/whatsapp-image-2024-09-12-at-00-30-29-1\/'><img loading=\"lazy\" decoding=\"async\" width=\"200\" height=\"200\" src=\"https:\/\/mnlr.ro\/wp-content\/uploads\/2024\/09\/WhatsApp-Image-2024-09-12-at-00.30.29-1-200x200.jpeg\" class=\"attachment-thumbnail size-thumbnail\" alt=\"\" srcset=\"https:\/\/mnlr.ro\/wp-content\/uploads\/2024\/09\/WhatsApp-Image-2024-09-12-at-00.30.29-1-200x200.jpeg 200w, https:\/\/mnlr.ro\/wp-content\/uploads\/2024\/09\/WhatsApp-Image-2024-09-12-at-00.30.29-1-150x150.jpeg 150w\" sizes=\"auto, (max-width: 200px) 100vw, 200px\" \/><\/a>\n\t\t\t<\/dt><\/dl><br style=\"clear: both\" \/>\n\t\t<\/div>\n\n<p><em>Credit foto: Dan Marinescu<\/em><\/p>\n<p><em>Filmare \u0219i montaj: Alex Ursu<\/em><\/p>\n<p><iframe loading=\"lazy\" title=\"Dezbatere: Cum se vede Rom\u00e2nia de afar\u0103 | FIPB 2024\" width=\"500\" height=\"281\" src=\"https:\/\/www.youtube.com\/embed\/tqr0CsSFXvc?start=65&#038;feature=oembed\" frameborder=\"0\" allow=\"accelerometer; autoplay; clipboard-write; encrypted-media; gyroscope; picture-in-picture; web-share\" referrerpolicy=\"strict-origin-when-cross-origin\" allowfullscreen><\/iframe><\/p>\n<p>&nbsp;<\/p>\n<p>De la ora 17.00 \u2013 18.30, \u00een Sala Perpessicius, sediul MNLR, strada Nicolae Cre\u021bulescu 8, a avut loc conferin\u021ba numit \u201eThe debate between tradition and modernity: its place in shaping a Romanian identity\u201d, sus\u021binut\u0103 de dr. Dennis Deletant. A prezentat C\u0103lin-Andrei Mih\u0103ilescu.<\/p>\n<p>&nbsp;<\/p>\n\n\t\t<style type=\"text\/css\">\n\t\t\t#gallery-5 {\n\t\t\t\tmargin: auto;\n\t\t\t}\n\t\t\t#gallery-5 .gallery-item {\n\t\t\t\tfloat: left;\n\t\t\t\tmargin-top: 10px;\n\t\t\t\ttext-align: center;\n\t\t\t\twidth: 33%;\n\t\t\t}\n\t\t\t#gallery-5 img {\n\t\t\t\tborder: 2px solid #cfcfcf;\n\t\t\t}\n\t\t\t#gallery-5 .gallery-caption {\n\t\t\t\tmargin-left: 0;\n\t\t\t}\n\t\t\t\/* see gallery_shortcode() in wp-includes\/media.php *\/\n\t\t<\/style>\n\t\t<div id='gallery-5' class='gallery galleryid-33109 gallery-columns-3 gallery-size-thumbnail'><dl class='gallery-item'>\n\t\t\t<dt class='gallery-icon landscape'>\n\t\t\t\t<a href='https:\/\/mnlr.ro\/en\/festivalul-international-de-poezie-bucuresti-ziua-3\/whatsapp-image-2024-09-11-at-18-02-57-3\/'><img loading=\"lazy\" decoding=\"async\" width=\"200\" height=\"200\" src=\"https:\/\/mnlr.ro\/wp-content\/uploads\/2024\/09\/WhatsApp-Image-2024-09-11-at-18.02.57-3-200x200.jpeg\" class=\"attachment-thumbnail size-thumbnail\" alt=\"\" srcset=\"https:\/\/mnlr.ro\/wp-content\/uploads\/2024\/09\/WhatsApp-Image-2024-09-11-at-18.02.57-3-200x200.jpeg 200w, https:\/\/mnlr.ro\/wp-content\/uploads\/2024\/09\/WhatsApp-Image-2024-09-11-at-18.02.57-3-150x150.jpeg 150w\" sizes=\"auto, (max-width: 200px) 100vw, 200px\" \/><\/a>\n\t\t\t<\/dt><\/dl><dl class='gallery-item'>\n\t\t\t<dt class='gallery-icon portrait'>\n\t\t\t\t<a href='https:\/\/mnlr.ro\/en\/festivalul-international-de-poezie-bucuresti-ziua-3\/whatsapp-image-2024-09-11-at-18-02-57\/'><img loading=\"lazy\" decoding=\"async\" width=\"200\" height=\"200\" src=\"https:\/\/mnlr.ro\/wp-content\/uploads\/2024\/09\/WhatsApp-Image-2024-09-11-at-18.02.57-200x200.jpeg\" class=\"attachment-thumbnail size-thumbnail\" alt=\"\" srcset=\"https:\/\/mnlr.ro\/wp-content\/uploads\/2024\/09\/WhatsApp-Image-2024-09-11-at-18.02.57-200x200.jpeg 200w, https:\/\/mnlr.ro\/wp-content\/uploads\/2024\/09\/WhatsApp-Image-2024-09-11-at-18.02.57-150x150.jpeg 150w\" sizes=\"auto, (max-width: 200px) 100vw, 200px\" \/><\/a>\n\t\t\t<\/dt><\/dl><dl class='gallery-item'>\n\t\t\t<dt class='gallery-icon landscape'>\n\t\t\t\t<a href='https:\/\/mnlr.ro\/en\/festivalul-international-de-poezie-bucuresti-ziua-3\/whatsapp-image-2024-09-11-at-18-02-58\/'><img loading=\"lazy\" decoding=\"async\" width=\"200\" height=\"200\" src=\"https:\/\/mnlr.ro\/wp-content\/uploads\/2024\/09\/WhatsApp-Image-2024-09-11-at-18.02.58-200x200.jpeg\" class=\"attachment-thumbnail size-thumbnail\" alt=\"\" srcset=\"https:\/\/mnlr.ro\/wp-content\/uploads\/2024\/09\/WhatsApp-Image-2024-09-11-at-18.02.58-200x200.jpeg 200w, https:\/\/mnlr.ro\/wp-content\/uploads\/2024\/09\/WhatsApp-Image-2024-09-11-at-18.02.58-150x150.jpeg 150w\" sizes=\"auto, (max-width: 200px) 100vw, 200px\" \/><\/a>\n\t\t\t<\/dt><\/dl><br style=\"clear: both\" \/><dl class='gallery-item'>\n\t\t\t<dt class='gallery-icon landscape'>\n\t\t\t\t<a href='https:\/\/mnlr.ro\/en\/festivalul-international-de-poezie-bucuresti-ziua-3\/whatsapp-image-2024-09-11-at-18-02-57-2\/'><img loading=\"lazy\" decoding=\"async\" width=\"200\" height=\"200\" src=\"https:\/\/mnlr.ro\/wp-content\/uploads\/2024\/09\/WhatsApp-Image-2024-09-11-at-18.02.57-2-200x200.jpeg\" class=\"attachment-thumbnail size-thumbnail\" alt=\"\" srcset=\"https:\/\/mnlr.ro\/wp-content\/uploads\/2024\/09\/WhatsApp-Image-2024-09-11-at-18.02.57-2-200x200.jpeg 200w, https:\/\/mnlr.ro\/wp-content\/uploads\/2024\/09\/WhatsApp-Image-2024-09-11-at-18.02.57-2-150x150.jpeg 150w\" sizes=\"auto, (max-width: 200px) 100vw, 200px\" \/><\/a>\n\t\t\t<\/dt><\/dl><dl class='gallery-item'>\n\t\t\t<dt class='gallery-icon landscape'>\n\t\t\t\t<a href='https:\/\/mnlr.ro\/en\/festivalul-international-de-poezie-bucuresti-ziua-3\/whatsapp-image-2024-09-11-at-18-02-55\/'><img loading=\"lazy\" decoding=\"async\" width=\"200\" height=\"200\" src=\"https:\/\/mnlr.ro\/wp-content\/uploads\/2024\/09\/WhatsApp-Image-2024-09-11-at-18.02.55-200x200.jpeg\" class=\"attachment-thumbnail size-thumbnail\" alt=\"\" srcset=\"https:\/\/mnlr.ro\/wp-content\/uploads\/2024\/09\/WhatsApp-Image-2024-09-11-at-18.02.55-200x200.jpeg 200w, https:\/\/mnlr.ro\/wp-content\/uploads\/2024\/09\/WhatsApp-Image-2024-09-11-at-18.02.55-150x150.jpeg 150w\" sizes=\"auto, (max-width: 200px) 100vw, 200px\" \/><\/a>\n\t\t\t<\/dt><\/dl><dl class='gallery-item'>\n\t\t\t<dt class='gallery-icon landscape'>\n\t\t\t\t<a href='https:\/\/mnlr.ro\/en\/festivalul-international-de-poezie-bucuresti-ziua-3\/whatsapp-image-2024-09-11-at-18-02-57-1\/'><img loading=\"lazy\" decoding=\"async\" width=\"200\" height=\"200\" src=\"https:\/\/mnlr.ro\/wp-content\/uploads\/2024\/09\/WhatsApp-Image-2024-09-11-at-18.02.57-1-200x200.jpeg\" class=\"attachment-thumbnail size-thumbnail\" alt=\"\" srcset=\"https:\/\/mnlr.ro\/wp-content\/uploads\/2024\/09\/WhatsApp-Image-2024-09-11-at-18.02.57-1-200x200.jpeg 200w, https:\/\/mnlr.ro\/wp-content\/uploads\/2024\/09\/WhatsApp-Image-2024-09-11-at-18.02.57-1-150x150.jpeg 150w\" sizes=\"auto, (max-width: 200px) 100vw, 200px\" \/><\/a>\n\t\t\t<\/dt><\/dl><br style=\"clear: both\" \/>\n\t\t<\/div>\n\n<p><em>Credit foto, filmare \u0219i montaj: Alex Ursu<\/em><\/p>\n<p><iframe loading=\"lazy\" title=\"Conferin\u021b\u0103 sus\u021binut\u0103 de dr. Dennis Deletant | FIPB 2024\" width=\"500\" height=\"281\" src=\"https:\/\/www.youtube.com\/embed\/w2rDhv2HdA0?feature=oembed\" frameborder=\"0\" allow=\"accelerometer; autoplay; clipboard-write; encrypted-media; gyroscope; picture-in-picture; web-share\" referrerpolicy=\"strict-origin-when-cross-origin\" allowfullscreen><\/iframe><\/p>\n<p>&nbsp;<\/p>\n<p>De la ora 18.00, \u00een Salonul Carol, Biblioteca Central\u0103 Universitar\u0103, Calea Victoriei 88, a avut loc un dialog pe marginea c\u0103r\u021bii \u201eSimplu\u201d, de Loreta Popa, \u00eentre autoare \u0219i poetul spaniol Fulgencio Martinez, cel care a scris prefa\u021ba. Invita\u021bi: C\u0103t\u0103lina Be\u021ba \u0219i Adrian Naidin. \u201ePoezia Loretei Popa este ca o scrisoare deschis\u0103, f\u0103r\u0103 destinatar. Sincere \u0219i curate, cuvintele (cum spune \u00een poezia citat\u0103) \u00abdin soare c\u0103deau direct \u00een palma mea\u00bb. Noroco\u0219i vor fi cei care vor citi acest nou volum de poezii al Loretei Popa, at\u00e2t datorit\u0103 acestei \u00een\u0103l\u021b\u0103ri \u0219i purit\u0103\u021bi, c\u00e2t \u0219i frumuse\u021bii cu care \u00ee\u0219i ofer\u0103 versul. M\u00e2na acestei poete este aidoma m\u00e2inii unei pianiste, \u00een\u021beleapt\u0103 \u00een ritm, uneori cu o not\u0103 surprinz\u0103toare de jazz \u00een cele mai bune versuri ale ei care transmit \u00een manier\u0103 aproape frenetic\u0103 un sentiment profund, al\u0103turi de un g\u00e2nd asem\u0103n\u0103tor pe care trebuie s\u0103-l culegem atent cu palmele noastre, cu ochii \u0219i cu mintea noastr\u0103. Pentru c\u0103 aceast\u0103 poezie con\u021bine \u00een\u021belepciuni secrete, versuri care r\u0103sar dintr-odat\u0103 ca o f\u0103clie \u00een p\u0103dure. Poezia Loretei Popa caut\u0103 \u00een permanen\u021b\u0103 s\u0103 transceand\u0103 c\u0103tre un \u00abtu\u00bb: valoarea solidarit\u0103\u021bii este una dintre tr\u0103s\u0103turile sale cele mai \u00eenalte, ca \u00een toat\u0103 marea poezie, de altfel. Loreta Popa, \u00een multe versuri din \u00abSimplu\u00bb, se \u00eengrijoreaz\u0103 de \u00abs\u0103n\u0103tatea\u00bb sufletelor altora \u0219i nu numai c\u0103 ofer\u0103 lumina unui dialog, dar \u00eei \u0219i ascult\u0103 pe cei care vor s\u0103 se apropie de lumina acestor poezii\u201d, a spus Fulgencio Mart\u00ednez.<\/p>\n\n\t\t<style type=\"text\/css\">\n\t\t\t#gallery-6 {\n\t\t\t\tmargin: auto;\n\t\t\t}\n\t\t\t#gallery-6 .gallery-item {\n\t\t\t\tfloat: left;\n\t\t\t\tmargin-top: 10px;\n\t\t\t\ttext-align: center;\n\t\t\t\twidth: 33%;\n\t\t\t}\n\t\t\t#gallery-6 img {\n\t\t\t\tborder: 2px solid #cfcfcf;\n\t\t\t}\n\t\t\t#gallery-6 .gallery-caption {\n\t\t\t\tmargin-left: 0;\n\t\t\t}\n\t\t\t\/* see gallery_shortcode() in wp-includes\/media.php *\/\n\t\t<\/style>\n\t\t<div id='gallery-6' class='gallery galleryid-33109 gallery-columns-3 gallery-size-thumbnail'><dl class='gallery-item'>\n\t\t\t<dt class='gallery-icon landscape'>\n\t\t\t\t<a href='https:\/\/mnlr.ro\/en\/festivalul-international-de-poezie-bucuresti-ziua-3\/whatsapp-image-2024-09-11-at-23-38-32\/'><img loading=\"lazy\" decoding=\"async\" width=\"200\" height=\"200\" src=\"https:\/\/mnlr.ro\/wp-content\/uploads\/2024\/09\/WhatsApp-Image-2024-09-11-at-23.38.32-200x200.jpeg\" class=\"attachment-thumbnail size-thumbnail\" alt=\"\" srcset=\"https:\/\/mnlr.ro\/wp-content\/uploads\/2024\/09\/WhatsApp-Image-2024-09-11-at-23.38.32-200x200.jpeg 200w, https:\/\/mnlr.ro\/wp-content\/uploads\/2024\/09\/WhatsApp-Image-2024-09-11-at-23.38.32-150x150.jpeg 150w\" sizes=\"auto, (max-width: 200px) 100vw, 200px\" \/><\/a>\n\t\t\t<\/dt><\/dl><dl class='gallery-item'>\n\t\t\t<dt class='gallery-icon landscape'>\n\t\t\t\t<a href='https:\/\/mnlr.ro\/en\/festivalul-international-de-poezie-bucuresti-ziua-3\/whatsapp-image-2024-09-11-at-23-38-35\/'><img loading=\"lazy\" decoding=\"async\" width=\"200\" height=\"200\" src=\"https:\/\/mnlr.ro\/wp-content\/uploads\/2024\/09\/WhatsApp-Image-2024-09-11-at-23.38.35-200x200.jpeg\" class=\"attachment-thumbnail size-thumbnail\" alt=\"\" srcset=\"https:\/\/mnlr.ro\/wp-content\/uploads\/2024\/09\/WhatsApp-Image-2024-09-11-at-23.38.35-200x200.jpeg 200w, https:\/\/mnlr.ro\/wp-content\/uploads\/2024\/09\/WhatsApp-Image-2024-09-11-at-23.38.35-150x150.jpeg 150w\" sizes=\"auto, (max-width: 200px) 100vw, 200px\" \/><\/a>\n\t\t\t<\/dt><\/dl><dl class='gallery-item'>\n\t\t\t<dt class='gallery-icon landscape'>\n\t\t\t\t<a href='https:\/\/mnlr.ro\/en\/festivalul-international-de-poezie-bucuresti-ziua-3\/whatsapp-image-2024-09-11-at-23-38-33\/'><img loading=\"lazy\" decoding=\"async\" width=\"200\" height=\"200\" src=\"https:\/\/mnlr.ro\/wp-content\/uploads\/2024\/09\/WhatsApp-Image-2024-09-11-at-23.38.33-200x200.jpeg\" class=\"attachment-thumbnail size-thumbnail\" alt=\"\" srcset=\"https:\/\/mnlr.ro\/wp-content\/uploads\/2024\/09\/WhatsApp-Image-2024-09-11-at-23.38.33-200x200.jpeg 200w, https:\/\/mnlr.ro\/wp-content\/uploads\/2024\/09\/WhatsApp-Image-2024-09-11-at-23.38.33-150x150.jpeg 150w\" sizes=\"auto, (max-width: 200px) 100vw, 200px\" \/><\/a>\n\t\t\t<\/dt><\/dl><br style=\"clear: both\" \/><dl class='gallery-item'>\n\t\t\t<dt class='gallery-icon landscape'>\n\t\t\t\t<a href='https:\/\/mnlr.ro\/en\/festivalul-international-de-poezie-bucuresti-ziua-3\/whatsapp-image-2024-09-11-at-23-38-36-1\/'><img loading=\"lazy\" decoding=\"async\" width=\"200\" height=\"200\" src=\"https:\/\/mnlr.ro\/wp-content\/uploads\/2024\/09\/WhatsApp-Image-2024-09-11-at-23.38.36-1-200x200.jpeg\" class=\"attachment-thumbnail size-thumbnail\" alt=\"\" srcset=\"https:\/\/mnlr.ro\/wp-content\/uploads\/2024\/09\/WhatsApp-Image-2024-09-11-at-23.38.36-1-200x200.jpeg 200w, https:\/\/mnlr.ro\/wp-content\/uploads\/2024\/09\/WhatsApp-Image-2024-09-11-at-23.38.36-1-150x150.jpeg 150w\" sizes=\"auto, (max-width: 200px) 100vw, 200px\" \/><\/a>\n\t\t\t<\/dt><\/dl><dl class='gallery-item'>\n\t\t\t<dt class='gallery-icon landscape'>\n\t\t\t\t<a href='https:\/\/mnlr.ro\/en\/festivalul-international-de-poezie-bucuresti-ziua-3\/whatsapp-image-2024-09-11-at-23-38-37\/'><img loading=\"lazy\" decoding=\"async\" width=\"200\" height=\"200\" src=\"https:\/\/mnlr.ro\/wp-content\/uploads\/2024\/09\/WhatsApp-Image-2024-09-11-at-23.38.37-200x200.jpeg\" class=\"attachment-thumbnail size-thumbnail\" alt=\"\" srcset=\"https:\/\/mnlr.ro\/wp-content\/uploads\/2024\/09\/WhatsApp-Image-2024-09-11-at-23.38.37-200x200.jpeg 200w, https:\/\/mnlr.ro\/wp-content\/uploads\/2024\/09\/WhatsApp-Image-2024-09-11-at-23.38.37-150x150.jpeg 150w\" sizes=\"auto, (max-width: 200px) 100vw, 200px\" \/><\/a>\n\t\t\t<\/dt><\/dl><dl class='gallery-item'>\n\t\t\t<dt class='gallery-icon landscape'>\n\t\t\t\t<a href='https:\/\/mnlr.ro\/en\/festivalul-international-de-poezie-bucuresti-ziua-3\/whatsapp-image-2024-09-11-at-23-38-40-1\/'><img loading=\"lazy\" decoding=\"async\" width=\"200\" height=\"200\" src=\"https:\/\/mnlr.ro\/wp-content\/uploads\/2024\/09\/WhatsApp-Image-2024-09-11-at-23.38.40-1-200x200.jpeg\" class=\"attachment-thumbnail size-thumbnail\" alt=\"\" srcset=\"https:\/\/mnlr.ro\/wp-content\/uploads\/2024\/09\/WhatsApp-Image-2024-09-11-at-23.38.40-1-200x200.jpeg 200w, https:\/\/mnlr.ro\/wp-content\/uploads\/2024\/09\/WhatsApp-Image-2024-09-11-at-23.38.40-1-150x150.jpeg 150w\" sizes=\"auto, (max-width: 200px) 100vw, 200px\" \/><\/a>\n\t\t\t<\/dt><\/dl><br style=\"clear: both\" \/><dl class='gallery-item'>\n\t\t\t<dt class='gallery-icon landscape'>\n\t\t\t\t<a href='https:\/\/mnlr.ro\/en\/festivalul-international-de-poezie-bucuresti-ziua-3\/whatsapp-image-2024-09-11-at-23-38-41-1\/'><img loading=\"lazy\" decoding=\"async\" width=\"200\" height=\"200\" src=\"https:\/\/mnlr.ro\/wp-content\/uploads\/2024\/09\/WhatsApp-Image-2024-09-11-at-23.38.41-1-200x200.jpeg\" class=\"attachment-thumbnail size-thumbnail\" alt=\"\" srcset=\"https:\/\/mnlr.ro\/wp-content\/uploads\/2024\/09\/WhatsApp-Image-2024-09-11-at-23.38.41-1-200x200.jpeg 200w, https:\/\/mnlr.ro\/wp-content\/uploads\/2024\/09\/WhatsApp-Image-2024-09-11-at-23.38.41-1-150x150.jpeg 150w\" sizes=\"auto, (max-width: 200px) 100vw, 200px\" \/><\/a>\n\t\t\t<\/dt><\/dl><dl class='gallery-item'>\n\t\t\t<dt class='gallery-icon landscape'>\n\t\t\t\t<a href='https:\/\/mnlr.ro\/en\/festivalul-international-de-poezie-bucuresti-ziua-3\/whatsapp-image-2024-09-11-at-23-38-39-1\/'><img loading=\"lazy\" decoding=\"async\" width=\"200\" height=\"200\" src=\"https:\/\/mnlr.ro\/wp-content\/uploads\/2024\/09\/WhatsApp-Image-2024-09-11-at-23.38.39-1-200x200.jpeg\" class=\"attachment-thumbnail size-thumbnail\" alt=\"\" srcset=\"https:\/\/mnlr.ro\/wp-content\/uploads\/2024\/09\/WhatsApp-Image-2024-09-11-at-23.38.39-1-200x200.jpeg 200w, https:\/\/mnlr.ro\/wp-content\/uploads\/2024\/09\/WhatsApp-Image-2024-09-11-at-23.38.39-1-150x150.jpeg 150w\" sizes=\"auto, (max-width: 200px) 100vw, 200px\" \/><\/a>\n\t\t\t<\/dt><\/dl><dl class='gallery-item'>\n\t\t\t<dt class='gallery-icon landscape'>\n\t\t\t\t<a href='https:\/\/mnlr.ro\/en\/festivalul-international-de-poezie-bucuresti-ziua-3\/whatsapp-image-2024-09-11-at-23-38-38-1\/'><img loading=\"lazy\" decoding=\"async\" width=\"200\" height=\"200\" src=\"https:\/\/mnlr.ro\/wp-content\/uploads\/2024\/09\/WhatsApp-Image-2024-09-11-at-23.38.38-1-200x200.jpeg\" class=\"attachment-thumbnail size-thumbnail\" alt=\"\" srcset=\"https:\/\/mnlr.ro\/wp-content\/uploads\/2024\/09\/WhatsApp-Image-2024-09-11-at-23.38.38-1-200x200.jpeg 200w, https:\/\/mnlr.ro\/wp-content\/uploads\/2024\/09\/WhatsApp-Image-2024-09-11-at-23.38.38-1-150x150.jpeg 150w\" sizes=\"auto, (max-width: 200px) 100vw, 200px\" \/><\/a>\n\t\t\t<\/dt><\/dl><br style=\"clear: both\" \/><dl class='gallery-item'>\n\t\t\t<dt class='gallery-icon landscape'>\n\t\t\t\t<a href='https:\/\/mnlr.ro\/en\/festivalul-international-de-poezie-bucuresti-ziua-3\/whatsapp-image-2024-09-11-at-23-38-51\/'><img loading=\"lazy\" decoding=\"async\" width=\"200\" height=\"200\" src=\"https:\/\/mnlr.ro\/wp-content\/uploads\/2024\/09\/WhatsApp-Image-2024-09-11-at-23.38.51-200x200.jpeg\" class=\"attachment-thumbnail size-thumbnail\" alt=\"\" srcset=\"https:\/\/mnlr.ro\/wp-content\/uploads\/2024\/09\/WhatsApp-Image-2024-09-11-at-23.38.51-200x200.jpeg 200w, https:\/\/mnlr.ro\/wp-content\/uploads\/2024\/09\/WhatsApp-Image-2024-09-11-at-23.38.51-150x150.jpeg 150w\" sizes=\"auto, (max-width: 200px) 100vw, 200px\" \/><\/a>\n\t\t\t<\/dt><\/dl><dl class='gallery-item'>\n\t\t\t<dt class='gallery-icon landscape'>\n\t\t\t\t<a href='https:\/\/mnlr.ro\/en\/festivalul-international-de-poezie-bucuresti-ziua-3\/whatsapp-image-2024-09-11-at-23-38-46\/'><img loading=\"lazy\" decoding=\"async\" width=\"200\" height=\"200\" src=\"https:\/\/mnlr.ro\/wp-content\/uploads\/2024\/09\/WhatsApp-Image-2024-09-11-at-23.38.46-200x200.jpeg\" class=\"attachment-thumbnail size-thumbnail\" alt=\"\" srcset=\"https:\/\/mnlr.ro\/wp-content\/uploads\/2024\/09\/WhatsApp-Image-2024-09-11-at-23.38.46-200x200.jpeg 200w, https:\/\/mnlr.ro\/wp-content\/uploads\/2024\/09\/WhatsApp-Image-2024-09-11-at-23.38.46-150x150.jpeg 150w\" sizes=\"auto, (max-width: 200px) 100vw, 200px\" \/><\/a>\n\t\t\t<\/dt><\/dl><dl class='gallery-item'>\n\t\t\t<dt class='gallery-icon landscape'>\n\t\t\t\t<a href='https:\/\/mnlr.ro\/en\/festivalul-international-de-poezie-bucuresti-ziua-3\/whatsapp-image-2024-09-11-at-23-38-43-1\/'><img loading=\"lazy\" decoding=\"async\" width=\"200\" height=\"200\" src=\"https:\/\/mnlr.ro\/wp-content\/uploads\/2024\/09\/WhatsApp-Image-2024-09-11-at-23.38.43-1-200x200.jpeg\" class=\"attachment-thumbnail size-thumbnail\" alt=\"\" srcset=\"https:\/\/mnlr.ro\/wp-content\/uploads\/2024\/09\/WhatsApp-Image-2024-09-11-at-23.38.43-1-200x200.jpeg 200w, https:\/\/mnlr.ro\/wp-content\/uploads\/2024\/09\/WhatsApp-Image-2024-09-11-at-23.38.43-1-150x150.jpeg 150w\" sizes=\"auto, (max-width: 200px) 100vw, 200px\" \/><\/a>\n\t\t\t<\/dt><\/dl><br style=\"clear: both\" \/><dl class='gallery-item'>\n\t\t\t<dt class='gallery-icon landscape'>\n\t\t\t\t<a href='https:\/\/mnlr.ro\/en\/festivalul-international-de-poezie-bucuresti-ziua-3\/whatsapp-image-2024-09-11-at-23-38-42-1\/'><img loading=\"lazy\" decoding=\"async\" width=\"200\" height=\"200\" src=\"https:\/\/mnlr.ro\/wp-content\/uploads\/2024\/09\/WhatsApp-Image-2024-09-11-at-23.38.42-1-200x200.jpeg\" class=\"attachment-thumbnail size-thumbnail\" alt=\"\" srcset=\"https:\/\/mnlr.ro\/wp-content\/uploads\/2024\/09\/WhatsApp-Image-2024-09-11-at-23.38.42-1-200x200.jpeg 200w, https:\/\/mnlr.ro\/wp-content\/uploads\/2024\/09\/WhatsApp-Image-2024-09-11-at-23.38.42-1-150x150.jpeg 150w\" sizes=\"auto, (max-width: 200px) 100vw, 200px\" \/><\/a>\n\t\t\t<\/dt><\/dl><dl class='gallery-item'>\n\t\t\t<dt class='gallery-icon landscape'>\n\t\t\t\t<a href='https:\/\/mnlr.ro\/en\/festivalul-international-de-poezie-bucuresti-ziua-3\/whatsapp-image-2024-09-11-at-23-38-44-1\/'><img loading=\"lazy\" decoding=\"async\" width=\"200\" height=\"200\" src=\"https:\/\/mnlr.ro\/wp-content\/uploads\/2024\/09\/WhatsApp-Image-2024-09-11-at-23.38.44-1-200x200.jpeg\" class=\"attachment-thumbnail size-thumbnail\" alt=\"\" srcset=\"https:\/\/mnlr.ro\/wp-content\/uploads\/2024\/09\/WhatsApp-Image-2024-09-11-at-23.38.44-1-200x200.jpeg 200w, https:\/\/mnlr.ro\/wp-content\/uploads\/2024\/09\/WhatsApp-Image-2024-09-11-at-23.38.44-1-150x150.jpeg 150w\" sizes=\"auto, (max-width: 200px) 100vw, 200px\" \/><\/a>\n\t\t\t<\/dt><\/dl><dl class='gallery-item'>\n\t\t\t<dt class='gallery-icon landscape'>\n\t\t\t\t<a href='https:\/\/mnlr.ro\/en\/festivalul-international-de-poezie-bucuresti-ziua-3\/whatsapp-image-2024-09-11-at-23-38-41\/'><img loading=\"lazy\" decoding=\"async\" width=\"200\" height=\"200\" src=\"https:\/\/mnlr.ro\/wp-content\/uploads\/2024\/09\/WhatsApp-Image-2024-09-11-at-23.38.41-200x200.jpeg\" class=\"attachment-thumbnail size-thumbnail\" alt=\"\" srcset=\"https:\/\/mnlr.ro\/wp-content\/uploads\/2024\/09\/WhatsApp-Image-2024-09-11-at-23.38.41-200x200.jpeg 200w, https:\/\/mnlr.ro\/wp-content\/uploads\/2024\/09\/WhatsApp-Image-2024-09-11-at-23.38.41-150x150.jpeg 150w\" sizes=\"auto, (max-width: 200px) 100vw, 200px\" \/><\/a>\n\t\t\t<\/dt><\/dl><br style=\"clear: both\" \/><dl class='gallery-item'>\n\t\t\t<dt class='gallery-icon landscape'>\n\t\t\t\t<a href='https:\/\/mnlr.ro\/en\/festivalul-international-de-poezie-bucuresti-ziua-3\/whatsapp-image-2024-09-11-at-23-38-50\/'><img loading=\"lazy\" decoding=\"async\" width=\"200\" height=\"200\" src=\"https:\/\/mnlr.ro\/wp-content\/uploads\/2024\/09\/WhatsApp-Image-2024-09-11-at-23.38.50-200x200.jpeg\" class=\"attachment-thumbnail size-thumbnail\" alt=\"\" srcset=\"https:\/\/mnlr.ro\/wp-content\/uploads\/2024\/09\/WhatsApp-Image-2024-09-11-at-23.38.50-200x200.jpeg 200w, https:\/\/mnlr.ro\/wp-content\/uploads\/2024\/09\/WhatsApp-Image-2024-09-11-at-23.38.50-150x150.jpeg 150w\" sizes=\"auto, (max-width: 200px) 100vw, 200px\" \/><\/a>\n\t\t\t<\/dt><\/dl><dl class='gallery-item'>\n\t\t\t<dt class='gallery-icon landscape'>\n\t\t\t\t<a href='https:\/\/mnlr.ro\/en\/festivalul-international-de-poezie-bucuresti-ziua-3\/whatsapp-image-2024-09-11-at-23-38-50-2\/'><img loading=\"lazy\" decoding=\"async\" width=\"200\" height=\"200\" src=\"https:\/\/mnlr.ro\/wp-content\/uploads\/2024\/09\/WhatsApp-Image-2024-09-11-at-23.38.50-2-200x200.jpeg\" class=\"attachment-thumbnail size-thumbnail\" alt=\"\" srcset=\"https:\/\/mnlr.ro\/wp-content\/uploads\/2024\/09\/WhatsApp-Image-2024-09-11-at-23.38.50-2-200x200.jpeg 200w, https:\/\/mnlr.ro\/wp-content\/uploads\/2024\/09\/WhatsApp-Image-2024-09-11-at-23.38.50-2-150x150.jpeg 150w\" sizes=\"auto, (max-width: 200px) 100vw, 200px\" \/><\/a>\n\t\t\t<\/dt><\/dl><dl class='gallery-item'>\n\t\t\t<dt class='gallery-icon landscape'>\n\t\t\t\t<a href='https:\/\/mnlr.ro\/en\/festivalul-international-de-poezie-bucuresti-ziua-3\/whatsapp-image-2024-09-11-at-23-38-39\/'><img loading=\"lazy\" decoding=\"async\" width=\"200\" height=\"200\" src=\"https:\/\/mnlr.ro\/wp-content\/uploads\/2024\/09\/WhatsApp-Image-2024-09-11-at-23.38.39-200x200.jpeg\" class=\"attachment-thumbnail size-thumbnail\" alt=\"\" srcset=\"https:\/\/mnlr.ro\/wp-content\/uploads\/2024\/09\/WhatsApp-Image-2024-09-11-at-23.38.39-200x200.jpeg 200w, https:\/\/mnlr.ro\/wp-content\/uploads\/2024\/09\/WhatsApp-Image-2024-09-11-at-23.38.39-150x150.jpeg 150w\" sizes=\"auto, (max-width: 200px) 100vw, 200px\" \/><\/a>\n\t\t\t<\/dt><\/dl><br style=\"clear: both\" \/><dl class='gallery-item'>\n\t\t\t<dt class='gallery-icon landscape'>\n\t\t\t\t<a href='https:\/\/mnlr.ro\/en\/festivalul-international-de-poezie-bucuresti-ziua-3\/whatsapp-image-2024-09-11-at-23-38-47-1\/'><img loading=\"lazy\" decoding=\"async\" width=\"200\" height=\"200\" src=\"https:\/\/mnlr.ro\/wp-content\/uploads\/2024\/09\/WhatsApp-Image-2024-09-11-at-23.38.47-1-200x200.jpeg\" class=\"attachment-thumbnail size-thumbnail\" alt=\"\" srcset=\"https:\/\/mnlr.ro\/wp-content\/uploads\/2024\/09\/WhatsApp-Image-2024-09-11-at-23.38.47-1-200x200.jpeg 200w, https:\/\/mnlr.ro\/wp-content\/uploads\/2024\/09\/WhatsApp-Image-2024-09-11-at-23.38.47-1-150x150.jpeg 150w\" sizes=\"auto, (max-width: 200px) 100vw, 200px\" \/><\/a>\n\t\t\t<\/dt><\/dl><dl class='gallery-item'>\n\t\t\t<dt class='gallery-icon landscape'>\n\t\t\t\t<a href='https:\/\/mnlr.ro\/en\/festivalul-international-de-poezie-bucuresti-ziua-3\/whatsapp-image-2024-09-11-at-23-38-42\/'><img loading=\"lazy\" decoding=\"async\" width=\"200\" height=\"200\" src=\"https:\/\/mnlr.ro\/wp-content\/uploads\/2024\/09\/WhatsApp-Image-2024-09-11-at-23.38.42-200x200.jpeg\" class=\"attachment-thumbnail size-thumbnail\" alt=\"\" srcset=\"https:\/\/mnlr.ro\/wp-content\/uploads\/2024\/09\/WhatsApp-Image-2024-09-11-at-23.38.42-200x200.jpeg 200w, https:\/\/mnlr.ro\/wp-content\/uploads\/2024\/09\/WhatsApp-Image-2024-09-11-at-23.38.42-150x150.jpeg 150w\" sizes=\"auto, (max-width: 200px) 100vw, 200px\" \/><\/a>\n\t\t\t<\/dt><\/dl><dl class='gallery-item'>\n\t\t\t<dt class='gallery-icon landscape'>\n\t\t\t\t<a href='https:\/\/mnlr.ro\/en\/festivalul-international-de-poezie-bucuresti-ziua-3\/whatsapp-image-2024-09-11-at-23-38-43\/'><img loading=\"lazy\" decoding=\"async\" width=\"200\" height=\"200\" src=\"https:\/\/mnlr.ro\/wp-content\/uploads\/2024\/09\/WhatsApp-Image-2024-09-11-at-23.38.43-200x200.jpeg\" class=\"attachment-thumbnail size-thumbnail\" alt=\"\" srcset=\"https:\/\/mnlr.ro\/wp-content\/uploads\/2024\/09\/WhatsApp-Image-2024-09-11-at-23.38.43-200x200.jpeg 200w, https:\/\/mnlr.ro\/wp-content\/uploads\/2024\/09\/WhatsApp-Image-2024-09-11-at-23.38.43-150x150.jpeg 150w\" sizes=\"auto, (max-width: 200px) 100vw, 200px\" \/><\/a>\n\t\t\t<\/dt><\/dl><br style=\"clear: both\" \/><dl class='gallery-item'>\n\t\t\t<dt class='gallery-icon landscape'>\n\t\t\t\t<a href='https:\/\/mnlr.ro\/en\/festivalul-international-de-poezie-bucuresti-ziua-3\/whatsapp-image-2024-09-11-at-23-38-49\/'><img loading=\"lazy\" decoding=\"async\" width=\"200\" height=\"200\" src=\"https:\/\/mnlr.ro\/wp-content\/uploads\/2024\/09\/WhatsApp-Image-2024-09-11-at-23.38.49-200x200.jpeg\" class=\"attachment-thumbnail size-thumbnail\" alt=\"\" srcset=\"https:\/\/mnlr.ro\/wp-content\/uploads\/2024\/09\/WhatsApp-Image-2024-09-11-at-23.38.49-200x200.jpeg 200w, https:\/\/mnlr.ro\/wp-content\/uploads\/2024\/09\/WhatsApp-Image-2024-09-11-at-23.38.49-150x150.jpeg 150w\" sizes=\"auto, (max-width: 200px) 100vw, 200px\" \/><\/a>\n\t\t\t<\/dt><\/dl><dl class='gallery-item'>\n\t\t\t<dt class='gallery-icon landscape'>\n\t\t\t\t<a href='https:\/\/mnlr.ro\/en\/festivalul-international-de-poezie-bucuresti-ziua-3\/whatsapp-image-2024-09-11-at-23-38-49-1\/'><img loading=\"lazy\" decoding=\"async\" width=\"200\" height=\"200\" src=\"https:\/\/mnlr.ro\/wp-content\/uploads\/2024\/09\/WhatsApp-Image-2024-09-11-at-23.38.49-1-200x200.jpeg\" class=\"attachment-thumbnail size-thumbnail\" alt=\"\" srcset=\"https:\/\/mnlr.ro\/wp-content\/uploads\/2024\/09\/WhatsApp-Image-2024-09-11-at-23.38.49-1-200x200.jpeg 200w, https:\/\/mnlr.ro\/wp-content\/uploads\/2024\/09\/WhatsApp-Image-2024-09-11-at-23.38.49-1-150x150.jpeg 150w\" sizes=\"auto, (max-width: 200px) 100vw, 200px\" \/><\/a>\n\t\t\t<\/dt><\/dl>\n\t\t\t<br style='clear: both' \/>\n\t\t<\/div>\n\n<p><em>Credit foto: Dan Marinescu<\/em><\/p>\n<p>&nbsp;<\/p>\n<p>De la 18.30, \u00een Sala Perpessicius, Str. Nicolae Cre\u021bulescu 8, a avut loc prezentarea antologiei poeziei rom\u00e2ne\u0219ti \u00eengrijite de Dimitris Kanellopoulos (Grecia). Moderatori: Dinu Fl\u0103m\u00e2nd, Victor Ivanovici.<\/p>\n<p>&nbsp;<\/p>\n\n\t\t<style type=\"text\/css\">\n\t\t\t#gallery-7 {\n\t\t\t\tmargin: auto;\n\t\t\t}\n\t\t\t#gallery-7 .gallery-item {\n\t\t\t\tfloat: left;\n\t\t\t\tmargin-top: 10px;\n\t\t\t\ttext-align: center;\n\t\t\t\twidth: 33%;\n\t\t\t}\n\t\t\t#gallery-7 img {\n\t\t\t\tborder: 2px solid #cfcfcf;\n\t\t\t}\n\t\t\t#gallery-7 .gallery-caption {\n\t\t\t\tmargin-left: 0;\n\t\t\t}\n\t\t\t\/* see gallery_shortcode() in wp-includes\/media.php *\/\n\t\t<\/style>\n\t\t<div id='gallery-7' class='gallery galleryid-33109 gallery-columns-3 gallery-size-thumbnail'><dl class='gallery-item'>\n\t\t\t<dt class='gallery-icon landscape'>\n\t\t\t\t<a href='https:\/\/mnlr.ro\/en\/festivalul-international-de-poezie-bucuresti-ziua-3\/whatsapp-image-2024-09-11-at-18-52-38\/'><img loading=\"lazy\" decoding=\"async\" width=\"200\" height=\"200\" src=\"https:\/\/mnlr.ro\/wp-content\/uploads\/2024\/09\/WhatsApp-Image-2024-09-11-at-18.52.38-200x200.jpeg\" class=\"attachment-thumbnail size-thumbnail\" alt=\"\" srcset=\"https:\/\/mnlr.ro\/wp-content\/uploads\/2024\/09\/WhatsApp-Image-2024-09-11-at-18.52.38-200x200.jpeg 200w, https:\/\/mnlr.ro\/wp-content\/uploads\/2024\/09\/WhatsApp-Image-2024-09-11-at-18.52.38-150x150.jpeg 150w\" sizes=\"auto, (max-width: 200px) 100vw, 200px\" \/><\/a>\n\t\t\t<\/dt><\/dl><dl class='gallery-item'>\n\t\t\t<dt class='gallery-icon portrait'>\n\t\t\t\t<a href='https:\/\/mnlr.ro\/en\/festivalul-international-de-poezie-bucuresti-ziua-3\/whatsapp-image-2024-09-11-at-18-43-52-1\/'><img loading=\"lazy\" decoding=\"async\" width=\"200\" height=\"200\" src=\"https:\/\/mnlr.ro\/wp-content\/uploads\/2024\/09\/WhatsApp-Image-2024-09-11-at-18.43.52-1-200x200.jpeg\" class=\"attachment-thumbnail size-thumbnail\" alt=\"\" srcset=\"https:\/\/mnlr.ro\/wp-content\/uploads\/2024\/09\/WhatsApp-Image-2024-09-11-at-18.43.52-1-200x200.jpeg 200w, https:\/\/mnlr.ro\/wp-content\/uploads\/2024\/09\/WhatsApp-Image-2024-09-11-at-18.43.52-1-150x150.jpeg 150w\" sizes=\"auto, (max-width: 200px) 100vw, 200px\" \/><\/a>\n\t\t\t<\/dt><\/dl><dl class='gallery-item'>\n\t\t\t<dt class='gallery-icon landscape'>\n\t\t\t\t<a href='https:\/\/mnlr.ro\/en\/festivalul-international-de-poezie-bucuresti-ziua-3\/whatsapp-image-2024-09-11-at-18-43-51-3\/'><img loading=\"lazy\" decoding=\"async\" width=\"200\" height=\"200\" src=\"https:\/\/mnlr.ro\/wp-content\/uploads\/2024\/09\/WhatsApp-Image-2024-09-11-at-18.43.51-3-200x200.jpeg\" class=\"attachment-thumbnail size-thumbnail\" alt=\"\" srcset=\"https:\/\/mnlr.ro\/wp-content\/uploads\/2024\/09\/WhatsApp-Image-2024-09-11-at-18.43.51-3-200x200.jpeg 200w, https:\/\/mnlr.ro\/wp-content\/uploads\/2024\/09\/WhatsApp-Image-2024-09-11-at-18.43.51-3-150x150.jpeg 150w\" sizes=\"auto, (max-width: 200px) 100vw, 200px\" \/><\/a>\n\t\t\t<\/dt><\/dl><br style=\"clear: both\" \/><dl class='gallery-item'>\n\t\t\t<dt class='gallery-icon portrait'>\n\t\t\t\t<a href='https:\/\/mnlr.ro\/en\/festivalul-international-de-poezie-bucuresti-ziua-3\/whatsapp-image-2024-09-11-at-18-43-51\/'><img loading=\"lazy\" decoding=\"async\" width=\"200\" height=\"200\" src=\"https:\/\/mnlr.ro\/wp-content\/uploads\/2024\/09\/WhatsApp-Image-2024-09-11-at-18.43.51-200x200.jpeg\" class=\"attachment-thumbnail size-thumbnail\" alt=\"\" srcset=\"https:\/\/mnlr.ro\/wp-content\/uploads\/2024\/09\/WhatsApp-Image-2024-09-11-at-18.43.51-200x200.jpeg 200w, https:\/\/mnlr.ro\/wp-content\/uploads\/2024\/09\/WhatsApp-Image-2024-09-11-at-18.43.51-150x150.jpeg 150w\" sizes=\"auto, (max-width: 200px) 100vw, 200px\" \/><\/a>\n\t\t\t<\/dt><\/dl><dl class='gallery-item'>\n\t\t\t<dt class='gallery-icon landscape'>\n\t\t\t\t<a href='https:\/\/mnlr.ro\/en\/festivalul-international-de-poezie-bucuresti-ziua-3\/whatsapp-image-2024-09-11-at-18-43-51-1\/'><img loading=\"lazy\" decoding=\"async\" width=\"200\" height=\"200\" src=\"https:\/\/mnlr.ro\/wp-content\/uploads\/2024\/09\/WhatsApp-Image-2024-09-11-at-18.43.51-1-200x200.jpeg\" class=\"attachment-thumbnail size-thumbnail\" alt=\"\" srcset=\"https:\/\/mnlr.ro\/wp-content\/uploads\/2024\/09\/WhatsApp-Image-2024-09-11-at-18.43.51-1-200x200.jpeg 200w, https:\/\/mnlr.ro\/wp-content\/uploads\/2024\/09\/WhatsApp-Image-2024-09-11-at-18.43.51-1-150x150.jpeg 150w\" sizes=\"auto, (max-width: 200px) 100vw, 200px\" \/><\/a>\n\t\t\t<\/dt><\/dl>\n\t\t\t<br style='clear: both' \/>\n\t\t<\/div>\n\n<p><em>Credit foto, filmare \u0219i montaj: Alex Ursu<\/em><\/p>\n<p>&nbsp;<\/p>\n<p><iframe loading=\"lazy\" title=\"Prezentarea antologiei poeziei rom\u00e2ne\u0219ti \u00eengrijite de Dimitris Kanellopoulos | FIPB 2024\" width=\"500\" height=\"281\" src=\"https:\/\/www.youtube.com\/embed\/wzWUoe5m8Lw?feature=oembed\" frameborder=\"0\" allow=\"accelerometer; autoplay; clipboard-write; encrypted-media; gyroscope; picture-in-picture; web-share\" referrerpolicy=\"strict-origin-when-cross-origin\" allowfullscreen><\/iframe><\/p>\n<p>&nbsp;<\/p>\n<p>\u00cencep\u00e2nd cu ora 19.30, \u00een Aula Bibliotecii Centrale Universitare \u201eCarol I\u201d, Calea Victoriei 88, a avut loc o sesiune de lecturi publice cu Carmen-Francesca Banciu (Rom\u00e2nia\/Germania), Alexandru Bulucz (Rom\u00e2nia\/Germania), Martina Caluori (Elve\u021bia, video), Gelu Diaconu (Rom\u00e2nia), C\u0103lin-Andrei Mih\u0103ilescu (Rom\u00e2nia\/Canada), Dumitru P\u0103curaru (Rom\u00e2nia), Adrian Popescu (Rom\u00e2nia), Radu Sergiu Ruba (Rom\u00e2nia), Arcadie Suceveanu (Republica Moldova), Eugen Suciu (Rom\u00e2nia), J\u00e1nos Sz\u00e1ntai (Rom\u00e2nia), Ioan T. Morar (Rom\u00e2nia), Nina Vasile (Rom\u00e2nia), Gelu Vla\u0219in (Rom\u00e2nia), George Vulturescu (Rom\u00e2nia). Moderator: C\u0103lin-Andrei Mih\u0103ilescu.<\/p>\n<p>Ziua a treia a Festivalului Interna\u021bional de Poezie Bucure\u0219ti s-a \u00eencheiat cu un concert Mircea Tiberian \u2013 Nadia Trohin.<\/p>\n\n\t\t<style type=\"text\/css\">\n\t\t\t#gallery-8 {\n\t\t\t\tmargin: auto;\n\t\t\t}\n\t\t\t#gallery-8 .gallery-item {\n\t\t\t\tfloat: left;\n\t\t\t\tmargin-top: 10px;\n\t\t\t\ttext-align: center;\n\t\t\t\twidth: 33%;\n\t\t\t}\n\t\t\t#gallery-8 img {\n\t\t\t\tborder: 2px solid #cfcfcf;\n\t\t\t}\n\t\t\t#gallery-8 .gallery-caption {\n\t\t\t\tmargin-left: 0;\n\t\t\t}\n\t\t\t\/* see gallery_shortcode() in wp-includes\/media.php *\/\n\t\t<\/style>\n\t\t<div id='gallery-8' class='gallery galleryid-33109 gallery-columns-3 gallery-size-thumbnail'><dl class='gallery-item'>\n\t\t\t<dt class='gallery-icon landscape'>\n\t\t\t\t<a href='https:\/\/mnlr.ro\/en\/festivalul-international-de-poezie-bucuresti-ziua-3\/whatsapp-image-2024-09-11-at-22-50-19\/'><img loading=\"lazy\" decoding=\"async\" width=\"200\" height=\"200\" src=\"https:\/\/mnlr.ro\/wp-content\/uploads\/2024\/09\/WhatsApp-Image-2024-09-11-at-22.50.19-200x200.jpeg\" class=\"attachment-thumbnail size-thumbnail\" alt=\"\" srcset=\"https:\/\/mnlr.ro\/wp-content\/uploads\/2024\/09\/WhatsApp-Image-2024-09-11-at-22.50.19-200x200.jpeg 200w, https:\/\/mnlr.ro\/wp-content\/uploads\/2024\/09\/WhatsApp-Image-2024-09-11-at-22.50.19-150x150.jpeg 150w\" sizes=\"auto, (max-width: 200px) 100vw, 200px\" \/><\/a>\n\t\t\t<\/dt><\/dl><dl class='gallery-item'>\n\t\t\t<dt class='gallery-icon landscape'>\n\t\t\t\t<a href='https:\/\/mnlr.ro\/en\/festivalul-international-de-poezie-bucuresti-ziua-3\/whatsapp-image-2024-09-11-at-22-50-21\/'><img loading=\"lazy\" decoding=\"async\" width=\"200\" height=\"200\" src=\"https:\/\/mnlr.ro\/wp-content\/uploads\/2024\/09\/WhatsApp-Image-2024-09-11-at-22.50.21-200x200.jpeg\" class=\"attachment-thumbnail size-thumbnail\" alt=\"\" srcset=\"https:\/\/mnlr.ro\/wp-content\/uploads\/2024\/09\/WhatsApp-Image-2024-09-11-at-22.50.21-200x200.jpeg 200w, https:\/\/mnlr.ro\/wp-content\/uploads\/2024\/09\/WhatsApp-Image-2024-09-11-at-22.50.21-150x150.jpeg 150w\" sizes=\"auto, (max-width: 200px) 100vw, 200px\" \/><\/a>\n\t\t\t<\/dt><\/dl><dl class='gallery-item'>\n\t\t\t<dt class='gallery-icon landscape'>\n\t\t\t\t<a href='https:\/\/mnlr.ro\/en\/festivalul-international-de-poezie-bucuresti-ziua-3\/whatsapp-image-2024-09-11-at-22-50-20\/'><img loading=\"lazy\" decoding=\"async\" width=\"200\" height=\"200\" src=\"https:\/\/mnlr.ro\/wp-content\/uploads\/2024\/09\/WhatsApp-Image-2024-09-11-at-22.50.20-200x200.jpeg\" class=\"attachment-thumbnail size-thumbnail\" alt=\"\" srcset=\"https:\/\/mnlr.ro\/wp-content\/uploads\/2024\/09\/WhatsApp-Image-2024-09-11-at-22.50.20-200x200.jpeg 200w, https:\/\/mnlr.ro\/wp-content\/uploads\/2024\/09\/WhatsApp-Image-2024-09-11-at-22.50.20-150x150.jpeg 150w\" sizes=\"auto, (max-width: 200px) 100vw, 200px\" \/><\/a>\n\t\t\t<\/dt><\/dl><br style=\"clear: both\" \/><dl class='gallery-item'>\n\t\t\t<dt class='gallery-icon landscape'>\n\t\t\t\t<a href='https:\/\/mnlr.ro\/en\/festivalul-international-de-poezie-bucuresti-ziua-3\/whatsapp-image-2024-09-11-at-22-50-22\/'><img loading=\"lazy\" decoding=\"async\" width=\"200\" height=\"200\" src=\"https:\/\/mnlr.ro\/wp-content\/uploads\/2024\/09\/WhatsApp-Image-2024-09-11-at-22.50.22-200x200.jpeg\" class=\"attachment-thumbnail size-thumbnail\" alt=\"\" srcset=\"https:\/\/mnlr.ro\/wp-content\/uploads\/2024\/09\/WhatsApp-Image-2024-09-11-at-22.50.22-200x200.jpeg 200w, https:\/\/mnlr.ro\/wp-content\/uploads\/2024\/09\/WhatsApp-Image-2024-09-11-at-22.50.22-150x150.jpeg 150w\" sizes=\"auto, (max-width: 200px) 100vw, 200px\" \/><\/a>\n\t\t\t<\/dt><\/dl><dl class='gallery-item'>\n\t\t\t<dt class='gallery-icon landscape'>\n\t\t\t\t<a href='https:\/\/mnlr.ro\/en\/festivalul-international-de-poezie-bucuresti-ziua-3\/whatsapp-image-2024-09-11-at-22-50-23-1\/'><img loading=\"lazy\" decoding=\"async\" width=\"200\" height=\"200\" src=\"https:\/\/mnlr.ro\/wp-content\/uploads\/2024\/09\/WhatsApp-Image-2024-09-11-at-22.50.23-1-200x200.jpeg\" class=\"attachment-thumbnail size-thumbnail\" alt=\"\" srcset=\"https:\/\/mnlr.ro\/wp-content\/uploads\/2024\/09\/WhatsApp-Image-2024-09-11-at-22.50.23-1-200x200.jpeg 200w, https:\/\/mnlr.ro\/wp-content\/uploads\/2024\/09\/WhatsApp-Image-2024-09-11-at-22.50.23-1-150x150.jpeg 150w\" sizes=\"auto, (max-width: 200px) 100vw, 200px\" \/><\/a>\n\t\t\t<\/dt><\/dl><dl class='gallery-item'>\n\t\t\t<dt class='gallery-icon landscape'>\n\t\t\t\t<a href='https:\/\/mnlr.ro\/en\/festivalul-international-de-poezie-bucuresti-ziua-3\/whatsapp-image-2024-09-11-at-22-50-23\/'><img loading=\"lazy\" decoding=\"async\" width=\"200\" height=\"200\" src=\"https:\/\/mnlr.ro\/wp-content\/uploads\/2024\/09\/WhatsApp-Image-2024-09-11-at-22.50.23-200x200.jpeg\" class=\"attachment-thumbnail size-thumbnail\" alt=\"\" srcset=\"https:\/\/mnlr.ro\/wp-content\/uploads\/2024\/09\/WhatsApp-Image-2024-09-11-at-22.50.23-200x200.jpeg 200w, https:\/\/mnlr.ro\/wp-content\/uploads\/2024\/09\/WhatsApp-Image-2024-09-11-at-22.50.23-150x150.jpeg 150w\" sizes=\"auto, (max-width: 200px) 100vw, 200px\" \/><\/a>\n\t\t\t<\/dt><\/dl><br style=\"clear: both\" \/><dl class='gallery-item'>\n\t\t\t<dt class='gallery-icon landscape'>\n\t\t\t\t<a href='https:\/\/mnlr.ro\/en\/festivalul-international-de-poezie-bucuresti-ziua-3\/whatsapp-image-2024-09-11-at-22-50-24\/'><img loading=\"lazy\" decoding=\"async\" width=\"200\" height=\"200\" src=\"https:\/\/mnlr.ro\/wp-content\/uploads\/2024\/09\/WhatsApp-Image-2024-09-11-at-22.50.24-200x200.jpeg\" class=\"attachment-thumbnail size-thumbnail\" alt=\"\" srcset=\"https:\/\/mnlr.ro\/wp-content\/uploads\/2024\/09\/WhatsApp-Image-2024-09-11-at-22.50.24-200x200.jpeg 200w, https:\/\/mnlr.ro\/wp-content\/uploads\/2024\/09\/WhatsApp-Image-2024-09-11-at-22.50.24-150x150.jpeg 150w\" sizes=\"auto, (max-width: 200px) 100vw, 200px\" \/><\/a>\n\t\t\t<\/dt><\/dl><dl class='gallery-item'>\n\t\t\t<dt class='gallery-icon landscape'>\n\t\t\t\t<a href='https:\/\/mnlr.ro\/en\/festivalul-international-de-poezie-bucuresti-ziua-3\/whatsapp-image-2024-09-11-at-22-50-24-1\/'><img loading=\"lazy\" decoding=\"async\" width=\"200\" height=\"200\" src=\"https:\/\/mnlr.ro\/wp-content\/uploads\/2024\/09\/WhatsApp-Image-2024-09-11-at-22.50.24-1-200x200.jpeg\" class=\"attachment-thumbnail size-thumbnail\" alt=\"\" srcset=\"https:\/\/mnlr.ro\/wp-content\/uploads\/2024\/09\/WhatsApp-Image-2024-09-11-at-22.50.24-1-200x200.jpeg 200w, https:\/\/mnlr.ro\/wp-content\/uploads\/2024\/09\/WhatsApp-Image-2024-09-11-at-22.50.24-1-150x150.jpeg 150w\" sizes=\"auto, (max-width: 200px) 100vw, 200px\" \/><\/a>\n\t\t\t<\/dt><\/dl><dl class='gallery-item'>\n\t\t\t<dt class='gallery-icon landscape'>\n\t\t\t\t<a href='https:\/\/mnlr.ro\/en\/festivalul-international-de-poezie-bucuresti-ziua-3\/whatsapp-image-2024-09-11-at-22-50-25\/'><img loading=\"lazy\" decoding=\"async\" width=\"200\" height=\"200\" src=\"https:\/\/mnlr.ro\/wp-content\/uploads\/2024\/09\/WhatsApp-Image-2024-09-11-at-22.50.25-200x200.jpeg\" class=\"attachment-thumbnail size-thumbnail\" alt=\"\" srcset=\"https:\/\/mnlr.ro\/wp-content\/uploads\/2024\/09\/WhatsApp-Image-2024-09-11-at-22.50.25-200x200.jpeg 200w, https:\/\/mnlr.ro\/wp-content\/uploads\/2024\/09\/WhatsApp-Image-2024-09-11-at-22.50.25-150x150.jpeg 150w\" sizes=\"auto, (max-width: 200px) 100vw, 200px\" \/><\/a>\n\t\t\t<\/dt><\/dl><br style=\"clear: both\" \/><dl class='gallery-item'>\n\t\t\t<dt class='gallery-icon landscape'>\n\t\t\t\t<a href='https:\/\/mnlr.ro\/en\/festivalul-international-de-poezie-bucuresti-ziua-3\/whatsapp-image-2024-09-11-at-22-50-23-2\/'><img loading=\"lazy\" decoding=\"async\" width=\"200\" height=\"200\" src=\"https:\/\/mnlr.ro\/wp-content\/uploads\/2024\/09\/WhatsApp-Image-2024-09-11-at-22.50.23-2-200x200.jpeg\" class=\"attachment-thumbnail size-thumbnail\" alt=\"\" srcset=\"https:\/\/mnlr.ro\/wp-content\/uploads\/2024\/09\/WhatsApp-Image-2024-09-11-at-22.50.23-2-200x200.jpeg 200w, https:\/\/mnlr.ro\/wp-content\/uploads\/2024\/09\/WhatsApp-Image-2024-09-11-at-22.50.23-2-150x150.jpeg 150w\" sizes=\"auto, (max-width: 200px) 100vw, 200px\" \/><\/a>\n\t\t\t<\/dt><\/dl><dl class='gallery-item'>\n\t\t\t<dt class='gallery-icon landscape'>\n\t\t\t\t<a href='https:\/\/mnlr.ro\/en\/festivalul-international-de-poezie-bucuresti-ziua-3\/whatsapp-image-2024-09-11-at-22-50-24-2\/'><img loading=\"lazy\" decoding=\"async\" width=\"200\" height=\"200\" src=\"https:\/\/mnlr.ro\/wp-content\/uploads\/2024\/09\/WhatsApp-Image-2024-09-11-at-22.50.24-2-200x200.jpeg\" class=\"attachment-thumbnail size-thumbnail\" alt=\"\" srcset=\"https:\/\/mnlr.ro\/wp-content\/uploads\/2024\/09\/WhatsApp-Image-2024-09-11-at-22.50.24-2-200x200.jpeg 200w, https:\/\/mnlr.ro\/wp-content\/uploads\/2024\/09\/WhatsApp-Image-2024-09-11-at-22.50.24-2-150x150.jpeg 150w\" sizes=\"auto, (max-width: 200px) 100vw, 200px\" \/><\/a>\n\t\t\t<\/dt><\/dl><dl class='gallery-item'>\n\t\t\t<dt class='gallery-icon landscape'>\n\t\t\t\t<a href='https:\/\/mnlr.ro\/en\/festivalul-international-de-poezie-bucuresti-ziua-3\/whatsapp-image-2024-09-12-at-00-42-31\/'><img loading=\"lazy\" decoding=\"async\" width=\"200\" height=\"200\" src=\"https:\/\/mnlr.ro\/wp-content\/uploads\/2024\/09\/WhatsApp-Image-2024-09-12-at-00.42.31-200x200.jpeg\" class=\"attachment-thumbnail size-thumbnail\" alt=\"\" srcset=\"https:\/\/mnlr.ro\/wp-content\/uploads\/2024\/09\/WhatsApp-Image-2024-09-12-at-00.42.31-200x200.jpeg 200w, https:\/\/mnlr.ro\/wp-content\/uploads\/2024\/09\/WhatsApp-Image-2024-09-12-at-00.42.31-150x150.jpeg 150w\" sizes=\"auto, (max-width: 200px) 100vw, 200px\" \/><\/a>\n\t\t\t<\/dt><\/dl><br style=\"clear: both\" \/><dl class='gallery-item'>\n\t\t\t<dt class='gallery-icon landscape'>\n\t\t\t\t<a href='https:\/\/mnlr.ro\/en\/festivalul-international-de-poezie-bucuresti-ziua-3\/whatsapp-image-2024-09-12-at-00-42-29-1\/'><img loading=\"lazy\" decoding=\"async\" width=\"200\" height=\"200\" src=\"https:\/\/mnlr.ro\/wp-content\/uploads\/2024\/09\/WhatsApp-Image-2024-09-12-at-00.42.29-1-200x200.jpeg\" class=\"attachment-thumbnail size-thumbnail\" alt=\"\" srcset=\"https:\/\/mnlr.ro\/wp-content\/uploads\/2024\/09\/WhatsApp-Image-2024-09-12-at-00.42.29-1-200x200.jpeg 200w, https:\/\/mnlr.ro\/wp-content\/uploads\/2024\/09\/WhatsApp-Image-2024-09-12-at-00.42.29-1-150x150.jpeg 150w\" sizes=\"auto, (max-width: 200px) 100vw, 200px\" \/><\/a>\n\t\t\t<\/dt><\/dl><dl class='gallery-item'>\n\t\t\t<dt class='gallery-icon landscape'>\n\t\t\t\t<a href='https:\/\/mnlr.ro\/en\/festivalul-international-de-poezie-bucuresti-ziua-3\/whatsapp-image-2024-09-12-at-00-42-30\/'><img loading=\"lazy\" decoding=\"async\" width=\"200\" height=\"200\" src=\"https:\/\/mnlr.ro\/wp-content\/uploads\/2024\/09\/WhatsApp-Image-2024-09-12-at-00.42.30-200x200.jpeg\" class=\"attachment-thumbnail size-thumbnail\" alt=\"\" srcset=\"https:\/\/mnlr.ro\/wp-content\/uploads\/2024\/09\/WhatsApp-Image-2024-09-12-at-00.42.30-200x200.jpeg 200w, https:\/\/mnlr.ro\/wp-content\/uploads\/2024\/09\/WhatsApp-Image-2024-09-12-at-00.42.30-150x150.jpeg 150w\" sizes=\"auto, (max-width: 200px) 100vw, 200px\" \/><\/a>\n\t\t\t<\/dt><\/dl><dl class='gallery-item'>\n\t\t\t<dt class='gallery-icon landscape'>\n\t\t\t\t<a href='https:\/\/mnlr.ro\/en\/festivalul-international-de-poezie-bucuresti-ziua-3\/whatsapp-image-2024-09-12-at-00-42-28\/'><img loading=\"lazy\" decoding=\"async\" width=\"200\" height=\"200\" src=\"https:\/\/mnlr.ro\/wp-content\/uploads\/2024\/09\/WhatsApp-Image-2024-09-12-at-00.42.28-200x200.jpeg\" class=\"attachment-thumbnail size-thumbnail\" alt=\"\" srcset=\"https:\/\/mnlr.ro\/wp-content\/uploads\/2024\/09\/WhatsApp-Image-2024-09-12-at-00.42.28-200x200.jpeg 200w, https:\/\/mnlr.ro\/wp-content\/uploads\/2024\/09\/WhatsApp-Image-2024-09-12-at-00.42.28-150x150.jpeg 150w\" sizes=\"auto, (max-width: 200px) 100vw, 200px\" \/><\/a>\n\t\t\t<\/dt><\/dl><br style=\"clear: both\" \/>\n\t\t<\/div>\n\n<p><em>Credit foto: Dan Marinescu<\/em><\/p>\n<p><em>Filmare \u0219i montaj: Daniel-Paul Ciobanu<\/em><\/p>\n<p><iframe loading=\"lazy\" title=\"Lecturi publice \u0219i Concert Mircea Tiberian \u2013 Nadia Trohin, 11 septembrie 2024, ora 19.30 | FIPB 2024\" width=\"500\" height=\"281\" src=\"https:\/\/www.youtube.com\/embed\/Es24bDOhBs4?feature=oembed\" frameborder=\"0\" allow=\"accelerometer; autoplay; clipboard-write; encrypted-media; gyroscope; picture-in-picture; web-share\" referrerpolicy=\"strict-origin-when-cross-origin\" allowfullscreen><\/iframe><\/p>","protected":false},"excerpt":{"rendered":"<p>A treia zi a Festivalului Interna\u021bional de Poezie Bucure\u0219ti a \u00eenceput de la ora 11.00 cu un dialog despre literatur\u0103&#8230;<\/p>","protected":false},"author":11,"featured_media":33231,"comment_status":"closed","ping_status":"closed","sticky":false,"template":"","format":"standard","meta":{"_exactmetrics_skip_tracking":false,"_exactmetrics_sitenote_active":false,"_exactmetrics_sitenote_note":"","_exactmetrics_sitenote_category":0,"footnotes":""},"categories":[9,61],"tags":[],"class_list":["post-33109","post","type-post","status-publish","format-standard","has-post-thumbnail","hentry","category-evenimente","category-festival"],"_links":{"self":[{"href":"https:\/\/mnlr.ro\/en\/wp-json\/wp\/v2\/posts\/33109","targetHints":{"allow":["GET"]}}],"collection":[{"href":"https:\/\/mnlr.ro\/en\/wp-json\/wp\/v2\/posts"}],"about":[{"href":"https:\/\/mnlr.ro\/en\/wp-json\/wp\/v2\/types\/post"}],"author":[{"embeddable":true,"href":"https:\/\/mnlr.ro\/en\/wp-json\/wp\/v2\/users\/11"}],"replies":[{"embeddable":true,"href":"https:\/\/mnlr.ro\/en\/wp-json\/wp\/v2\/comments?post=33109"}],"version-history":[{"count":7,"href":"https:\/\/mnlr.ro\/en\/wp-json\/wp\/v2\/posts\/33109\/revisions"}],"predecessor-version":[{"id":33705,"href":"https:\/\/mnlr.ro\/en\/wp-json\/wp\/v2\/posts\/33109\/revisions\/33705"}],"wp:featuredmedia":[{"embeddable":true,"href":"https:\/\/mnlr.ro\/en\/wp-json\/wp\/v2\/media\/33231"}],"wp:attachment":[{"href":"https:\/\/mnlr.ro\/en\/wp-json\/wp\/v2\/media?parent=33109"}],"wp:term":[{"taxonomy":"category","embeddable":true,"href":"https:\/\/mnlr.ro\/en\/wp-json\/wp\/v2\/categories?post=33109"},{"taxonomy":"post_tag","embeddable":true,"href":"https:\/\/mnlr.ro\/en\/wp-json\/wp\/v2\/tags?post=33109"}],"curies":[{"name":"wp","href":"https:\/\/api.w.org\/{rel}","templated":true}]}}