{"id":33904,"date":"2024-10-02T16:42:58","date_gmt":"2024-10-02T13:42:58","guid":{"rendered":"https:\/\/mnlr.ro\/?p=33904"},"modified":"2024-10-03T14:11:00","modified_gmt":"2024-10-03T11:11:00","slug":"lansarea-de-carte-la-puterea-a-patra","status":"publish","type":"post","link":"https:\/\/mnlr.ro\/en\/lansarea-de-carte-la-puterea-a-patra\/","title":{"rendered":"Lansare de carte la puterea a patra"},"content":{"rendered":"<p>Patru c\u0103r\u021bi de pove\u0219ti pentru copii se lanseaz\u0103 simultan\u00a0<strong>s\u00e2mb\u0103t\u0103<\/strong>,<strong> 12 octombrie, ora 11.00<\/strong>,\u00a0la\u00a0Muzeul Na\u021bional al Literaturii Rom\u00e2ne, str. Nicolae Cre\u021bulescu, nr. 8.<\/p>\n<p>Cele patru c\u0103r\u021bi ilustrate pentru copii nu sunt doar c\u0103r\u021bi, ci un manifest educa\u021bional pornit la firul ierbii de asocia\u021bia Cu Alte Cuvinte \u0219i inspirat de profesori.<\/p>\n<p>Dup\u0103 prima edi\u021bie a proiectului <em>Bare rroma<\/em>, premiat\u0103 la Gala Societ\u0103\u021bii Civile anul trecut, continu\u0103m proiectul cu alte patru c\u0103r\u021bi cu eroi romi: actri\u021ba \u0219i regizoarea Alina \u0218erban, pictorul Eugen Raportoru, sociologul Gelu Duminic\u0103 \u0219i soprana Isabela St\u0103nescu.<\/p>\n<p>Fiecare dintre cele patru eroine \u0219i eroi de poveste sunt totodat\u0103 patru personalit\u0103\u021bi rome ce pot fi \u00eent\u00e2lnite pe viu, \u00een via\u021ba de zi cu zi. To\u021bi patru au dep\u0103\u0219it bariere \u0219i prejudec\u0103\u021bi pentru a-\u0219i urma visurile \u0219i sunt exemple de curaj \u0219i determinare. Pove\u0219tile lor de via\u021b\u0103 au fost transpuse \u00een c\u0103r\u021bi pentru copii, scrise de opt studen\u021bi romi, pentru care cei patru eroi sunt modele de via\u021b\u0103.<\/p>\n<p>C\u0103r\u021bile sunt \u00een format bilingv rom\u00e2n\u0103-romani \u0219i sunt disponibile gratuit pe site-ul asocia\u021biei Cu Alte Cuvinte:\u00a0<a href=\"http:\/\/www.cualtecuvinte.com\/\">www.cualtecuvinte.com<\/a>\u00a0\u0219i pot fi accesate \u0219i direct, scan\u00e2nd codul QR din afi\u0219ul evenimentului.<\/p>\n<p>4400 de c\u0103r\u021bi tip\u0103rite ajung, prin dona\u021bie, la 1100 de educatoare, cu sprijinul Asocia\u021biei OvidiuRO \u0219i vor fi descoperite de peste 11 000 de pre\u0219colari din sate \u0219i ora\u0219e din Rom\u00e2nia.<\/p>\n<p>Aceste personalit\u0103\u021bi, care au cucerit recunoa\u0219terea at\u00e2t \u00een \u021bar\u0103, c\u00e2t \u0219i \u00een str\u0103in\u0103tate, \u0219i-au \u00eemp\u0103rt\u0103\u0219it pove\u0219tile celor opt tineri autori romi, care le-au transformat \u00een patru pove\u0219ti pentru copii, dup\u0103 un proces de jum\u0103tate de an, fiind ghida\u021bi de scriitoarea Iulia Iordan \u0219i jurnalista Delia Marinescu.<\/p>\n<p>Fiecare dintre cele patru eroine \u0219i eroi de poveste a dep\u0103\u0219it bariere \u0219i prejudec\u0103\u021bi pentru a-\u0219i urma visurile \u0219i ne ofer\u0103 tuturor un exemplu de curaj \u0219i determinare. Sunt de fapt pove\u0219ti oglinzi \u0219i ferestre \u2013 oglinzi pentru copiii romi, care se pot vedea reflecta\u021bi, \u0219i ferestre pentru to\u021bi ceilal\u021bi, oferind o perspectiv\u0103 autentic\u0103 asupra celei mai mari minorit\u0103\u021bi din Rom\u00e2nia. \u00cemp\u0103rt\u0103\u0219indu-le pove\u0219tile, dorim s\u0103 ar\u0103t\u0103m copiilor c\u0103 eroii nu sunt doar \u00een c\u0103r\u021bile de pove\u0219ti, ci \u0219i printre noi, \u00een via\u021ba de zi cu zi.<\/p>\n<p>Participarea la eveniment se face doar pe baz\u0103 de invita\u021bie.<br \/>\nRSPV coord. Minodora Cerin: e-mail:\u00a0<a href=\"mailto:minodora.cerin@gmail.com\">minodora.cerin@gmail.com<\/a><\/p>\n<p>Proiectul \u201eBare rroma\u201d edi\u021bia nr. 2 este cofinan\u021bat de AFCN &#8211; Administra\u021bia Fondului Cultural Na\u021bional.<\/p>\n<p>Parteneri: Muzeul Na\u021bional al Literaturii Rom\u00e2ne, Asocia\u021bia OvidiuRO, Galeria IDLE<\/p>\n<p>Parteneri media: \u0218coala 9, Ziarul Metropolis, Rom\u00e2nia Pozitiv\u0103, Happ<\/p>","protected":false},"excerpt":{"rendered":"<p>Patru c\u0103r\u021bi de pove\u0219ti pentru copii se lanseaz\u0103 simultan\u00a0s\u00e2mb\u0103t\u0103, 12 octombrie, ora 11.00,\u00a0la\u00a0Muzeul Na\u021bional al Literaturii Rom\u00e2ne, str. Nicolae Cre\u021bulescu,&#8230;<\/p>","protected":false},"author":13,"featured_media":33905,"comment_status":"closed","ping_status":"closed","sticky":false,"template":"","format":"standard","meta":{"_exactmetrics_skip_tracking":false,"_exactmetrics_sitenote_active":false,"_exactmetrics_sitenote_note":"","_exactmetrics_sitenote_category":0,"footnotes":""},"categories":[9],"tags":[],"class_list":["post-33904","post","type-post","status-publish","format-standard","has-post-thumbnail","hentry","category-evenimente"],"_links":{"self":[{"href":"https:\/\/mnlr.ro\/en\/wp-json\/wp\/v2\/posts\/33904","targetHints":{"allow":["GET"]}}],"collection":[{"href":"https:\/\/mnlr.ro\/en\/wp-json\/wp\/v2\/posts"}],"about":[{"href":"https:\/\/mnlr.ro\/en\/wp-json\/wp\/v2\/types\/post"}],"author":[{"embeddable":true,"href":"https:\/\/mnlr.ro\/en\/wp-json\/wp\/v2\/users\/13"}],"replies":[{"embeddable":true,"href":"https:\/\/mnlr.ro\/en\/wp-json\/wp\/v2\/comments?post=33904"}],"version-history":[{"count":3,"href":"https:\/\/mnlr.ro\/en\/wp-json\/wp\/v2\/posts\/33904\/revisions"}],"predecessor-version":[{"id":33910,"href":"https:\/\/mnlr.ro\/en\/wp-json\/wp\/v2\/posts\/33904\/revisions\/33910"}],"wp:featuredmedia":[{"embeddable":true,"href":"https:\/\/mnlr.ro\/en\/wp-json\/wp\/v2\/media\/33905"}],"wp:attachment":[{"href":"https:\/\/mnlr.ro\/en\/wp-json\/wp\/v2\/media?parent=33904"}],"wp:term":[{"taxonomy":"category","embeddable":true,"href":"https:\/\/mnlr.ro\/en\/wp-json\/wp\/v2\/categories?post=33904"},{"taxonomy":"post_tag","embeddable":true,"href":"https:\/\/mnlr.ro\/en\/wp-json\/wp\/v2\/tags?post=33904"}],"curies":[{"name":"wp","href":"https:\/\/api.w.org\/{rel}","templated":true}]}}