{"id":33991,"date":"2024-10-13T13:38:31","date_gmt":"2024-10-13T10:38:31","guid":{"rendered":"https:\/\/mnlr.ro\/?p=33991"},"modified":"2024-10-13T13:38:31","modified_gmt":"2024-10-13T10:38:31","slug":"poezie-si-creatie-181-maia-morgenstern-si-loreta-popa","status":"publish","type":"post","link":"https:\/\/mnlr.ro\/en\/poezie-si-creatie-181-maia-morgenstern-si-loreta-popa\/","title":{"rendered":"\u201ePoezie \u0219i crea\u021bie\u201d #181 | Maia Morgenstern \u0219i Loreta Popa"},"content":{"rendered":"<p>Invitat\u0103 ast\u0103zi la \u201ePoezie \u0219i crea\u021bie\u201d este Maia Morgenstern, un om complex, energic, cu imens\u0103 putere de munc\u0103, o femeie incredibil\u0103, actri\u0163\u0103 binecunoscut\u0103, dar \u0219i minunat\u0103 mam\u0103.<\/p>\n<p>S-a n\u0103scut la Bucure\u0219ti, la 1 mai 1962. A studiat la Academia de Teatru \u0219i Film \u0219i a jucat la Teatrul Tineretului din Piatra Neam\u021b, p\u00e2n\u0103 \u00een 1988. A ap\u0103rut apoi pe scena Teatrului Evreiesc de Stat din Bucure\u0219ti (institu\u021bie pe care ast\u0103zi o conduce), dup\u0103 care s-a al\u0103turat trupei de la Teatrul Na\u021bional \u201eI. L. Caragiale\u201d. Este artistul f\u0103r\u0103 ascunzi\u015furi, f\u0103r\u0103 regrete, cu o viziune clar\u0103 a lumii din care face parte.<\/p>\n<p>Natural\u0103, deschis\u0103, modest\u0103, Maia Morgenstern ne-a dat prilejul s\u0103 o descoperim de nenum\u0103rate ori prin filmele sale, prin rolurile sale. Am vorbit cu actri\u021ba despre poezie, despre teatru, despre via\u021b\u0103, despre noua premier\u0103, \u201ePunct. \u0218i de la cap\u0103t\u201d, o comedie modern\u0103, jucat\u0103 \u00een acest moment \u00een Paris, care atinge cu umor situa\u021bii incomode ale societ\u0103\u021bii actuale, unde \u00eel are partener pe Marius Bodochi. Am aflat c\u0103 scena este o \u015fans\u0103 pentru actor s\u0103 adauge lumii o pic\u0103tur\u0103 de frumuse\u0163e, c\u0103 poezia este limbajul celor ce nu \u015fi-au pierdut definitiv inima. Poezia este un tumult de st\u0103ri \u0219i culori. \u201eMi-a fost fric\u0103 de acest text, am ezitat, pentru c\u0103 atinge cu curaj teme complicate, \u0219i ca orice tem\u0103 complicat\u0103 prefer\u0103m s\u0103 ne uit\u0103m \u00een alt\u0103 parte. \u00cen teorie e frumos, dar c\u00e2nd te atinge personal parc\u0103 se mai schimb\u0103 lucrurile. Am avut conflicte, am fost pe punctul s\u0103 dezertez \u0219i atunci a fost nevoie de curaj, de o analiz\u0103 serioas\u0103, de asumare. E un cuv\u00e2nt mare. Ce bine e c\u00e2nd \u00ee\u0219i asum\u0103 al\u021bii \u0219i noi doar discut\u0103m despre asumare\u201d, m\u0103rturise\u0219te Maia Morgenstern.<\/p>\n<p>O credin\u0163\u0103 veche spune c\u0103 un om tr\u0103ie\u015fte at\u00e2t timp c\u00e2t numele s\u0103u este pomenit. Ei bine, despre Maia Morgenstern se va vorbi mult timp. \u201eR\u0103m\u00e2ne dup\u0103 noi amintirea, evocarea a ceea ce poate am reu\u0219it s\u0103 transmitem genera\u021biilor care se succed\u201d, crede cu t\u0103rie actri\u021ba. Uluitoare vibra\u0163ie a pus \u00een profesiunea ei de credin\u0163\u0103. Este greu s\u0103 nu o sesizezi. Este greu s\u0103 nu rezonezi cu ea. A crezut \u00een steaua ei, a pariat cu ea \u00eens\u0103\u015fi \u015fi cu cei din jur, a for\u0163at imposibilul. Nu sunt multe actri\u0163ele care au \u015ftiut s\u0103 dea Cezarului ce era al Cezarului, oprindu-\u015fi pentru sine partea leului. Maia Morgenstern nu a respins ostentativ condi\u0163ia vedetei, nu s-a l\u0103sat devorat\u0103, construindu-\u015fi cu o voin\u0163\u0103 impresionant\u0103 o carier\u0103 ce poate reprezenta un model pentru mul\u021bi. D\u0103ruirea de sine a Maiei Morgenstern este egal\u0103 doar cu farmecul pe care-l r\u0103sp\u00e2nde\u015fte \u00een jurul s\u0103u.<\/p>\n<p>Credit foto: Dan Marinescu<\/p>\n<p>Proiect coordonat \u0219i realizat de Loreta Popa<\/p>\n<p>Urm\u0103ri\u021bi \u201ePoezie \u0219i crea\u021bie\u201d aici:<\/p>\n<p><iframe loading=\"lazy\" title=\"Poezie \u0219i crea\u021bie - Maia Morgenstern\" width=\"500\" height=\"281\" src=\"https:\/\/www.youtube.com\/embed\/So6P-zXHd9o?feature=oembed\" frameborder=\"0\" allow=\"accelerometer; autoplay; clipboard-write; encrypted-media; gyroscope; picture-in-picture; web-share\" referrerpolicy=\"strict-origin-when-cross-origin\" allowfullscreen><\/iframe><\/p>","protected":false},"excerpt":{"rendered":"<p>Invitat\u0103 ast\u0103zi la \u201ePoezie \u0219i crea\u021bie\u201d este Maia Morgenstern, un om complex, energic, cu imens\u0103 putere de munc\u0103, o femeie&#8230;<\/p>","protected":false},"author":11,"featured_media":33992,"comment_status":"closed","ping_status":"closed","sticky":false,"template":"","format":"standard","meta":{"_exactmetrics_skip_tracking":false,"_exactmetrics_sitenote_active":false,"_exactmetrics_sitenote_note":"","_exactmetrics_sitenote_category":0,"footnotes":""},"categories":[9,52],"tags":[],"class_list":["post-33991","post","type-post","status-publish","format-standard","has-post-thumbnail","hentry","category-evenimente","category-evenimente-on-line"],"_links":{"self":[{"href":"https:\/\/mnlr.ro\/en\/wp-json\/wp\/v2\/posts\/33991","targetHints":{"allow":["GET"]}}],"collection":[{"href":"https:\/\/mnlr.ro\/en\/wp-json\/wp\/v2\/posts"}],"about":[{"href":"https:\/\/mnlr.ro\/en\/wp-json\/wp\/v2\/types\/post"}],"author":[{"embeddable":true,"href":"https:\/\/mnlr.ro\/en\/wp-json\/wp\/v2\/users\/11"}],"replies":[{"embeddable":true,"href":"https:\/\/mnlr.ro\/en\/wp-json\/wp\/v2\/comments?post=33991"}],"version-history":[{"count":1,"href":"https:\/\/mnlr.ro\/en\/wp-json\/wp\/v2\/posts\/33991\/revisions"}],"predecessor-version":[{"id":34001,"href":"https:\/\/mnlr.ro\/en\/wp-json\/wp\/v2\/posts\/33991\/revisions\/34001"}],"wp:featuredmedia":[{"embeddable":true,"href":"https:\/\/mnlr.ro\/en\/wp-json\/wp\/v2\/media\/33992"}],"wp:attachment":[{"href":"https:\/\/mnlr.ro\/en\/wp-json\/wp\/v2\/media?parent=33991"}],"wp:term":[{"taxonomy":"category","embeddable":true,"href":"https:\/\/mnlr.ro\/en\/wp-json\/wp\/v2\/categories?post=33991"},{"taxonomy":"post_tag","embeddable":true,"href":"https:\/\/mnlr.ro\/en\/wp-json\/wp\/v2\/tags?post=33991"}],"curies":[{"name":"wp","href":"https:\/\/api.w.org\/{rel}","templated":true}]}}