{"id":34060,"date":"2024-10-21T16:05:35","date_gmt":"2024-10-21T13:05:35","guid":{"rendered":"https:\/\/mnlr.ro\/?p=34060"},"modified":"2024-10-25T00:35:49","modified_gmt":"2024-10-24T21:35:49","slug":"lansare-de-carte-si-album-dan-manciulea-de-30-de-ani-om-bun","status":"publish","type":"post","link":"https:\/\/mnlr.ro\/en\/lansare-de-carte-si-album-dan-manciulea-de-30-de-ani-om-bun\/","title":{"rendered":"Lansare de carte \u0219i album Dan Manciulea \u2013 De 30 de ani Om Bun"},"content":{"rendered":"<p>Muzeul Na\u021bional al Literaturii Rom\u00e2ne v\u0103 invit\u0103 joi, \u202a24 octombrie 2024, ora 18.00\u202c, sediul din \u202astrada Nicolae Cre\u021bulescu, nr. 8\u202c, la un eveniment special \u201eDan Manciulea \u2013 De 30 de ani Om Bun\u201d. Cantautorul \u0219i produc\u0103torul muzical Dan Manciulea \u00ee\u0219i lanseaz\u0103 albumul \u201eC\u00e2ntec f\u0103r\u0103 sf\u00e2r\u0219it\u201d, \u00eempreun\u0103 cu cartea sa de schi\u021be \u0219i povestiri &#8211; \u201eMici apocalipse de adormit omenirea\u201d, cu ocazia \u00eemplinirii a 30 de ani de la c\u00e2\u0219tigarea Trofeului Festivalului de Muzic\u0103 Folk \u201eOm Bun\u201d. Dup\u0103 prezentarea CD-ului \u0219i a c\u0103r\u021bii de povestiri, Dan Manciulea \u0219i prietenii s\u0103i vor sus\u021bine un concert folk.<\/p>\n<p>\u00cen cei 30 de ani de activitate artistic\u0103, Dan Manciulea a realizat cinci albume de muzic\u0103 folk, dintre care dou\u0103 cu grupul For\u021bele de Munc\u0103 \u0219i a produs albumele mai multor arti\u0219ti folk cunoscu\u021bi, Maria Gheorghiu, Florin Camen \u0219i Mirela Potopea. Cantautorul a participat la numeroase concursuri de crea\u021bie, dintre care amintim Eurovision, selec\u021bia na\u021bional\u0103, Festivalul de Muzic\u0103 U\u0219oar\u0103 de la Mamaia sau talentshow-ul Rom\u00e2nii au Talent, unde s-a distins c\u00e2nt\u00e2nd compozi\u021bii inedit \u00een stil folk\/country\/blues\/pop, ale c\u0103ror texte proprii ori scrise de textieri ca Florin Dumitrescu sau Dinu Ol\u0103ra\u0219u, transmit mesaje fie sociale, fie de suflet, adresate publicului de specialitate \u0219i nu numai. Difuzat la Radio Rom\u00e2nia, dar \u0219i de radiouri independente, artistul s-a remarcat \u00een anul 2021, atunci c\u00e2nd a lansat cel de-al treilea album al s\u0103u, \u201eAm \u00eenfr\u00e2nt\u201d. Un album de folk social, cu texte proprii sau scrise de Florin Dumitrescu, \u00een acela\u0219i timp serioase, dar pline de umor amar, care atrag aten\u021bia asupra unor teme grele, cum ar fi Revolu\u021bia din 1989, t\u0103ierile ilegale de p\u0103duri, copiii l\u0103sa\u021bi \u00een \u021bar\u0103 de emigran\u021bii social-economici, pandemia de COVID-19 \u0219i multe altele.<\/p>\n<p>Au r\u0103spuns invita\u021biei Zoia Alecu, Maria Gheorghiu, Paul Prisada, Dana Florian, \u0218tefan Mardale, Vali Petcu, grupul folk Om Bun, Mirela Potopea, Teodor Manciulea, Sorin C\u0103lin \u0219i c\u00e2\u021biva arti\u0219ti care au dorit s\u0103 ofere publicului o surpriz\u0103.<\/p>\n<p>Intrarea este liber\u0103. V\u0103 a\u0219tept\u0103m!<\/p>\n<p>Credit foto: Dan Marinescu<\/p>","protected":false},"excerpt":{"rendered":"<p>Muzeul Na\u021bional al Literaturii Rom\u00e2ne v\u0103 invit\u0103 joi, \u202a24 octombrie 2024, ora 18.00\u202c, sediul din \u202astrada Nicolae Cre\u021bulescu, nr. 8\u202c,&#8230;<\/p>","protected":false},"author":11,"featured_media":34061,"comment_status":"closed","ping_status":"closed","sticky":false,"template":"","format":"standard","meta":{"_exactmetrics_skip_tracking":false,"_exactmetrics_sitenote_active":false,"_exactmetrics_sitenote_note":"","_exactmetrics_sitenote_category":0,"footnotes":""},"categories":[9,21],"tags":[],"class_list":["post-34060","post","type-post","status-publish","format-standard","has-post-thumbnail","hentry","category-evenimente","category-lansari-de-carte"],"_links":{"self":[{"href":"https:\/\/mnlr.ro\/en\/wp-json\/wp\/v2\/posts\/34060","targetHints":{"allow":["GET"]}}],"collection":[{"href":"https:\/\/mnlr.ro\/en\/wp-json\/wp\/v2\/posts"}],"about":[{"href":"https:\/\/mnlr.ro\/en\/wp-json\/wp\/v2\/types\/post"}],"author":[{"embeddable":true,"href":"https:\/\/mnlr.ro\/en\/wp-json\/wp\/v2\/users\/11"}],"replies":[{"embeddable":true,"href":"https:\/\/mnlr.ro\/en\/wp-json\/wp\/v2\/comments?post=34060"}],"version-history":[{"count":4,"href":"https:\/\/mnlr.ro\/en\/wp-json\/wp\/v2\/posts\/34060\/revisions"}],"predecessor-version":[{"id":34115,"href":"https:\/\/mnlr.ro\/en\/wp-json\/wp\/v2\/posts\/34060\/revisions\/34115"}],"wp:featuredmedia":[{"embeddable":true,"href":"https:\/\/mnlr.ro\/en\/wp-json\/wp\/v2\/media\/34061"}],"wp:attachment":[{"href":"https:\/\/mnlr.ro\/en\/wp-json\/wp\/v2\/media?parent=34060"}],"wp:term":[{"taxonomy":"category","embeddable":true,"href":"https:\/\/mnlr.ro\/en\/wp-json\/wp\/v2\/categories?post=34060"},{"taxonomy":"post_tag","embeddable":true,"href":"https:\/\/mnlr.ro\/en\/wp-json\/wp\/v2\/tags?post=34060"}],"curies":[{"name":"wp","href":"https:\/\/api.w.org\/{rel}","templated":true}]}}