{"id":34155,"date":"2024-10-31T11:42:50","date_gmt":"2024-10-31T09:42:50","guid":{"rendered":"https:\/\/mnlr.ro\/?p=34155"},"modified":"2024-10-31T11:42:50","modified_gmt":"2024-10-31T09:42:50","slug":"intalnirile-fictiunea","status":"publish","type":"post","link":"https:\/\/mnlr.ro\/en\/intalnirile-fictiunea\/","title":{"rendered":"\u00cent\u00e2lnirile Fic\u021biunea"},"content":{"rendered":"<p>Muzeul Na\u021bional al Literaturii Rom\u00e2ne din Bucure\u0219ti (str. Nicolae Cre\u021bulescu nr. 8) g\u0103zduie\u0219te mar\u021bi, 12 noiembrie 2024, ora 18.00, o nou\u0103 \u00eent\u00e2lnire Fic\u021biunea. Film, literatur\u0103, idei. O povestire \u00eentoars\u0103 pe toate p\u0103r\u021bile.<\/p>\n<p>Invita\u021bi: <em>Gabriela Suciu<\/em>, produc\u0103tor de film, <em>Andrei Bulboac\u0103<\/em>, critic de teatru \u0219i film, <em>Adrian Florin Du\u021b\u0103<\/em>, prozator, traduc\u0103tor, <em>Alina Diana Ene<\/em>, profesor, \u0219i elevii Liceului Teoretic Bilingv \u201eMiguel de Cervantes\u201d. Modereaz\u0103 <em>Andrei Ro\u0219ca<\/em>, specialist \u00een filosofia culturii.<\/p>\n<p>\u00cent\u00e2lnirile revistei Fic\u021biunea \u00ee\u0219i propun s\u0103 aduc\u0103 \u00een dialog genera\u021bii diferite \u0219i arti\u0219ti care contribuie, chiar \u0219i tangen\u021bial, la un construct artistic. Fiecare edi\u021bie are o tem\u0103 legat\u0103 de fic\u021biune: viziuni, tehnici, experien\u021be, mesaje. \u00cen centrul \u00eent\u00e2lnirii se afl\u0103 un dialog \u00eentre arti\u0219ti din domenii diferite, completat\/\u00eentrerupt\/stimulat de public.<\/p>\n<p>Trecem printr-o schimbare general\u0103: de mentalitate, de comunicare social\u0103, de exprimare artistic\u0103. Muzeul Na\u021bional al Literaturii Rom\u00e2ne din Bucure\u0219ti pune bazele unui club pentru to\u021bi cei care vor s\u0103 descopere \u0219i s\u0103 comenteze (i)realit\u0103\u021bile \u0219i fic\u021biunile din cultura rom\u00e2n\u0103 vie. Proiectul are loc \u00een fiecare lun\u0103.<\/p>\n<p>Organizatori: revista Fic\u021biunea &amp; MNLR.<\/p>\n<p>Gabriela Suciu &#8211; Lector univ. dr. la Universitatea Na\u021bional\u0103 de Teatru \u0219i Cinematografie \u201eI. L. Caragiale&#8221;, Bucure\u0219ti, produc\u0103tor, distribuitor \u0219i analist de pia\u021b\u0103 cinematografic\u0103, Gabriela este implicat\u0103 \u00een numeroase proiecte interna\u021bionale. Cel mai recent film produs de ea este Unde merg elefan\u021bii (2024)<\/p>\n<p>Andrei Bulboac\u0103 &#8211; Doctor \u00een studii culturale (Facultatea de Litere, Universitatea din Bucure\u0219ti), cu o tez\u0103 despre festivalurile de muzic\u0103 din Rom\u00e2nia, Andrei Bulboac\u0103 scrie studii de literatur\u0103, teatru \u0219i film. Este masterand la sec\u021bia de Studii de Teatru \u0219i Performance, \u00een cadrul Universit\u0103\u021bii Na\u021bionale de Art\u0103 Teatral\u0103 \u0219i Cinematografic\u0103 \u201eI. L. Caragiale\u201d din Bucure\u0219ti.<\/p>\n<p>Du\u021b\u0103 Adrian-Florin &#8211; Traduc\u0103tor, absolvent al sec\u021biei Neerlandez\u0103-Englez\u0103 din cadrul Facult\u0103\u021bii de Limbi \u0219i Literaturi Str\u0103ine, Universitatea din Bucure\u0219ti, masterand la Traducerea Textului Literar Contemporan \u00een cadrul aceleia\u0219i facult\u0103\u021bi. Scrie proz\u0103, eseu \u0219i studii pe literatura queer.<\/p>\n<p>Alina Diana Ene &#8211; Profesor la Colegiul Na\u021bional Cervantes, Bucure\u0219ti<\/p>\n<p>Andrei Ro\u0219ca &#8211; Absolvent al Facult\u0103\u021bii de Litere (Universitatea din Bucure\u0219ti), pasionat de antropologie \u0219i de literatur\u0103. Master \u00een antropologie \u0219i \u00een filozofie. Scrie studii de filosofia culturii, eseu.<\/p>","protected":false},"excerpt":{"rendered":"<p>Muzeul Na\u021bional al Literaturii Rom\u00e2ne din Bucure\u0219ti (str. Nicolae Cre\u021bulescu nr. 8) g\u0103zduie\u0219te mar\u021bi, 12 noiembrie 2024, ora 18.00, o&#8230;<\/p>","protected":false},"author":11,"featured_media":34156,"comment_status":"closed","ping_status":"closed","sticky":false,"template":"","format":"standard","meta":{"_exactmetrics_skip_tracking":false,"_exactmetrics_sitenote_active":false,"_exactmetrics_sitenote_note":"","_exactmetrics_sitenote_category":0,"footnotes":""},"categories":[24,9],"tags":[],"class_list":["post-34155","post","type-post","status-publish","format-standard","has-post-thumbnail","hentry","category-dezbateri-culturale","category-evenimente"],"_links":{"self":[{"href":"https:\/\/mnlr.ro\/en\/wp-json\/wp\/v2\/posts\/34155","targetHints":{"allow":["GET"]}}],"collection":[{"href":"https:\/\/mnlr.ro\/en\/wp-json\/wp\/v2\/posts"}],"about":[{"href":"https:\/\/mnlr.ro\/en\/wp-json\/wp\/v2\/types\/post"}],"author":[{"embeddable":true,"href":"https:\/\/mnlr.ro\/en\/wp-json\/wp\/v2\/users\/11"}],"replies":[{"embeddable":true,"href":"https:\/\/mnlr.ro\/en\/wp-json\/wp\/v2\/comments?post=34155"}],"version-history":[{"count":1,"href":"https:\/\/mnlr.ro\/en\/wp-json\/wp\/v2\/posts\/34155\/revisions"}],"predecessor-version":[{"id":34157,"href":"https:\/\/mnlr.ro\/en\/wp-json\/wp\/v2\/posts\/34155\/revisions\/34157"}],"wp:featuredmedia":[{"embeddable":true,"href":"https:\/\/mnlr.ro\/en\/wp-json\/wp\/v2\/media\/34156"}],"wp:attachment":[{"href":"https:\/\/mnlr.ro\/en\/wp-json\/wp\/v2\/media?parent=34155"}],"wp:term":[{"taxonomy":"category","embeddable":true,"href":"https:\/\/mnlr.ro\/en\/wp-json\/wp\/v2\/categories?post=34155"},{"taxonomy":"post_tag","embeddable":true,"href":"https:\/\/mnlr.ro\/en\/wp-json\/wp\/v2\/tags?post=34155"}],"curies":[{"name":"wp","href":"https:\/\/api.w.org\/{rel}","templated":true}]}}