{"id":34180,"date":"2024-11-01T11:15:05","date_gmt":"2024-11-01T09:15:05","guid":{"rendered":"https:\/\/mnlr.ro\/?p=34180"},"modified":"2024-11-01T11:15:05","modified_gmt":"2024-11-01T09:15:05","slug":"6-ani-de-la-inaugurarea-casei-memoriale-anton-pann-si-170-de-ani-de-la-plecarea-lui-anton-pann-dintre-noi","status":"publish","type":"post","link":"https:\/\/mnlr.ro\/en\/6-ani-de-la-inaugurarea-casei-memoriale-anton-pann-si-170-de-ani-de-la-plecarea-lui-anton-pann-dintre-noi\/","title":{"rendered":"6 ani de la inaugurarea casei memoriale \u201eAnton Pann\u201d \u0219i 170 de ani de la plecarea lui Anton Pann dintre noi"},"content":{"rendered":"<p>Zilele de 1 \u0219i 2 noiembrie sunt zile importante de s\u0103rb\u0103toare, dar \u0219i de comemorare, pentru Casa Memorial\u0103 \u201eAnton Pann\u201d. La 1 noiembrie, de \u0219ase ani, s\u0103rb\u0103torim deschiderea casei din fosta strad\u0103 Taurul 12, drept muzeu destinat publicului, celor care \u00ee\u0219i doresc s\u0103 cunoasc\u0103 personalitatea dasc\u0103lului de musichie, scriitorul Anton Pann, iar la 2 noiembrie se \u00eemplinesc 170 de ani de la plecarea lui dintre noi.<\/p>\n<p>Figura sa era \u201eoache\u015f\u0103 \u015fi expresiv\u0103, cu spr\u00e2ncene arcate, cu must\u0103\u0163i tunse \u015fi \u00eennegrite de tabac, cu buze groase, cu favorite \u015fi b\u0103rbia r\u0103sfr\u00e2nt\u0103, purt\u00e2nd i\u015flic \u015fi anteriu \u00een tinere\u0163e, mai t\u00e2rziu gheroc lung zis laiber, pe cap o jum\u0103tate de cilindru, iar \u00een cas\u0103 tichia de p\u00e2sl\u0103 neagr\u0103\u201d, a\u0219a \u00eel caracteriza biograful s\u0103u, G. Dem. Teodorescu, pe Anton Pann.<\/p>\n<p>Compozitor renumit \u00een secolul al XIX-lea, autor al liniei melodice a Imnului Na\u021bional \u201eDe\u0219teapt\u0103-te, rom\u00e2ne!\u201d, dar \u0219i compozitor al melodiei imnului ortodoxiei rom\u00e2ne\u0219ti, \u201eTat\u0103l nostru\u201d, Anton Pann a \u00eenc\u00e2ntat cu vocea sa de sopran un public larg. Umorul, ironia, precum \u0219i puterea moralizatoare din operele sale literare au descre\u021bit frun\u021bile rom\u00e2nilor, deschiz\u00e2nd, \u00een acela\u0219i timp, drumul c\u0103tre o literatur\u0103 na\u021bional\u0103, inspirat\u0103 din folclorul rom\u00e2nesc plin de \u00een\u021belepciune.<\/p>\n<p>\u00cen Ajun de Cr\u0103ciun, care se apropie cu pa\u0219i repezi, vom c\u00e2nta \u201eSteaua\u201d \u0219i poate vom trimite un g\u00e2nd de mul\u021bumire c\u0103tre cel care a compus melodia acestui colind \u00eendr\u0103git, Anton Pann, c\u0103ci \u00een vremea colindelor se n\u0103\u0219tea, datorit\u0103 lui, culegerea de colinde \u201eC\u00e2ntece de Stea\u201d. Cuvintele nu ajung pentru a-l defini pe acest \u201etat\u0103 de cuvinte\u201d, dup\u0103 cum l-a numit Nichita St\u0103nescu.<\/p>\n<p>\u00cencerc\u00e2nd s\u0103-i p\u0103str\u0103m vie amintirea, v\u0103 invit\u0103m s\u0103 vizita\u021bi Casa Memorial\u0103 \u201eAnton Pann\u201d \u0219i, \u00eempreun\u0103, s\u0103-l ducem \u00een nemurire, a\u0219a cum merit\u0103!<\/p>\n<p>&nbsp;<\/p>\n<p>&nbsp;<\/p>\n<p>&nbsp;<\/p>","protected":false},"excerpt":{"rendered":"<p>Zilele de 1 \u0219i 2 noiembrie sunt zile importante de s\u0103rb\u0103toare, dar \u0219i de comemorare, pentru Casa Memorial\u0103 \u201eAnton Pann\u201d&#8230;.<\/p>","protected":false},"author":11,"featured_media":34181,"comment_status":"closed","ping_status":"closed","sticky":false,"template":"","format":"standard","meta":{"_exactmetrics_skip_tracking":false,"_exactmetrics_sitenote_active":false,"_exactmetrics_sitenote_note":"","_exactmetrics_sitenote_category":0,"footnotes":""},"categories":[9],"tags":[],"class_list":["post-34180","post","type-post","status-publish","format-standard","has-post-thumbnail","hentry","category-evenimente"],"_links":{"self":[{"href":"https:\/\/mnlr.ro\/en\/wp-json\/wp\/v2\/posts\/34180","targetHints":{"allow":["GET"]}}],"collection":[{"href":"https:\/\/mnlr.ro\/en\/wp-json\/wp\/v2\/posts"}],"about":[{"href":"https:\/\/mnlr.ro\/en\/wp-json\/wp\/v2\/types\/post"}],"author":[{"embeddable":true,"href":"https:\/\/mnlr.ro\/en\/wp-json\/wp\/v2\/users\/11"}],"replies":[{"embeddable":true,"href":"https:\/\/mnlr.ro\/en\/wp-json\/wp\/v2\/comments?post=34180"}],"version-history":[{"count":1,"href":"https:\/\/mnlr.ro\/en\/wp-json\/wp\/v2\/posts\/34180\/revisions"}],"predecessor-version":[{"id":34182,"href":"https:\/\/mnlr.ro\/en\/wp-json\/wp\/v2\/posts\/34180\/revisions\/34182"}],"wp:featuredmedia":[{"embeddable":true,"href":"https:\/\/mnlr.ro\/en\/wp-json\/wp\/v2\/media\/34181"}],"wp:attachment":[{"href":"https:\/\/mnlr.ro\/en\/wp-json\/wp\/v2\/media?parent=34180"}],"wp:term":[{"taxonomy":"category","embeddable":true,"href":"https:\/\/mnlr.ro\/en\/wp-json\/wp\/v2\/categories?post=34180"},{"taxonomy":"post_tag","embeddable":true,"href":"https:\/\/mnlr.ro\/en\/wp-json\/wp\/v2\/tags?post=34180"}],"curies":[{"name":"wp","href":"https:\/\/api.w.org\/{rel}","templated":true}]}}