{"id":34184,"date":"2024-11-01T12:45:29","date_gmt":"2024-11-01T10:45:29","guid":{"rendered":"https:\/\/mnlr.ro\/?p=34184"},"modified":"2024-11-01T12:45:29","modified_gmt":"2024-11-01T10:45:29","slug":"dumitru-radu-popa-75","status":"publish","type":"post","link":"https:\/\/mnlr.ro\/en\/dumitru-radu-popa-75\/","title":{"rendered":"Dumitru Radu Popa \u2013 75"},"content":{"rendered":"<p>Muzeul Na\u021bional al Literaturii Rom\u00e2ne are bucuria de a v\u0103 invita luni, 4 noiembrie 2024, ora 17.00, la sediul din strada Nicolae Cre\u021bulescu 8, la aniversarea scriitorului Dumitru Radu Popa.<\/p>\n<p>\u00cei vom avea al\u0103turi de noi pe acad. Mircea Martin, Nicolae Prelipceanu, Denisa Com\u0103nescu, Ioana Cr\u0103ciunescu, Liviu Papadima \u0219i C\u0103lin-Andrei Mih\u0103ilescu (prin Zoom).<\/p>\n<p>Evenimentul va fi moderat de prof. univ. dr. Ioan Cristescu, directorul general al MNLR.<\/p>\n<p>Dumitru Radu Popa s-a n\u0103scut la Bucure\u015fti, la 26 octombrie 1949. Tat\u0103l, Grigore Gr. Popa, medic \u015fi fin intelectual, era fiul celebrului anatomist \u015fi literat Gr. T. Popa. Mama, Maria-Magdalena (n\u0103scut\u0103 Lewandowski), a fost medic, pianist\u0103 de concert, scriitoare \u015fi traduc\u0103toare din Rilke, Humboldt, Kobo Abe. Absolvent al Facult\u0103\u021bii de Filologie din Bucure\u015fti \u00een 1972. Debuteaz\u0103 literar cu cronici \u015fi proz\u0103 \u00een revista <em>Amfiteatru<\/em> (1968). Laureat al Primului Colocviu Na\u021bional de Literatur\u0103 (1969) \u0219i al Premiului revistei <em>Amfiteatru pentru proz\u0103<\/em> (1970), public\u0103, de-a lungul anilor, proz\u0103, critic\u0103 literar\u0103 \u015fi eseuri \u00een mai toate revistele literare rom\u00e2ne\u015fti. Debuteaz\u0103 editorial cu eseul critic Antoine de Saint-Exup\u00e9ry: <em>Aventura Con\u015ftiin\u0163ei<\/em> \u00een seria \u201eContemporanul nostru\u201d a Editurii Albatros (1980). Tot la Albatros apare volumul de proze <em>C\u0103l\u0103toria<\/em> (1982). \u00cen sf\u00e2r\u015fit, \u00een 1985, dup\u0103 multe tergivers\u0103ri, apare volumul <em>Fisura<\/em>, la Cartea Rom\u00e2neasc\u0103. Volumul, serios mutilat de cenzur\u0103, avea s\u0103 fie retras de pe pia\u021b\u0103 la scurt\u0103 vreme.<\/p>\n<p>Scriitorul p\u0103r\u0103se\u015fte \u021bara \u00een toamna lui 1985 \u015fi se stabile\u015fte la New York, cu azil politic, \u00een 1986. Ob\u021bine un Master of Library Science la prestigioasa universitate Columbia \u015fi se specializeaz\u0103 \u00een cercetarea dreptului interna\u021bional, str\u0103in \u015fi comparat. \u00cen cadrul unor programe sponsorizate de ajutorul american, \u021bine prelegeri la St. Petersburg, Erevan, Beijing, Cape Town. Public\u0103, de asemenea, un important num\u0103r de articole \u015fi capitole \u00een domeniul cercet\u0103rii dreptului interna\u021bional. Lector \u00een drept, decan asistent \u015fi directorul bibliotecii de drept de la New York University, public\u0103 traduceri din poezia rom\u00e2neasc\u0103 \u015fi studii critice (Nichita St\u0103nescu, Virgil Mazilescu), precum \u015fi volumele <em>Panic Syndrome!<\/em> (Univers, 1997, Premiul Uniunii Scriitorilor), \u00cenchide ochii! (Du Style, 1998), Travers\u00e2nd Washington Square (Cartea Rom\u00e2neasc\u0103, 1999), <em>La Revolu\u0163ia Rom\u00e2n\u0103<\/em> (Univers, 2001), <em>Sabrina \u015fi alte suspiciuni<\/em> (Polirom, 2004), <em>Skenzemon!<\/em> (Curtea Veche, 2005), <em>Lady V. Proze rom\u00e2no-americane<\/em> (Curtea Veche, 2006), <em>\u00cenchide ochii! Povestea semin\u0163ei<\/em> (Curtea Veche, 2011), <em>Sfin\u0163i, v\u00e2nturi \u015fi alte \u00eent\u00e2mpl\u0103ri<\/em> (Curtea Veche, 2012). \u00cen traducere englez\u0103 i-au ap\u0103rut <em>Lady V. &amp; Other Stories<\/em> (Spuyten Duyvil, 2007) \u015fi <em>Sabrina and Other Good Suspicions<\/em> (Outskirts Press Inc.).<\/p>\n<p>Intrarea este liber\u0103. V\u0103 a\u0219tept\u0103m!<\/p>","protected":false},"excerpt":{"rendered":"<p>Muzeul Na\u021bional al Literaturii Rom\u00e2ne are bucuria de a v\u0103 invita luni, 4 noiembrie 2024, ora 17.00, la sediul din&#8230;<\/p>","protected":false},"author":11,"featured_media":34185,"comment_status":"closed","ping_status":"closed","sticky":false,"template":"","format":"standard","meta":{"_exactmetrics_skip_tracking":false,"_exactmetrics_sitenote_active":false,"_exactmetrics_sitenote_note":"","_exactmetrics_sitenote_category":0,"footnotes":""},"categories":[11,9],"tags":[],"class_list":["post-34184","post","type-post","status-publish","format-standard","has-post-thumbnail","hentry","category-aniversari","category-evenimente"],"_links":{"self":[{"href":"https:\/\/mnlr.ro\/en\/wp-json\/wp\/v2\/posts\/34184","targetHints":{"allow":["GET"]}}],"collection":[{"href":"https:\/\/mnlr.ro\/en\/wp-json\/wp\/v2\/posts"}],"about":[{"href":"https:\/\/mnlr.ro\/en\/wp-json\/wp\/v2\/types\/post"}],"author":[{"embeddable":true,"href":"https:\/\/mnlr.ro\/en\/wp-json\/wp\/v2\/users\/11"}],"replies":[{"embeddable":true,"href":"https:\/\/mnlr.ro\/en\/wp-json\/wp\/v2\/comments?post=34184"}],"version-history":[{"count":1,"href":"https:\/\/mnlr.ro\/en\/wp-json\/wp\/v2\/posts\/34184\/revisions"}],"predecessor-version":[{"id":34186,"href":"https:\/\/mnlr.ro\/en\/wp-json\/wp\/v2\/posts\/34184\/revisions\/34186"}],"wp:featuredmedia":[{"embeddable":true,"href":"https:\/\/mnlr.ro\/en\/wp-json\/wp\/v2\/media\/34185"}],"wp:attachment":[{"href":"https:\/\/mnlr.ro\/en\/wp-json\/wp\/v2\/media?parent=34184"}],"wp:term":[{"taxonomy":"category","embeddable":true,"href":"https:\/\/mnlr.ro\/en\/wp-json\/wp\/v2\/categories?post=34184"},{"taxonomy":"post_tag","embeddable":true,"href":"https:\/\/mnlr.ro\/en\/wp-json\/wp\/v2\/tags?post=34184"}],"curies":[{"name":"wp","href":"https:\/\/api.w.org\/{rel}","templated":true}]}}