{"id":34417,"date":"2024-11-22T23:31:28","date_gmt":"2024-11-22T21:31:28","guid":{"rendered":"https:\/\/mnlr.ro\/?p=34417"},"modified":"2024-11-22T23:38:10","modified_gmt":"2024-11-22T21:38:10","slug":"gala-excelentei-literare-gala-premiilor-muzeului-national-al-literaturii-romane-editia-a-xvi-a","status":"publish","type":"post","link":"https:\/\/mnlr.ro\/en\/gala-excelentei-literare-gala-premiilor-muzeului-national-al-literaturii-romane-editia-a-xvi-a\/","title":{"rendered":"Gala Excelen\u021bei Literare | Gala Premiilor MNLR, edi\u021bia a XVI-a"},"content":{"rendered":"<p>Miercuri,\u00a0<strong>27 noiembrie\u00a02024<\/strong>,\u00a0ora\u00a0<strong>13.00<\/strong>, la sediul Muzeului Na\u021bional al Literaturii Rom\u00e2ne din\u00a0Str. Nicolae Cre\u021bulescu 8\u00a0\u2013 Sala \u201ePerpessicius\u201d, va avea loc cea de-a XVI-a edi\u021bie a\u00a0<em>Galei Premiilor Muzeului Na\u021bional al Literaturii Rom\u00e2ne<\/em>.<\/p>\n<p>Evenimentul \u00ee\u0219i propune premierea celor mai importante titluri din domeniul filologiei, ap\u0103rute \u00een anul 2023.<\/p>\n<p>Prin aceste premii, Muzeul Na\u021bional al Literaturii Rom\u00e2ne sus\u021bine promovarea interesului pentru edi\u021bii critice, pentru zone de ni\u0219\u0103 \u0219i din ce \u00een ce mai pu\u021bin frecventate ale cercet\u0103rii literare, precum memorialistica, istoria literar\u0103, filologia clasic\u0103, eseul critic. MNLR \u00ee\u0219i propune, \u00een egal\u0103 m\u0103sur\u0103, ca, prin acordarea acestor distinc\u021bii, s\u0103 \u00eencurajeze activitatea tinerilor cercet\u0103tori. Premiile \u00eencurajeaz\u0103 cercetarea patrimoniului literar na\u021bional, expresia literar\u0103 autentic\u0103 \u0219i organic\u0103 \u00een limba rom\u00e2n\u0103, experimentul \u0219i exersarea unor formule inovative de stil, g\u00e2ndire \u0219i limbaj literar, profunzimea \u0219i acurate\u021bea cercet\u0103rii literare, noutatea expozeului, precum \u0219i contribu\u021bii deosebite la cunoa\u0219terea \u0219i cercetarea literar\u0103 rom\u00e2neasc\u0103 \u00een afara grani\u021belor.<\/p>","protected":false},"excerpt":{"rendered":"<p>Miercuri,\u00a027 noiembrie\u00a02024,\u00a0ora\u00a013.00, la sediul Muzeului Na\u021bional al Literaturii Rom\u00e2ne din\u00a0Str. Nicolae Cre\u021bulescu 8\u00a0\u2013 Sala \u201ePerpessicius\u201d, va avea loc cea de-a&#8230;<\/p>","protected":false},"author":13,"featured_media":34418,"comment_status":"closed","ping_status":"closed","sticky":false,"template":"","format":"standard","meta":{"_exactmetrics_skip_tracking":false,"_exactmetrics_sitenote_active":false,"_exactmetrics_sitenote_note":"","_exactmetrics_sitenote_category":0,"footnotes":""},"categories":[9],"tags":[],"class_list":["post-34417","post","type-post","status-publish","format-standard","has-post-thumbnail","hentry","category-evenimente"],"_links":{"self":[{"href":"https:\/\/mnlr.ro\/en\/wp-json\/wp\/v2\/posts\/34417","targetHints":{"allow":["GET"]}}],"collection":[{"href":"https:\/\/mnlr.ro\/en\/wp-json\/wp\/v2\/posts"}],"about":[{"href":"https:\/\/mnlr.ro\/en\/wp-json\/wp\/v2\/types\/post"}],"author":[{"embeddable":true,"href":"https:\/\/mnlr.ro\/en\/wp-json\/wp\/v2\/users\/13"}],"replies":[{"embeddable":true,"href":"https:\/\/mnlr.ro\/en\/wp-json\/wp\/v2\/comments?post=34417"}],"version-history":[{"count":2,"href":"https:\/\/mnlr.ro\/en\/wp-json\/wp\/v2\/posts\/34417\/revisions"}],"predecessor-version":[{"id":34420,"href":"https:\/\/mnlr.ro\/en\/wp-json\/wp\/v2\/posts\/34417\/revisions\/34420"}],"wp:featuredmedia":[{"embeddable":true,"href":"https:\/\/mnlr.ro\/en\/wp-json\/wp\/v2\/media\/34418"}],"wp:attachment":[{"href":"https:\/\/mnlr.ro\/en\/wp-json\/wp\/v2\/media?parent=34417"}],"wp:term":[{"taxonomy":"category","embeddable":true,"href":"https:\/\/mnlr.ro\/en\/wp-json\/wp\/v2\/categories?post=34417"},{"taxonomy":"post_tag","embeddable":true,"href":"https:\/\/mnlr.ro\/en\/wp-json\/wp\/v2\/tags?post=34417"}],"curies":[{"name":"wp","href":"https:\/\/api.w.org\/{rel}","templated":true}]}}