{"id":34439,"date":"2024-11-25T14:39:10","date_gmt":"2024-11-25T12:39:10","guid":{"rendered":"https:\/\/mnlr.ro\/?p=34439"},"modified":"2024-11-25T14:41:43","modified_gmt":"2024-11-25T12:41:43","slug":"intalnirile-revistei-fictiunea","status":"publish","type":"post","link":"https:\/\/mnlr.ro\/en\/intalnirile-revistei-fictiunea\/","title":{"rendered":"\u00cent\u00e2lnirile Revistei Fic\u021biunea"},"content":{"rendered":"<p>Mar\u021bi, 10 decembrie 2024, ora 18.00, Muzeul Na\u021bional al Literaturii Rom\u00e2ne din Bucure\u0219ti (str. Nicolae Cre\u021bulescu nr. 8) g\u0103zduie\u0219te o nou\u0103 \u00eent\u00e2lnire Fic\u021biunea.<\/p>\n<p><strong>Ton credibil, ritm de neuitat<\/strong><\/p>\n<p>O povestire \u00eentoars\u0103 pe toate p\u0103r\u021bile\u00a0\u0219i muzic\u0103 pe m\u0103sur\u0103<\/p>\n<p><strong>Invita\u021bi<\/strong><\/p>\n<p>Francisc Csiki (proz\u0103)<\/p>\n<p>Rafael Taraca (saxofon)<\/p>\n<p>Vanessa Selouk (pian, voce)<\/p>\n<p>Alina Diana Ene, profesor, &amp; elevii Colegiului <em>Cervantes<\/em><\/p>\n<p>Modereaz\u0103: Andrei Ro\u0219ca, specialist \u00een filosofia culturii<\/p>\n<p>&nbsp;<\/p>\n<p>\u00cent\u00e2lnirile revistei <em>Fic\u021biunea<\/em> \u00ee\u0219i propun s\u0103 aduc\u0103 \u00een dialog genera\u021bii diferite \u0219i arti\u0219ti\u00a0 care contribuie, chiar \u0219i tangen\u021bial, la un construct artistic.<\/p>\n<p>De data aceasta, discu\u021bia porne\u0219te de la povestirea <em>Spa\u021bii virtuale<\/em> de Francisc Csiki \u0219i se opre\u0219te asupra tonului auctorial. Rafael Taraca ilustreaz\u0103 tipuri de tonalitate muzical\u0103, completat de eleva sa, Vanessa Selouk. Iar prof. Diana Ene \u0219i elevii s\u0103i, de la Colegiul <em>Cervantes<\/em> (care au citit povestirea <a href=\"https:\/\/fictiunea.ro\/2024\/200\/art53\/index.html\"><em>Spa\u021bii virtuale<\/em><\/a><em>)<\/em>, analizeaz\u0103 \u0219i discut\u0103 dou\u0103 concepte controversate: ton \u0219i ritm \u00een literatur\u0103 \u0219i muzic\u0103.<\/p>\n<p>V\u0103 a\u0219tept\u0103m \u0219i pe voi, evident dup\u0103 ce arunca\u021bi un ochi asupra povestirii lui Francisc Cski.<\/p>\n<p>Trecem printr-o schimbare general\u0103: de mentalitate, de comunicare social\u0103, de exprimare artistic\u0103. Muzeul Na\u021bional al Literaturii Rom\u00e2ne din Bucure\u0219ti pune bazele unui club pentru to\u021bi cei care vor s\u0103 descopere \u0219i s\u0103 comenteze (i)realit\u0103\u021bile \u0219i fic\u021biunile din cultura rom\u00e2n\u0103 vie. Proiectul are loc \u00een fiecare lun\u0103.<\/p>\n<p>Organizatori: revista <em>Fic\u021biunea<\/em> &amp; MNLR.<\/p>\n<p><strong>Francisc CSIKI<\/strong> &#8211; prozator, masterand al Universit\u0103\u021bii din Bucure\u0219ti (traductologie).<\/p>\n<p><strong>Rafael TARACA<\/strong> &#8211; profesor de Teorie-Solfegiu-Dicteu \u0219i Educa\u021bie Muzical\u0103, la Colegiul National de Arte <em>Dinu Lipatti<\/em>, c\u00e2nt\u0103 la pian \u0219i saxofon. Absolvent al Universit\u0103\u021bii Na\u021bionale de Muzic\u0103, cu un master \u00een pedagogie muzical\u0103, Rafael Taraca este prezent \u00een via\u021ba cultural\u0103 a capitalei prin concerte \u0219i conferin\u021be.<\/p>\n<p><strong>Vanessa SELOUK <\/strong>&#8211; pianist\u0103, elev\u0103 la Colegiul National de Arte <em>Dinu Lipatti.<\/em><\/p>\n<p><strong>Alina Diana Ene<\/strong> &#8211; profesor la Colegiul Na\u021bional <em>Cervantes<\/em>, Bucure\u0219ti<\/p>\n<p><strong>Andrei RO\u0218CA &#8211; <\/strong>absolvent al Facult\u0103\u021bii de Litere (Universitatea din Bucure\u0219ti), pasionat de antropologie \u0219i de literatur\u0103. Master \u00een antropologie \u0219i \u00een filosofie. Scrie studii de filosofia culturii, eseu.<\/p>","protected":false},"excerpt":{"rendered":"<p>Mar\u021bi, 10 decembrie 2024, ora 18.00, Muzeul Na\u021bional al Literaturii Rom\u00e2ne din Bucure\u0219ti (str. Nicolae Cre\u021bulescu nr. 8) g\u0103zduie\u0219te o&#8230;<\/p>","protected":false},"author":13,"featured_media":34440,"comment_status":"closed","ping_status":"closed","sticky":false,"template":"","format":"standard","meta":{"_exactmetrics_skip_tracking":false,"_exactmetrics_sitenote_active":false,"_exactmetrics_sitenote_note":"","_exactmetrics_sitenote_category":0,"footnotes":""},"categories":[9],"tags":[],"class_list":["post-34439","post","type-post","status-publish","format-standard","has-post-thumbnail","hentry","category-evenimente"],"_links":{"self":[{"href":"https:\/\/mnlr.ro\/en\/wp-json\/wp\/v2\/posts\/34439","targetHints":{"allow":["GET"]}}],"collection":[{"href":"https:\/\/mnlr.ro\/en\/wp-json\/wp\/v2\/posts"}],"about":[{"href":"https:\/\/mnlr.ro\/en\/wp-json\/wp\/v2\/types\/post"}],"author":[{"embeddable":true,"href":"https:\/\/mnlr.ro\/en\/wp-json\/wp\/v2\/users\/13"}],"replies":[{"embeddable":true,"href":"https:\/\/mnlr.ro\/en\/wp-json\/wp\/v2\/comments?post=34439"}],"version-history":[{"count":4,"href":"https:\/\/mnlr.ro\/en\/wp-json\/wp\/v2\/posts\/34439\/revisions"}],"predecessor-version":[{"id":34444,"href":"https:\/\/mnlr.ro\/en\/wp-json\/wp\/v2\/posts\/34439\/revisions\/34444"}],"wp:featuredmedia":[{"embeddable":true,"href":"https:\/\/mnlr.ro\/en\/wp-json\/wp\/v2\/media\/34440"}],"wp:attachment":[{"href":"https:\/\/mnlr.ro\/en\/wp-json\/wp\/v2\/media?parent=34439"}],"wp:term":[{"taxonomy":"category","embeddable":true,"href":"https:\/\/mnlr.ro\/en\/wp-json\/wp\/v2\/categories?post=34439"},{"taxonomy":"post_tag","embeddable":true,"href":"https:\/\/mnlr.ro\/en\/wp-json\/wp\/v2\/tags?post=34439"}],"curies":[{"name":"wp","href":"https:\/\/api.w.org\/{rel}","templated":true}]}}