{"id":34573,"date":"2024-12-19T14:30:06","date_gmt":"2024-12-19T12:30:06","guid":{"rendered":"https:\/\/mnlr.ro\/?p=34573"},"modified":"2024-12-23T12:47:54","modified_gmt":"2024-12-23T10:47:54","slug":"colocviul-national-hortensia-papadat-bengescu-70","status":"publish","type":"post","link":"https:\/\/mnlr.ro\/en\/colocviul-national-hortensia-papadat-bengescu-70\/","title":{"rendered":"Colocviul Na\u021bional Hortensia Papadat-Bengescu \u2013 70"},"content":{"rendered":"<p>&nbsp;<\/p>\n<p style=\"text-align: center;\"><strong>\u00a0 \u00a0 \u00a0 \u00a0Apel la contribu\u021bii<\/strong><\/p>\n<p>Academia Rom\u00e2n\u0103, Muzeul Na\u021bional al Literaturii Rom\u00e2ne \u0219i Facultatea de Litere a Universit\u0103\u021bii din Bucure\u0219ti organizeaz\u0103, \u00een data de <strong>5 martie 2025<\/strong>, Colocviul Na\u021bional <em>Hortensia Papadat-Bengescu \u2013 70<\/em>.<\/p>\n<p>Se \u00eemplinesc 70 de ani de la moartea Hortensiei Papadat-Bengescu, un bun prilej pentru o privire exhaustiv\u0103 asupra operei \u0219i personalit\u0103\u021bii sale. Validat\u0103 \u00een canonul literaturii rom\u00e2ne, o voce public\u0103 distinct\u0103 care a reu\u0219it s\u0103 se impun\u0103 \u00eentr-o lume a scriitorilor, nicidecum a scriitoarelor, ,,marea european\u0103\u201d a prozei rom\u00e2ne\u0219ti moderniste nu se num\u0103r\u0103 ast\u0103zi printre autorii cei mai cunoscu\u021bi. Consider\u0103m c\u0103 investigarea operei sale merit\u0103 continuat\u0103, de aceea, prin seria de conferin\u021be pe care le vor sus\u021bine viitorii invita\u021bi, propunem o relectur\u0103 \u0219i o revalorificare a \u00eentregii sale activit\u0103\u021bi literare.<\/p>\n<p>\u00cen ziua colocviului va avea loc \u0219i vernisajul unei expozi\u021bii legate de via\u021ba \u0219i opera scriitoarei.<\/p>\n<p>Pentru acest colocviu lans\u0103m acest apel la contribu\u021bii care se adreseaz\u0103 studen\u021bilor, masteranzilor, doctoranzilor, tinerilor cercet\u0103tori, c\u00e2t \u0219i speciali\u0219tilor din domeniu.<\/p>\n<p>&nbsp;<\/p>\n<p><strong>Alocu\u021biuni introductive<\/strong>:<\/p>\n<p>Prof. univ. dr. <strong>Oana Fotache Dub\u0103laru<\/strong> (Decan al Facult\u0103\u021bii de Litere, Universitatea din Bucure\u0219ti)<\/p>\n<p>Prof. univ. dr. <strong>Ioan Cristescu<\/strong> (Director General al Muzeului Na\u021bional al Literaturii Rom\u00e2ne)<\/p>\n<p>&nbsp;<\/p>\n<p><strong>Conferin\u021b\u0103 inaugural\u0103:<\/strong><\/p>\n<p>Prof. univ. dr. <strong>Carmen Mu\u0219at<\/strong>, Facultatea de Litere, Universitatea din Bucure\u0219ti<\/p>\n<p>&nbsp;<\/p>\n<p><strong>Comitetul \u0219tiin\u021bific:<\/strong><\/p>\n<p>Conf. univ. dr.<strong> Paul Cernat<\/strong>, Facultatea de Litere, Universitatea din Bucure\u0219ti<\/p>\n<p>Prof. univ. dr.<strong> Ioan Cristescu<\/strong>, Director General al Muzeului Na\u021bional al Literaturii Rom\u00e2ne<\/p>\n<p>Prof. univ. dr. <strong>Caius Dobrescu<\/strong>, Facultatea de Litere, Universitatea din Bucure\u0219ti<\/p>\n<p>Prof. univ. dr. <strong>Oana Fotache Dub\u0103laru<\/strong>, Decan al Facult\u0103\u021bii de Litere, Universitatea din Bucure\u0219ti<\/p>\n<p>Prof. univ. dr.<strong> C\u0103lin-Andrei Mih\u0103ilescu<\/strong>,Western University Canada<\/p>\n<p>&nbsp;<\/p>\n<p><strong>\u00a0<\/strong><strong>Sec\u021biuni<\/strong>:<\/p>\n<ol>\n<li>Epistoliera Hortensia Papadat-Bengescu. Consonan\u021be \u00eentre coresponden\u021b\u0103 \u0219i proz\u0103<\/li>\n<li>Ipostaze feminine \u00een opera Hortensiei Papadat-Bengescu<\/li>\n<li>Identitate \u0219i alteritate \u00een opera Hortensiei Papadat-Bengescu<\/li>\n<\/ol>\n<p><strong>\u00a0<\/strong><\/p>\n<p><strong>Calendarul colocviului:<\/strong><\/p>\n<ul>\n<li><strong>3 februarie 2025<\/strong>: termenul limit\u0103 pentru trimiterea propunerilor, la adresa de e\u2011mail: <a href=\"mailto:colocviu.hpb@mnlr.ro\">colocviu.hpb@mnlr.ro<\/a><\/li>\n<\/ul>\n<p>Pentru \u00eenscriere este necesar\u0103 completarea formularului de participare: <a href=\"https:\/\/mnlr.ro\/wp-content\/uploads\/2024\/12\/Formular-de-participare-1.docx\">Formular de participare<\/a>.<\/p>\n<ul>\n<li><strong>10 februarie 2025<\/strong>: selec\u021bia propunerilor, \u00een urma analizei f\u0103cute de comitetul \u0219tiin\u021bific al colocviului.<\/li>\n<li><strong>5 martie 2025<\/strong>: lucr\u0103rile colocviului<\/li>\n<li><strong>7 mai 2025<\/strong>: trimiterea lucr\u0103rii in extenso<\/li>\n<\/ul>\n<p>Organizatorii inten\u021bioneaz\u0103 ca lucr\u0103rile, revizuite \u0219i acceptate \u00een urma procesului de verificare, s\u0103 fie reunite \u00eentr-un volum colectiv, publicat la Editura Muzeul Literaturii Rom\u00e2ne. Timpul alocat sus\u0163inerii unei lucr\u0103ri este de <strong>15 minute<\/strong>.<\/p>\n<p>Cazarea pentru o noapte \u0219i transportul sunt suportate de c\u0103tre Muzeul Na\u021bional al Literaturii Rom\u00e2ne.<\/p>\n<p>Informa\u021bii suplimentare: Gabriela Mare\u0219 (adres\u0103 e-mail: <a href=\"mailto:relatiipublice@mnlr.ro\">relatiipublice@mnlr.ro<\/a>)<\/p>","protected":false},"excerpt":{"rendered":"<p>&nbsp; \u00a0 \u00a0 \u00a0 \u00a0Apel la contribu\u021bii Academia Rom\u00e2n\u0103, Muzeul Na\u021bional al Literaturii Rom\u00e2ne \u0219i Facultatea de Litere a Universit\u0103\u021bii&#8230;<\/p>","protected":false},"author":13,"featured_media":34575,"comment_status":"closed","ping_status":"closed","sticky":false,"template":"","format":"standard","meta":{"_exactmetrics_skip_tracking":false,"_exactmetrics_sitenote_active":false,"_exactmetrics_sitenote_note":"","_exactmetrics_sitenote_category":0,"footnotes":""},"categories":[9],"tags":[],"class_list":["post-34573","post","type-post","status-publish","format-standard","has-post-thumbnail","hentry","category-evenimente"],"_links":{"self":[{"href":"https:\/\/mnlr.ro\/en\/wp-json\/wp\/v2\/posts\/34573","targetHints":{"allow":["GET"]}}],"collection":[{"href":"https:\/\/mnlr.ro\/en\/wp-json\/wp\/v2\/posts"}],"about":[{"href":"https:\/\/mnlr.ro\/en\/wp-json\/wp\/v2\/types\/post"}],"author":[{"embeddable":true,"href":"https:\/\/mnlr.ro\/en\/wp-json\/wp\/v2\/users\/13"}],"replies":[{"embeddable":true,"href":"https:\/\/mnlr.ro\/en\/wp-json\/wp\/v2\/comments?post=34573"}],"version-history":[{"count":13,"href":"https:\/\/mnlr.ro\/en\/wp-json\/wp\/v2\/posts\/34573\/revisions"}],"predecessor-version":[{"id":34599,"href":"https:\/\/mnlr.ro\/en\/wp-json\/wp\/v2\/posts\/34573\/revisions\/34599"}],"wp:featuredmedia":[{"embeddable":true,"href":"https:\/\/mnlr.ro\/en\/wp-json\/wp\/v2\/media\/34575"}],"wp:attachment":[{"href":"https:\/\/mnlr.ro\/en\/wp-json\/wp\/v2\/media?parent=34573"}],"wp:term":[{"taxonomy":"category","embeddable":true,"href":"https:\/\/mnlr.ro\/en\/wp-json\/wp\/v2\/categories?post=34573"},{"taxonomy":"post_tag","embeddable":true,"href":"https:\/\/mnlr.ro\/en\/wp-json\/wp\/v2\/tags?post=34573"}],"curies":[{"name":"wp","href":"https:\/\/api.w.org\/{rel}","templated":true}]}}