{"id":34646,"date":"2025-01-10T12:14:10","date_gmt":"2025-01-10T10:14:10","guid":{"rendered":"https:\/\/mnlr.ro\/?p=34646"},"modified":"2025-01-17T18:23:52","modified_gmt":"2025-01-17T16:23:52","slug":"poricale-expozitie-de-poterie-si-bijuterie-din-material-ceramic","status":"publish","type":"post","link":"https:\/\/mnlr.ro\/en\/poricale-expozitie-de-poterie-si-bijuterie-din-material-ceramic\/","title":{"rendered":"Poricale, expozi\u021bie de poterie \u0219i bijuterie din material ceramic"},"content":{"rendered":"<p>\u00cen cadrul expozi\u021biei <strong><em>Poricale<\/em><\/strong>, realizat\u0103 de Atelierul de Por\u021belan, care va fi deschis\u0103 la sediul MNLR din strada Nicolae Cre\u021bulescu 8, \u00een perioada 15 ianuarie -2 februarie 2025, v\u0103 invit\u0103m s\u0103 descoperi\u021bi o serie de crea\u021bii unicat ale Atelierului de Por\u021belan, at\u00e2t din crea\u021bia recent\u0103 (2024, lucr\u0103ri de poterie), c\u00e2t \u0219i din colec\u021bii mai vechi foarte apreciate de public.<\/p>\n<p>Expozi\u021bia <em>Poricale <\/em>(poame) are ca inspira\u021bie mediul natural \u2013 diverse tipuri de fructe, realizate din por\u021belan prin diverse tehnici, glazurate \u0219i pictate cu aur coloidal \u0219i platin\u0103, devenind astfel obiecte de art\u0103 purtabil\u0103. Compozi\u021biile prezentate \u00een expozi\u021bie duc cu g\u00e2ndul la naturile statice ale lui Caravaggio, Gustave Courbet, Claude Monet sau Paul Cezanne.<\/p>\n<p><strong>Atelierul de Por\u021belan<\/strong>\u00a0a fost \u00eenfiin\u021bat \u00een anul 2015 de artista Mihaela Cherciu. De la \u00eenfiin\u021bare \u0219i p\u00e2n\u0103 ast\u0103zi au fost lansate peste 20 de colec\u021bii de bijuterii din por\u021belan, cu care artista a participat la numeroase t\u00e2rguri de design \u0219i expozi\u021bii.<\/p>\n<p><strong>Mihaela Cherciu<\/strong> a absolvit Universitatea Na\u021bional\u0103 de Arte Bucure\u0219ti \u00een anul 1998, la sec\u021bia textile-design vestimentar \u0219i a lucrat, at\u00e2t ca artist independent (tapiserie, pictur\u0103), c\u00e2t \u0219i ca scenograf, stilist, \u00een presa de specialitate, ulterior ca galerist \u0219i, \u00een ultimii zece ani, ca ceramist. \u00cen 2018 \u0219i 2021 a c\u00e2\u0219tigat dou\u0103 concursuri de design organizate de Muzeul Na\u021bional Cotroceni, \u00een cadrul proiectului <em>Centenar Creativ<\/em>, cu lucr\u0103rile <em>Cocarda Junilor<\/em> \u0219i <em>Inima Rom\u00e2niei Mari<\/em>.<\/p>\n<p>Expozi\u021bia poate fi vizitat\u0103 de mar\u021bi p\u00e2n\u0103 duminic\u0103, \u00een intervalul orar 10.00 \u2013 18.00. Vernisajul va avea loc \u00een data de <strong>18 ianuarie 2025, la ora 17.00.<\/strong><\/p>\n<p>Curator: Monica Morariu<\/p>\n<p>Detalii: <a href=\"https:\/\/www.atelieruldeportelan.ro\/;%20https:\/www.facebook.com\/atelieruldeportelan\">https:\/\/www.atelieruldeportelan.ro\/; https:\/\/www.facebook.com\/atelieruldeportelan<\/a><\/p>","protected":false},"excerpt":{"rendered":"<p>\u00cen cadrul expozi\u021biei Poricale, realizat\u0103 de Atelierul de Por\u021belan, care va fi deschis\u0103 la sediul MNLR din strada Nicolae Cre\u021bulescu&#8230;<\/p>","protected":false},"author":13,"featured_media":34647,"comment_status":"closed","ping_status":"closed","sticky":false,"template":"","format":"standard","meta":{"_exactmetrics_skip_tracking":false,"_exactmetrics_sitenote_active":false,"_exactmetrics_sitenote_note":"","_exactmetrics_sitenote_category":0,"footnotes":""},"categories":[9,66],"tags":[],"class_list":["post-34646","post","type-post","status-publish","format-standard","has-post-thumbnail","hentry","category-evenimente","category-expozitii-temporare-mnlr-str-nicolae-cretulescu-nr-8"],"_links":{"self":[{"href":"https:\/\/mnlr.ro\/en\/wp-json\/wp\/v2\/posts\/34646","targetHints":{"allow":["GET"]}}],"collection":[{"href":"https:\/\/mnlr.ro\/en\/wp-json\/wp\/v2\/posts"}],"about":[{"href":"https:\/\/mnlr.ro\/en\/wp-json\/wp\/v2\/types\/post"}],"author":[{"embeddable":true,"href":"https:\/\/mnlr.ro\/en\/wp-json\/wp\/v2\/users\/13"}],"replies":[{"embeddable":true,"href":"https:\/\/mnlr.ro\/en\/wp-json\/wp\/v2\/comments?post=34646"}],"version-history":[{"count":11,"href":"https:\/\/mnlr.ro\/en\/wp-json\/wp\/v2\/posts\/34646\/revisions"}],"predecessor-version":[{"id":34739,"href":"https:\/\/mnlr.ro\/en\/wp-json\/wp\/v2\/posts\/34646\/revisions\/34739"}],"wp:featuredmedia":[{"embeddable":true,"href":"https:\/\/mnlr.ro\/en\/wp-json\/wp\/v2\/media\/34647"}],"wp:attachment":[{"href":"https:\/\/mnlr.ro\/en\/wp-json\/wp\/v2\/media?parent=34646"}],"wp:term":[{"taxonomy":"category","embeddable":true,"href":"https:\/\/mnlr.ro\/en\/wp-json\/wp\/v2\/categories?post=34646"},{"taxonomy":"post_tag","embeddable":true,"href":"https:\/\/mnlr.ro\/en\/wp-json\/wp\/v2\/tags?post=34646"}],"curies":[{"name":"wp","href":"https:\/\/api.w.org\/{rel}","templated":true}]}}