{"id":34658,"date":"2025-01-10T13:09:49","date_gmt":"2025-01-10T11:09:49","guid":{"rendered":"https:\/\/mnlr.ro\/?p=34658"},"modified":"2025-01-10T13:09:49","modified_gmt":"2025-01-10T11:09:49","slug":"serata-eminesciana","status":"publish","type":"post","link":"https:\/\/mnlr.ro\/en\/serata-eminesciana\/","title":{"rendered":"\u201eSerat\u0103 eminescian\u0103\u201d"},"content":{"rendered":"<p>Muzeul Na\u021bional al Literaturii Rom\u00e2ne \u0219i Biblioteca Central\u0103 Universitar\u0103 \u201eCarol I\u201d v\u0103 a\u0219teapt\u0103 miercuri, 15 ianuarie 2025, de la ora 17.00, \u00een Aula Bibliotecii Centrale Universitare \u201eCarol I\u201d, Calea Victoriei 88, la o \u201eSerat\u0103 eminescian\u0103\u201d cu Arlinda Morava \u0219i Claudiu Bleon\u021b, acompania\u021bi la pian de Adriana Alexandru.<\/p>\n<p>Arlinda Morava a venit din Albania \u00een Rom\u00e2nia \u00een 1996, la 17 ani. A studiat la Liceul \u201eDinu Lipatti\u201d, a urmat Conservatorul, a c\u00e2ntat \u0219i c\u00e2nt\u0103 \u00een continuare la Opera Rom\u00e2n\u0103 \u0219i la Muzeul Municipiului Bucure\u0219ti, dar \u0219i pe alte scene din \u021bar\u0103. Arlinda Morava este \u0219i ata\u0219at cultural la Ambasada Albaniei.<\/p>\n<p>Claudiu Bleon\u021b a studiat la Liceul German Goethe din Bucure\u0219ti pe care l-a terminat \u00een 1979, dup\u0103 care a urmat Institutul de art\u0103 Teatral\u0103 \u0219i Cinematografic\u0103 \u201eIon Luca Caragiale\u201d din Bucure\u0219ti, clasa profesor Grigore Gon\u021ba, promo\u021bia 1983. A jucat pe aproape toate scenele din \u021bar\u0103 aduc\u00e2nd cu el bucuria \u0219i d\u0103ruirea pentru teatru. A debutat cu dreptul \u00een cinematografie \u00een anul 1983, cu filmul \u201eConcurs\u201d, regizat de Dan Pi\u021ba, deoarece a primit la Festivalul de la Costine\u0219ti premiul pentru cel mai bun actor. \u0218i-a pus amprenta pe rolurile din \u201eS\u0103 mori r\u0103nit din dragoste de via\u021b\u0103\u201d, \u201ePas \u00een doi\u201d, \u201eRochia alb\u0103 de dantel\u0103\u201d, \u201ePolul Sud\u201d, \u201eO var\u0103 de neuitat\u201d, \u201eFemeia visurilor\u201d, \u201eUrsul\u201d.<\/p>\n<p>\u201ePentru mine \u00abGloss\u0103\u00bb este rug\u0103ciune. Dac\u0103 nu \u0219tii ce s\u0103 faci cu via\u021ba ta \u0219i te-ai debalansat recite\u0219te \u00abGloss\u0103\u00bb! Nu trebuie s\u0103 o \u0219tii pe dinafar\u0103. Sunt emo\u021bionat \u0219i tulburat. Bunicul meu a fost preot \u00een comuna Ceptura (\u2026) Tot ce am luat de acolo, din slujirea prin ritualul liturgic \u0219i prin limba rom\u00e2n\u0103 se \u00eemplinesc \u00een momentul acesta, \u00een prezentul acesta, f\u0103r\u0103 s\u0103-mi fac planuri. Nu sunt o bibliotec\u0103 de lectur\u0103 rom\u00e2neasc\u0103, dar am o inim\u0103 mare \u0219i ce mi-a sc\u0103pat pot s\u0103 parcurg. Ce am citit este p\u0103strat ad\u00e2nc \u00een minte \u0219i inim\u0103\u201d, afirm\u0103 Claudiu Bleon\u021b.<\/p>\n<p>\u00cen cadrul seratei eminesciene soprana Arlinda Morava \u0219i pianista Adriana Alexandru vor interpreta \u201eSara pe deal\u201d, \u201eMai am un singur dor\u201d, \u201e\u0218i dac\u0103&#8230;\u201d, \u201ePe l\u00e2ng\u0103 plopii f\u0103r\u0103 so\u021b\u201d \u0219i \u201eAve Maria\u201d.<\/p>\n<p>Intrarea este liber\u0103. V\u0103 a\u0219tept\u0103m cu drag!<\/p>","protected":false},"excerpt":{"rendered":"<p>Muzeul Na\u021bional al Literaturii Rom\u00e2ne \u0219i Biblioteca Central\u0103 Universitar\u0103 \u201eCarol I\u201d v\u0103 a\u0219teapt\u0103 miercuri, 15 ianuarie 2025, de la ora&#8230;<\/p>","protected":false},"author":11,"featured_media":34659,"comment_status":"closed","ping_status":"closed","sticky":false,"template":"","format":"standard","meta":{"_exactmetrics_skip_tracking":false,"_exactmetrics_sitenote_active":false,"_exactmetrics_sitenote_note":"","_exactmetrics_sitenote_category":0,"footnotes":""},"categories":[9,38],"tags":[],"class_list":["post-34658","post","type-post","status-publish","format-standard","has-post-thumbnail","hentry","category-evenimente","category-seri-de-poezie-si-muzica"],"_links":{"self":[{"href":"https:\/\/mnlr.ro\/en\/wp-json\/wp\/v2\/posts\/34658","targetHints":{"allow":["GET"]}}],"collection":[{"href":"https:\/\/mnlr.ro\/en\/wp-json\/wp\/v2\/posts"}],"about":[{"href":"https:\/\/mnlr.ro\/en\/wp-json\/wp\/v2\/types\/post"}],"author":[{"embeddable":true,"href":"https:\/\/mnlr.ro\/en\/wp-json\/wp\/v2\/users\/11"}],"replies":[{"embeddable":true,"href":"https:\/\/mnlr.ro\/en\/wp-json\/wp\/v2\/comments?post=34658"}],"version-history":[{"count":1,"href":"https:\/\/mnlr.ro\/en\/wp-json\/wp\/v2\/posts\/34658\/revisions"}],"predecessor-version":[{"id":34660,"href":"https:\/\/mnlr.ro\/en\/wp-json\/wp\/v2\/posts\/34658\/revisions\/34660"}],"wp:featuredmedia":[{"embeddable":true,"href":"https:\/\/mnlr.ro\/en\/wp-json\/wp\/v2\/media\/34659"}],"wp:attachment":[{"href":"https:\/\/mnlr.ro\/en\/wp-json\/wp\/v2\/media?parent=34658"}],"wp:term":[{"taxonomy":"category","embeddable":true,"href":"https:\/\/mnlr.ro\/en\/wp-json\/wp\/v2\/categories?post=34658"},{"taxonomy":"post_tag","embeddable":true,"href":"https:\/\/mnlr.ro\/en\/wp-json\/wp\/v2\/tags?post=34658"}],"curies":[{"name":"wp","href":"https:\/\/api.w.org\/{rel}","templated":true}]}}