{"id":34787,"date":"2025-01-21T16:26:57","date_gmt":"2025-01-21T14:26:57","guid":{"rendered":"https:\/\/mnlr.ro\/?p=34787"},"modified":"2025-01-22T12:46:41","modified_gmt":"2025-01-22T10:46:41","slug":"cum-au-aratat-zilele-culturii-nationale-la-mnlr","status":"publish","type":"post","link":"https:\/\/mnlr.ro\/en\/cum-au-aratat-zilele-culturii-nationale-la-mnlr\/","title":{"rendered":"Cum au ar\u0103tat Zilele Culturii Na\u021bionale la MNLR"},"content":{"rendered":"<p>Miercuri, 15 ianuarie 2025, ora 10.00, \u00een Aula Academiei Rom\u00e2ne, Calea Victoriei 125, a fost prezentat\u0103 expozi\u021bia foto-documentar\u0103 <strong>Identitate rom\u00e2neasc\u0103\/Identitate european\u0103<\/strong> dedicat\u0103 \u00eemplinirii a 175 de ani de la na\u0219terea lui Mihai Eminescu, 100 de ani de la na\u0219terea lui Marin Constantin, fondatorul Corului Na\u021bional Madrigal, 100 de ani de la moartea lui Gheorghe Dima, 130 de ani de la na\u0219terea lui Ion Barbu, 100 de ani de la na\u0219terea lui Lucian Blaga, 145 de ani de la na\u0219terea lui Tudor Arghezi, 60 de ani de la moartea lui George C\u0103linescu, 90 de ani de la na\u0219terea lui Grigore Vieru, 185 de ani de la na\u0219terea lui Titu Maiorescu, 150 de ani de la na\u0219terea lui \u0218t. O. Iosif, 100 de ani de la moartea lui Ioan Slavici, 150 de ani de la na\u0219terea Reginei Maria a Rom\u00e2niei. Expozi\u021bia este realizat\u0103 de Prim\u0103ria Municipiului Bucure\u0219ti prin Muzeul Na\u021bional al Literaturii Rom\u00e2ne.<\/p>\n<p>Au luat cuv\u00e2ntul: acad. Ioan-Aurel Pop, pre\u0219edintele Academiei Rom\u00e2ne, acad. Ion Tighineanu, pre\u0219edintele Academiei de \u0218tiin\u021be a Moldovei, Natalia-Elena Intotero, ministru al Culturii, prof. univ. dr. Daniel David, membru corespondent al Academiei Rom\u00e2ne, ministru al Educa\u021biei, acad. Mircea Dumitru, vicepre\u0219edinte al Academiei Rom\u00e2ne, Mihai Cimpoi, membru de onoare al Academiei Rom\u00e2ne, prof. univ. dr. Rodica Zafiu, membru corespondent al Academiei Rom\u00e2ne, pre\u0219edintele Sec\u021biei de Filologie \u0219i Literatur\u0103 a Academiei Rom\u00e2ne, prof. univ. dr. Ion Marin, director de onoare al Corului Na\u021bional de Camer\u0103 \u201eMadrigal \u2013 Marin Constantin\u201d, pre\u0219edinte fondator al Programului Na\u021bional Cantus Mundi, prof. univ. dr. Ioan Cristescu, directorul Muzeului Na\u021bional al Literaturii Rom\u00e2ne. Moment muzical: Corul Na\u021bional de Camer\u0103 \u201eMadrigal \u2013 Marin Constantin\u201d.<\/p>\n<p>Lansare \u00eentreg po\u0219tal Mihai Eminescu 175. Prezint\u0103 Cristina Popescu, director general Romfilatelia.<\/p>\n<p><em>Organizatori: Academia Rom\u00e2n\u0103, Ministerul Culturii, Academia de \u0218tiin\u021be a Moldovei \u0219i Muzeul Na\u021bional al Literaturii Rom\u00e2ne.<\/em><\/p>\n\n\t\t<style type=\"text\/css\">\n\t\t\t#gallery-1 {\n\t\t\t\tmargin: auto;\n\t\t\t}\n\t\t\t#gallery-1 .gallery-item {\n\t\t\t\tfloat: left;\n\t\t\t\tmargin-top: 10px;\n\t\t\t\ttext-align: center;\n\t\t\t\twidth: 33%;\n\t\t\t}\n\t\t\t#gallery-1 img {\n\t\t\t\tborder: 2px solid #cfcfcf;\n\t\t\t}\n\t\t\t#gallery-1 .gallery-caption {\n\t\t\t\tmargin-left: 0;\n\t\t\t}\n\t\t\t\/* see gallery_shortcode() in wp-includes\/media.php *\/\n\t\t<\/style>\n\t\t<div id='gallery-1' class='gallery galleryid-34787 gallery-columns-3 gallery-size-thumbnail'><dl class='gallery-item'>\n\t\t\t<dt class='gallery-icon landscape'>\n\t\t\t\t<a href='https:\/\/mnlr.ro\/en\/cum-au-aratat-zilele-culturii-nationale-la-mnlr\/473698058_1021800649975478_6382375111675502497_n\/'><img loading=\"lazy\" decoding=\"async\" width=\"200\" height=\"200\" src=\"https:\/\/mnlr.ro\/wp-content\/uploads\/2025\/01\/473698058_1021800649975478_6382375111675502497_n-200x200.jpg\" class=\"attachment-thumbnail size-thumbnail\" alt=\"\" srcset=\"https:\/\/mnlr.ro\/wp-content\/uploads\/2025\/01\/473698058_1021800649975478_6382375111675502497_n-200x200.jpg 200w, https:\/\/mnlr.ro\/wp-content\/uploads\/2025\/01\/473698058_1021800649975478_6382375111675502497_n-150x150.jpg 150w\" sizes=\"auto, (max-width: 200px) 100vw, 200px\" \/><\/a>\n\t\t\t<\/dt><\/dl><dl class='gallery-item'>\n\t\t\t<dt class='gallery-icon landscape'>\n\t\t\t\t<a href='https:\/\/mnlr.ro\/en\/cum-au-aratat-zilele-culturii-nationale-la-mnlr\/472907342_1021799126642297_679698892523475438_n\/'><img loading=\"lazy\" decoding=\"async\" width=\"200\" height=\"200\" src=\"https:\/\/mnlr.ro\/wp-content\/uploads\/2025\/01\/472907342_1021799126642297_679698892523475438_n-200x200.jpg\" class=\"attachment-thumbnail size-thumbnail\" alt=\"\" srcset=\"https:\/\/mnlr.ro\/wp-content\/uploads\/2025\/01\/472907342_1021799126642297_679698892523475438_n-200x200.jpg 200w, https:\/\/mnlr.ro\/wp-content\/uploads\/2025\/01\/472907342_1021799126642297_679698892523475438_n-150x150.jpg 150w\" sizes=\"auto, (max-width: 200px) 100vw, 200px\" \/><\/a>\n\t\t\t<\/dt><\/dl><dl class='gallery-item'>\n\t\t\t<dt class='gallery-icon landscape'>\n\t\t\t\t<a href='https:\/\/mnlr.ro\/en\/cum-au-aratat-zilele-culturii-nationale-la-mnlr\/473077755_1021799249975618_1437145564460064019_n\/'><img loading=\"lazy\" decoding=\"async\" width=\"200\" height=\"200\" src=\"https:\/\/mnlr.ro\/wp-content\/uploads\/2025\/01\/473077755_1021799249975618_1437145564460064019_n-200x200.jpg\" class=\"attachment-thumbnail size-thumbnail\" alt=\"\" srcset=\"https:\/\/mnlr.ro\/wp-content\/uploads\/2025\/01\/473077755_1021799249975618_1437145564460064019_n-200x200.jpg 200w, https:\/\/mnlr.ro\/wp-content\/uploads\/2025\/01\/473077755_1021799249975618_1437145564460064019_n-150x150.jpg 150w\" sizes=\"auto, (max-width: 200px) 100vw, 200px\" \/><\/a>\n\t\t\t<\/dt><\/dl><br style=\"clear: both\" \/><dl class='gallery-item'>\n\t\t\t<dt class='gallery-icon landscape'>\n\t\t\t\t<a href='https:\/\/mnlr.ro\/en\/cum-au-aratat-zilele-culturii-nationale-la-mnlr\/473319165_1021798849975658_3880809397221986073_n\/'><img loading=\"lazy\" decoding=\"async\" width=\"200\" height=\"200\" src=\"https:\/\/mnlr.ro\/wp-content\/uploads\/2025\/01\/473319165_1021798849975658_3880809397221986073_n-200x200.jpg\" class=\"attachment-thumbnail size-thumbnail\" alt=\"\" srcset=\"https:\/\/mnlr.ro\/wp-content\/uploads\/2025\/01\/473319165_1021798849975658_3880809397221986073_n-200x200.jpg 200w, https:\/\/mnlr.ro\/wp-content\/uploads\/2025\/01\/473319165_1021798849975658_3880809397221986073_n-150x150.jpg 150w\" sizes=\"auto, (max-width: 200px) 100vw, 200px\" \/><\/a>\n\t\t\t<\/dt><\/dl><dl class='gallery-item'>\n\t\t\t<dt class='gallery-icon landscape'>\n\t\t\t\t<a href='https:\/\/mnlr.ro\/en\/cum-au-aratat-zilele-culturii-nationale-la-mnlr\/473057240_1021798759975667_683006466091217676_n\/'><img loading=\"lazy\" decoding=\"async\" width=\"200\" height=\"200\" src=\"https:\/\/mnlr.ro\/wp-content\/uploads\/2025\/01\/473057240_1021798759975667_683006466091217676_n-200x200.jpg\" class=\"attachment-thumbnail size-thumbnail\" alt=\"\" srcset=\"https:\/\/mnlr.ro\/wp-content\/uploads\/2025\/01\/473057240_1021798759975667_683006466091217676_n-200x200.jpg 200w, https:\/\/mnlr.ro\/wp-content\/uploads\/2025\/01\/473057240_1021798759975667_683006466091217676_n-150x150.jpg 150w\" sizes=\"auto, (max-width: 200px) 100vw, 200px\" \/><\/a>\n\t\t\t<\/dt><\/dl><dl class='gallery-item'>\n\t\t\t<dt class='gallery-icon landscape'>\n\t\t\t\t<a href='https:\/\/mnlr.ro\/en\/cum-au-aratat-zilele-culturii-nationale-la-mnlr\/473408737_1021798733309003_2529651242235480605_n\/'><img loading=\"lazy\" decoding=\"async\" width=\"200\" height=\"200\" src=\"https:\/\/mnlr.ro\/wp-content\/uploads\/2025\/01\/473408737_1021798733309003_2529651242235480605_n-200x200.jpg\" class=\"attachment-thumbnail size-thumbnail\" alt=\"\" srcset=\"https:\/\/mnlr.ro\/wp-content\/uploads\/2025\/01\/473408737_1021798733309003_2529651242235480605_n-200x200.jpg 200w, https:\/\/mnlr.ro\/wp-content\/uploads\/2025\/01\/473408737_1021798733309003_2529651242235480605_n-150x150.jpg 150w\" sizes=\"auto, (max-width: 200px) 100vw, 200px\" \/><\/a>\n\t\t\t<\/dt><\/dl><br style=\"clear: both\" \/><dl class='gallery-item'>\n\t\t\t<dt class='gallery-icon landscape'>\n\t\t\t\t<a href='https:\/\/mnlr.ro\/en\/cum-au-aratat-zilele-culturii-nationale-la-mnlr\/473381803_1021799373308939_2839298792013663883_n\/'><img loading=\"lazy\" decoding=\"async\" width=\"200\" height=\"200\" src=\"https:\/\/mnlr.ro\/wp-content\/uploads\/2025\/01\/473381803_1021799373308939_2839298792013663883_n-200x200.jpg\" class=\"attachment-thumbnail size-thumbnail\" alt=\"\" srcset=\"https:\/\/mnlr.ro\/wp-content\/uploads\/2025\/01\/473381803_1021799373308939_2839298792013663883_n-200x200.jpg 200w, https:\/\/mnlr.ro\/wp-content\/uploads\/2025\/01\/473381803_1021799373308939_2839298792013663883_n-150x150.jpg 150w\" sizes=\"auto, (max-width: 200px) 100vw, 200px\" \/><\/a>\n\t\t\t<\/dt><\/dl><dl class='gallery-item'>\n\t\t\t<dt class='gallery-icon landscape'>\n\t\t\t\t<a href='https:\/\/mnlr.ro\/en\/cum-au-aratat-zilele-culturii-nationale-la-mnlr\/473669608_1021800723308804_6628945195999576044_n\/'><img loading=\"lazy\" decoding=\"async\" width=\"200\" height=\"200\" src=\"https:\/\/mnlr.ro\/wp-content\/uploads\/2025\/01\/473669608_1021800723308804_6628945195999576044_n-200x200.jpg\" class=\"attachment-thumbnail size-thumbnail\" alt=\"\" srcset=\"https:\/\/mnlr.ro\/wp-content\/uploads\/2025\/01\/473669608_1021800723308804_6628945195999576044_n-200x200.jpg 200w, https:\/\/mnlr.ro\/wp-content\/uploads\/2025\/01\/473669608_1021800723308804_6628945195999576044_n-150x150.jpg 150w\" sizes=\"auto, (max-width: 200px) 100vw, 200px\" \/><\/a>\n\t\t\t<\/dt><\/dl><dl class='gallery-item'>\n\t\t\t<dt class='gallery-icon landscape'>\n\t\t\t\t<a href='https:\/\/mnlr.ro\/en\/cum-au-aratat-zilele-culturii-nationale-la-mnlr\/473582863_1021801016642108_3527036282978176238_n\/'><img loading=\"lazy\" decoding=\"async\" width=\"200\" height=\"200\" src=\"https:\/\/mnlr.ro\/wp-content\/uploads\/2025\/01\/473582863_1021801016642108_3527036282978176238_n-200x200.jpg\" class=\"attachment-thumbnail size-thumbnail\" alt=\"\" srcset=\"https:\/\/mnlr.ro\/wp-content\/uploads\/2025\/01\/473582863_1021801016642108_3527036282978176238_n-200x200.jpg 200w, https:\/\/mnlr.ro\/wp-content\/uploads\/2025\/01\/473582863_1021801016642108_3527036282978176238_n-150x150.jpg 150w\" sizes=\"auto, (max-width: 200px) 100vw, 200px\" \/><\/a>\n\t\t\t<\/dt><\/dl><br style=\"clear: both\" \/><dl class='gallery-item'>\n\t\t\t<dt class='gallery-icon landscape'>\n\t\t\t\t<a href='https:\/\/mnlr.ro\/en\/cum-au-aratat-zilele-culturii-nationale-la-mnlr\/473603641_1021801363308740_7993052726711011022_n\/'><img loading=\"lazy\" decoding=\"async\" width=\"200\" height=\"200\" src=\"https:\/\/mnlr.ro\/wp-content\/uploads\/2025\/01\/473603641_1021801363308740_7993052726711011022_n-200x200.jpg\" class=\"attachment-thumbnail size-thumbnail\" alt=\"\" srcset=\"https:\/\/mnlr.ro\/wp-content\/uploads\/2025\/01\/473603641_1021801363308740_7993052726711011022_n-200x200.jpg 200w, https:\/\/mnlr.ro\/wp-content\/uploads\/2025\/01\/473603641_1021801363308740_7993052726711011022_n-150x150.jpg 150w\" sizes=\"auto, (max-width: 200px) 100vw, 200px\" \/><\/a>\n\t\t\t<\/dt><\/dl><dl class='gallery-item'>\n\t\t\t<dt class='gallery-icon landscape'>\n\t\t\t\t<a href='https:\/\/mnlr.ro\/en\/cum-au-aratat-zilele-culturii-nationale-la-mnlr\/473731655_1021800306642179_8948515665193764749_n-1\/'><img loading=\"lazy\" decoding=\"async\" width=\"200\" height=\"200\" src=\"https:\/\/mnlr.ro\/wp-content\/uploads\/2025\/01\/473731655_1021800306642179_8948515665193764749_n-1-200x200.jpg\" class=\"attachment-thumbnail size-thumbnail\" alt=\"\" srcset=\"https:\/\/mnlr.ro\/wp-content\/uploads\/2025\/01\/473731655_1021800306642179_8948515665193764749_n-1-200x200.jpg 200w, https:\/\/mnlr.ro\/wp-content\/uploads\/2025\/01\/473731655_1021800306642179_8948515665193764749_n-1-150x150.jpg 150w\" sizes=\"auto, (max-width: 200px) 100vw, 200px\" \/><\/a>\n\t\t\t<\/dt><\/dl><dl class='gallery-item'>\n\t\t\t<dt class='gallery-icon landscape'>\n\t\t\t\t<a href='https:\/\/mnlr.ro\/en\/cum-au-aratat-zilele-culturii-nationale-la-mnlr\/473365068_1021799213308955_7381322355094592526_n\/'><img loading=\"lazy\" decoding=\"async\" width=\"200\" height=\"200\" src=\"https:\/\/mnlr.ro\/wp-content\/uploads\/2025\/01\/473365068_1021799213308955_7381322355094592526_n-200x200.jpg\" class=\"attachment-thumbnail size-thumbnail\" alt=\"\" srcset=\"https:\/\/mnlr.ro\/wp-content\/uploads\/2025\/01\/473365068_1021799213308955_7381322355094592526_n-200x200.jpg 200w, https:\/\/mnlr.ro\/wp-content\/uploads\/2025\/01\/473365068_1021799213308955_7381322355094592526_n-150x150.jpg 150w\" sizes=\"auto, (max-width: 200px) 100vw, 200px\" \/><\/a>\n\t\t\t<\/dt><\/dl><br style=\"clear: both\" \/><dl class='gallery-item'>\n\t\t\t<dt class='gallery-icon landscape'>\n\t\t\t\t<a href='https:\/\/mnlr.ro\/en\/cum-au-aratat-zilele-culturii-nationale-la-mnlr\/473583579_1021800839975459_2055256322201849765_n\/'><img loading=\"lazy\" decoding=\"async\" width=\"200\" height=\"200\" src=\"https:\/\/mnlr.ro\/wp-content\/uploads\/2025\/01\/473583579_1021800839975459_2055256322201849765_n-200x200.jpg\" class=\"attachment-thumbnail size-thumbnail\" alt=\"\" srcset=\"https:\/\/mnlr.ro\/wp-content\/uploads\/2025\/01\/473583579_1021800839975459_2055256322201849765_n-200x200.jpg 200w, https:\/\/mnlr.ro\/wp-content\/uploads\/2025\/01\/473583579_1021800839975459_2055256322201849765_n-150x150.jpg 150w\" sizes=\"auto, (max-width: 200px) 100vw, 200px\" \/><\/a>\n\t\t\t<\/dt><\/dl><dl class='gallery-item'>\n\t\t\t<dt class='gallery-icon landscape'>\n\t\t\t\t<a href='https:\/\/mnlr.ro\/en\/cum-au-aratat-zilele-culturii-nationale-la-mnlr\/474068602_1021799056642304_4328647187721094795_n\/'><img loading=\"lazy\" decoding=\"async\" width=\"200\" height=\"200\" src=\"https:\/\/mnlr.ro\/wp-content\/uploads\/2025\/01\/474068602_1021799056642304_4328647187721094795_n-200x200.jpg\" class=\"attachment-thumbnail size-thumbnail\" alt=\"\" srcset=\"https:\/\/mnlr.ro\/wp-content\/uploads\/2025\/01\/474068602_1021799056642304_4328647187721094795_n-200x200.jpg 200w, https:\/\/mnlr.ro\/wp-content\/uploads\/2025\/01\/474068602_1021799056642304_4328647187721094795_n-150x150.jpg 150w\" sizes=\"auto, (max-width: 200px) 100vw, 200px\" \/><\/a>\n\t\t\t<\/dt><\/dl>\n\t\t\t<br style='clear: both' \/>\n\t\t<\/div>\n\n<p>&nbsp;<\/p>\n<p><iframe loading=\"lazy\" title=\"Identitate rom\u00e2neasc\u0103\/Identitate european\u0103\" width=\"500\" height=\"281\" src=\"https:\/\/www.youtube.com\/embed\/sxh0wXgOf3I?feature=oembed\" frameborder=\"0\" allow=\"accelerometer; autoplay; clipboard-write; encrypted-media; gyroscope; picture-in-picture; web-share\" referrerpolicy=\"strict-origin-when-cross-origin\" allowfullscreen><\/iframe><\/p>\n<p>&nbsp;<\/p>\n<p><em>Credit foto: Dan Marinescu<\/em><\/p>\n<p><em>Filmare \u0219i montaj: Alex Ursu<\/em><\/p>\n<p>_______________<\/p>\n<p>Miercuri, 15 ianuarie 2025, de la ora 10.00,\u00a0Casa memorial\u0103 \u201eAnton Pann\u201d, a avut loc\u00a0<strong>\u201eS\u0103 concepem pe h\u00e2rtie\/Un acrostih, o poezie!\u201d<\/strong>, un atelier de scriere creativ\u0103. Explor\u00e2nd diverse genuri de poezie, ne oprim la acrostih, practicat \u0219i de Anton Pann. Vom lectura c\u00e2teva exemple de acrostihuri, dup\u0103 care, analiz\u00e2ndu-ne propriile sentimente \u0219i emo\u021bii, explor\u00e2nd jocul cu rime, ne vom crea propriul acrostih, pornind de la numele fiec\u0103ruia dintre noi.<\/p>\n\n\t\t<style type=\"text\/css\">\n\t\t\t#gallery-2 {\n\t\t\t\tmargin: auto;\n\t\t\t}\n\t\t\t#gallery-2 .gallery-item {\n\t\t\t\tfloat: left;\n\t\t\t\tmargin-top: 10px;\n\t\t\t\ttext-align: center;\n\t\t\t\twidth: 33%;\n\t\t\t}\n\t\t\t#gallery-2 img {\n\t\t\t\tborder: 2px solid #cfcfcf;\n\t\t\t}\n\t\t\t#gallery-2 .gallery-caption {\n\t\t\t\tmargin-left: 0;\n\t\t\t}\n\t\t\t\/* see gallery_shortcode() in wp-includes\/media.php *\/\n\t\t<\/style>\n\t\t<div id='gallery-2' class='gallery galleryid-34787 gallery-columns-3 gallery-size-thumbnail'><dl class='gallery-item'>\n\t\t\t<dt class='gallery-icon landscape'>\n\t\t\t\t<a href='https:\/\/mnlr.ro\/en\/cum-au-aratat-zilele-culturii-nationale-la-mnlr\/473619690_1022045656617644_620363846083700807_n\/'><img loading=\"lazy\" decoding=\"async\" width=\"200\" height=\"200\" src=\"https:\/\/mnlr.ro\/wp-content\/uploads\/2025\/01\/473619690_1022045656617644_620363846083700807_n-200x200.jpg\" class=\"attachment-thumbnail size-thumbnail\" alt=\"\" srcset=\"https:\/\/mnlr.ro\/wp-content\/uploads\/2025\/01\/473619690_1022045656617644_620363846083700807_n-200x200.jpg 200w, https:\/\/mnlr.ro\/wp-content\/uploads\/2025\/01\/473619690_1022045656617644_620363846083700807_n-150x150.jpg 150w\" sizes=\"auto, (max-width: 200px) 100vw, 200px\" \/><\/a>\n\t\t\t<\/dt><\/dl><dl class='gallery-item'>\n\t\t\t<dt class='gallery-icon landscape'>\n\t\t\t\t<a href='https:\/\/mnlr.ro\/en\/cum-au-aratat-zilele-culturii-nationale-la-mnlr\/473621929_1022045446617665_3314298956553876548_n\/'><img loading=\"lazy\" decoding=\"async\" width=\"200\" height=\"200\" src=\"https:\/\/mnlr.ro\/wp-content\/uploads\/2025\/01\/473621929_1022045446617665_3314298956553876548_n-200x200.jpg\" class=\"attachment-thumbnail size-thumbnail\" alt=\"\" srcset=\"https:\/\/mnlr.ro\/wp-content\/uploads\/2025\/01\/473621929_1022045446617665_3314298956553876548_n-200x200.jpg 200w, https:\/\/mnlr.ro\/wp-content\/uploads\/2025\/01\/473621929_1022045446617665_3314298956553876548_n-150x150.jpg 150w\" sizes=\"auto, (max-width: 200px) 100vw, 200px\" \/><\/a>\n\t\t\t<\/dt><\/dl><dl class='gallery-item'>\n\t\t\t<dt class='gallery-icon landscape'>\n\t\t\t\t<a href='https:\/\/mnlr.ro\/en\/cum-au-aratat-zilele-culturii-nationale-la-mnlr\/473726702_1022045649950978_2200824938356500609_n\/'><img loading=\"lazy\" decoding=\"async\" width=\"200\" height=\"200\" src=\"https:\/\/mnlr.ro\/wp-content\/uploads\/2025\/01\/473726702_1022045649950978_2200824938356500609_n-200x200.jpg\" class=\"attachment-thumbnail size-thumbnail\" alt=\"\" srcset=\"https:\/\/mnlr.ro\/wp-content\/uploads\/2025\/01\/473726702_1022045649950978_2200824938356500609_n-200x200.jpg 200w, https:\/\/mnlr.ro\/wp-content\/uploads\/2025\/01\/473726702_1022045649950978_2200824938356500609_n-150x150.jpg 150w\" sizes=\"auto, (max-width: 200px) 100vw, 200px\" \/><\/a>\n\t\t\t<\/dt><\/dl><br style=\"clear: both\" \/>\n\t\t<\/div>\n\n<p>_______________________<\/p>\n<p>Miercuri, 15 ianuarie 2025, de la ora 11.00, la Casa memorial\u0103 \u201eTudor Arghezi \u2013 M\u0103r\u021bi\u0219or\u201d, a avut loc <strong>\u201eGhicitoarea din melon \u00ee\u021bi aduce-un papion!\u201d<\/strong>, un joc de educa\u021bie muzeal\u0103 pentru copiii de toate v\u00e2rstele, care a avut \u00een centru via\u021ba lui Tudor Arghezi. Participan\u021bii au vizionat un material video de prezentare a unor informa\u021bii din via\u021ba poetului, apoi au extras dintr-o p\u0103l\u0103rie diverse ghicitori. R\u0103spunsurile corecte au fost r\u0103spl\u0103tite cu un plicule\u021b-surpriz\u0103 \u00een care se aflau materialele necesare pentru confec\u021bionarea unui papion de carton. De ce tocmai un papion? Pentru c\u0103, \u00eempreun\u0103 cu bereta, papionul era unul dintre accesoriile specifice ale poetului.<\/p>\n\n\t\t<style type=\"text\/css\">\n\t\t\t#gallery-3 {\n\t\t\t\tmargin: auto;\n\t\t\t}\n\t\t\t#gallery-3 .gallery-item {\n\t\t\t\tfloat: left;\n\t\t\t\tmargin-top: 10px;\n\t\t\t\ttext-align: center;\n\t\t\t\twidth: 33%;\n\t\t\t}\n\t\t\t#gallery-3 img {\n\t\t\t\tborder: 2px solid #cfcfcf;\n\t\t\t}\n\t\t\t#gallery-3 .gallery-caption {\n\t\t\t\tmargin-left: 0;\n\t\t\t}\n\t\t\t\/* see gallery_shortcode() in wp-includes\/media.php *\/\n\t\t<\/style>\n\t\t<div id='gallery-3' class='gallery galleryid-34787 gallery-columns-3 gallery-size-thumbnail'><dl class='gallery-item'>\n\t\t\t<dt class='gallery-icon landscape'>\n\t\t\t\t<a href='https:\/\/mnlr.ro\/en\/cum-au-aratat-zilele-culturii-nationale-la-mnlr\/473246595_1022045856617624_6491820782213962855_n\/'><img loading=\"lazy\" decoding=\"async\" width=\"200\" height=\"200\" src=\"https:\/\/mnlr.ro\/wp-content\/uploads\/2025\/01\/473246595_1022045856617624_6491820782213962855_n-200x200.jpg\" class=\"attachment-thumbnail size-thumbnail\" alt=\"\" srcset=\"https:\/\/mnlr.ro\/wp-content\/uploads\/2025\/01\/473246595_1022045856617624_6491820782213962855_n-200x200.jpg 200w, https:\/\/mnlr.ro\/wp-content\/uploads\/2025\/01\/473246595_1022045856617624_6491820782213962855_n-150x150.jpg 150w\" sizes=\"auto, (max-width: 200px) 100vw, 200px\" \/><\/a>\n\t\t\t<\/dt><\/dl><dl class='gallery-item'>\n\t\t\t<dt class='gallery-icon portrait'>\n\t\t\t\t<a href='https:\/\/mnlr.ro\/en\/cum-au-aratat-zilele-culturii-nationale-la-mnlr\/473385177_1022045909950952_253324714332424325_n\/'><img loading=\"lazy\" decoding=\"async\" width=\"200\" height=\"200\" src=\"https:\/\/mnlr.ro\/wp-content\/uploads\/2025\/01\/473385177_1022045909950952_253324714332424325_n-200x200.jpg\" class=\"attachment-thumbnail size-thumbnail\" alt=\"\" srcset=\"https:\/\/mnlr.ro\/wp-content\/uploads\/2025\/01\/473385177_1022045909950952_253324714332424325_n-200x200.jpg 200w, https:\/\/mnlr.ro\/wp-content\/uploads\/2025\/01\/473385177_1022045909950952_253324714332424325_n-150x150.jpg 150w\" sizes=\"auto, (max-width: 200px) 100vw, 200px\" \/><\/a>\n\t\t\t<\/dt><\/dl><dl class='gallery-item'>\n\t\t\t<dt class='gallery-icon landscape'>\n\t\t\t\t<a href='https:\/\/mnlr.ro\/en\/cum-au-aratat-zilele-culturii-nationale-la-mnlr\/473695160_1022045749950968_3470347786261382538_n\/'><img loading=\"lazy\" decoding=\"async\" width=\"200\" height=\"200\" src=\"https:\/\/mnlr.ro\/wp-content\/uploads\/2025\/01\/473695160_1022045749950968_3470347786261382538_n-200x200.jpg\" class=\"attachment-thumbnail size-thumbnail\" alt=\"\" srcset=\"https:\/\/mnlr.ro\/wp-content\/uploads\/2025\/01\/473695160_1022045749950968_3470347786261382538_n-200x200.jpg 200w, https:\/\/mnlr.ro\/wp-content\/uploads\/2025\/01\/473695160_1022045749950968_3470347786261382538_n-150x150.jpg 150w\" sizes=\"auto, (max-width: 200px) 100vw, 200px\" \/><\/a>\n\t\t\t<\/dt><\/dl><br style=\"clear: both\" \/><dl class='gallery-item'>\n\t\t\t<dt class='gallery-icon portrait'>\n\t\t\t\t<a href='https:\/\/mnlr.ro\/en\/cum-au-aratat-zilele-culturii-nationale-la-mnlr\/473767876_1022046176617592_9130434381992945074_n\/'><img loading=\"lazy\" decoding=\"async\" width=\"200\" height=\"200\" src=\"https:\/\/mnlr.ro\/wp-content\/uploads\/2025\/01\/473767876_1022046176617592_9130434381992945074_n-200x200.jpg\" class=\"attachment-thumbnail size-thumbnail\" alt=\"\" srcset=\"https:\/\/mnlr.ro\/wp-content\/uploads\/2025\/01\/473767876_1022046176617592_9130434381992945074_n-200x200.jpg 200w, https:\/\/mnlr.ro\/wp-content\/uploads\/2025\/01\/473767876_1022046176617592_9130434381992945074_n-150x150.jpg 150w\" sizes=\"auto, (max-width: 200px) 100vw, 200px\" \/><\/a>\n\t\t\t<\/dt><\/dl>\n\t\t\t<br style='clear: both' \/>\n\t\t<\/div>\n\n<p>_______________________<\/p>\n<p>Miercuri, 15 ianuarie 2025, de la ora 12.00, la Casa memorial\u0103 \u201eGeorge \u0219i Agatha Bacovia\u201d, a avut loc un atelier creativ: <strong>Poezia bacovian\u0103 \u0219i psihologia: explorarea emo\u021biilor \u0219i a sufletului<\/strong>. Un atelier creativ care a explorat leg\u0103tura dintre poezia bacovian\u0103 \u0219i psihologie, oferind participan\u021bilor o perspectiv\u0103 asupra modului \u00een care st\u0103rile emo\u021bionale sunt reflectate \u00een versurile lui George Bacovia.<\/p>\n\n\t\t<style type=\"text\/css\">\n\t\t\t#gallery-4 {\n\t\t\t\tmargin: auto;\n\t\t\t}\n\t\t\t#gallery-4 .gallery-item {\n\t\t\t\tfloat: left;\n\t\t\t\tmargin-top: 10px;\n\t\t\t\ttext-align: center;\n\t\t\t\twidth: 33%;\n\t\t\t}\n\t\t\t#gallery-4 img {\n\t\t\t\tborder: 2px solid #cfcfcf;\n\t\t\t}\n\t\t\t#gallery-4 .gallery-caption {\n\t\t\t\tmargin-left: 0;\n\t\t\t}\n\t\t\t\/* see gallery_shortcode() in wp-includes\/media.php *\/\n\t\t<\/style>\n\t\t<div id='gallery-4' class='gallery galleryid-34787 gallery-columns-3 gallery-size-thumbnail'><dl class='gallery-item'>\n\t\t\t<dt class='gallery-icon portrait'>\n\t\t\t\t<a href='https:\/\/mnlr.ro\/en\/cum-au-aratat-zilele-culturii-nationale-la-mnlr\/473626511_1022045653284311_4614205290289102095_n\/'><img loading=\"lazy\" decoding=\"async\" width=\"200\" height=\"200\" src=\"https:\/\/mnlr.ro\/wp-content\/uploads\/2025\/01\/473626511_1022045653284311_4614205290289102095_n-200x200.jpg\" class=\"attachment-thumbnail size-thumbnail\" alt=\"\" srcset=\"https:\/\/mnlr.ro\/wp-content\/uploads\/2025\/01\/473626511_1022045653284311_4614205290289102095_n-200x200.jpg 200w, https:\/\/mnlr.ro\/wp-content\/uploads\/2025\/01\/473626511_1022045653284311_4614205290289102095_n-150x150.jpg 150w\" sizes=\"auto, (max-width: 200px) 100vw, 200px\" \/><\/a>\n\t\t\t<\/dt><\/dl><dl class='gallery-item'>\n\t\t\t<dt class='gallery-icon portrait'>\n\t\t\t\t<a href='https:\/\/mnlr.ro\/en\/cum-au-aratat-zilele-culturii-nationale-la-mnlr\/473697867_1022045383284338_2508684105319817235_n\/'><img loading=\"lazy\" decoding=\"async\" width=\"200\" height=\"200\" src=\"https:\/\/mnlr.ro\/wp-content\/uploads\/2025\/01\/473697867_1022045383284338_2508684105319817235_n-200x200.jpg\" class=\"attachment-thumbnail size-thumbnail\" alt=\"\" srcset=\"https:\/\/mnlr.ro\/wp-content\/uploads\/2025\/01\/473697867_1022045383284338_2508684105319817235_n-200x200.jpg 200w, https:\/\/mnlr.ro\/wp-content\/uploads\/2025\/01\/473697867_1022045383284338_2508684105319817235_n-150x150.jpg 150w\" sizes=\"auto, (max-width: 200px) 100vw, 200px\" \/><\/a>\n\t\t\t<\/dt><\/dl>\n\t\t\t<br style='clear: both' \/>\n\t\t<\/div>\n\n<p>&nbsp;<\/p>\n<p>_______________________<\/p>\n<p>Miercuri, 15 ianuarie 2025, ora 13.00, la\u00a0Biblioteca Academiei Rom\u00e2ne, Calea Victoriei 125, a avut loc vernisajul expozi\u021biei <strong>G. C\u0103linescu \u2013 125<\/strong><\/p>\n\n\t\t<style type=\"text\/css\">\n\t\t\t#gallery-5 {\n\t\t\t\tmargin: auto;\n\t\t\t}\n\t\t\t#gallery-5 .gallery-item {\n\t\t\t\tfloat: left;\n\t\t\t\tmargin-top: 10px;\n\t\t\t\ttext-align: center;\n\t\t\t\twidth: 33%;\n\t\t\t}\n\t\t\t#gallery-5 img {\n\t\t\t\tborder: 2px solid #cfcfcf;\n\t\t\t}\n\t\t\t#gallery-5 .gallery-caption {\n\t\t\t\tmargin-left: 0;\n\t\t\t}\n\t\t\t\/* see gallery_shortcode() in wp-includes\/media.php *\/\n\t\t<\/style>\n\t\t<div id='gallery-5' class='gallery galleryid-34787 gallery-columns-3 gallery-size-thumbnail'><dl class='gallery-item'>\n\t\t\t<dt class='gallery-icon landscape'>\n\t\t\t\t<a href='https:\/\/mnlr.ro\/en\/cum-au-aratat-zilele-culturii-nationale-la-mnlr\/3dc793c0-ee9a-412c-91fc-257b4efe2f21\/'><img loading=\"lazy\" decoding=\"async\" width=\"200\" height=\"200\" src=\"https:\/\/mnlr.ro\/wp-content\/uploads\/2025\/01\/3dc793c0-ee9a-412c-91fc-257b4efe2f21-200x200.jpg\" class=\"attachment-thumbnail size-thumbnail\" alt=\"\" srcset=\"https:\/\/mnlr.ro\/wp-content\/uploads\/2025\/01\/3dc793c0-ee9a-412c-91fc-257b4efe2f21-200x200.jpg 200w, https:\/\/mnlr.ro\/wp-content\/uploads\/2025\/01\/3dc793c0-ee9a-412c-91fc-257b4efe2f21-150x150.jpg 150w\" sizes=\"auto, (max-width: 200px) 100vw, 200px\" \/><\/a>\n\t\t\t<\/dt><\/dl><dl class='gallery-item'>\n\t\t\t<dt class='gallery-icon landscape'>\n\t\t\t\t<a href='https:\/\/mnlr.ro\/en\/cum-au-aratat-zilele-culturii-nationale-la-mnlr\/c270059a-4db0-4833-b0c8-5fe432dcd349\/'><img loading=\"lazy\" decoding=\"async\" width=\"200\" height=\"200\" src=\"https:\/\/mnlr.ro\/wp-content\/uploads\/2025\/01\/c270059a-4db0-4833-b0c8-5fe432dcd349-200x200.jpg\" class=\"attachment-thumbnail size-thumbnail\" alt=\"\" srcset=\"https:\/\/mnlr.ro\/wp-content\/uploads\/2025\/01\/c270059a-4db0-4833-b0c8-5fe432dcd349-200x200.jpg 200w, https:\/\/mnlr.ro\/wp-content\/uploads\/2025\/01\/c270059a-4db0-4833-b0c8-5fe432dcd349-150x150.jpg 150w\" sizes=\"auto, (max-width: 200px) 100vw, 200px\" \/><\/a>\n\t\t\t<\/dt><\/dl><dl class='gallery-item'>\n\t\t\t<dt class='gallery-icon landscape'>\n\t\t\t\t<a href='https:\/\/mnlr.ro\/en\/cum-au-aratat-zilele-culturii-nationale-la-mnlr\/16cf88b4-c5d8-46e7-a117-5703596c6a4d\/'><img loading=\"lazy\" decoding=\"async\" width=\"200\" height=\"200\" src=\"https:\/\/mnlr.ro\/wp-content\/uploads\/2025\/01\/16cf88b4-c5d8-46e7-a117-5703596c6a4d-200x200.jpg\" class=\"attachment-thumbnail size-thumbnail\" alt=\"\" srcset=\"https:\/\/mnlr.ro\/wp-content\/uploads\/2025\/01\/16cf88b4-c5d8-46e7-a117-5703596c6a4d-200x200.jpg 200w, https:\/\/mnlr.ro\/wp-content\/uploads\/2025\/01\/16cf88b4-c5d8-46e7-a117-5703596c6a4d-150x150.jpg 150w\" sizes=\"auto, (max-width: 200px) 100vw, 200px\" \/><\/a>\n\t\t\t<\/dt><\/dl><br style=\"clear: both\" \/><dl class='gallery-item'>\n\t\t\t<dt class='gallery-icon landscape'>\n\t\t\t\t<a href='https:\/\/mnlr.ro\/en\/cum-au-aratat-zilele-culturii-nationale-la-mnlr\/7822ce7c-9bde-41fc-a89d-fec4fe19f929\/'><img loading=\"lazy\" decoding=\"async\" width=\"200\" height=\"200\" src=\"https:\/\/mnlr.ro\/wp-content\/uploads\/2025\/01\/7822ce7c-9bde-41fc-a89d-fec4fe19f929-200x200.jpg\" class=\"attachment-thumbnail size-thumbnail\" alt=\"\" srcset=\"https:\/\/mnlr.ro\/wp-content\/uploads\/2025\/01\/7822ce7c-9bde-41fc-a89d-fec4fe19f929-200x200.jpg 200w, https:\/\/mnlr.ro\/wp-content\/uploads\/2025\/01\/7822ce7c-9bde-41fc-a89d-fec4fe19f929-150x150.jpg 150w\" sizes=\"auto, (max-width: 200px) 100vw, 200px\" \/><\/a>\n\t\t\t<\/dt><\/dl>\n\t\t\t<br style='clear: both' \/>\n\t\t<\/div>\n\n<p>&nbsp;<\/p>\n<p><iframe loading=\"lazy\" title=\"Vernisajul expozi\u021biei G. C\u0103linescu \u2013 125  (FRAGMENT)\" width=\"500\" height=\"281\" src=\"https:\/\/www.youtube.com\/embed\/bhP0KDqBPbU?feature=oembed\" frameborder=\"0\" allow=\"accelerometer; autoplay; clipboard-write; encrypted-media; gyroscope; picture-in-picture; web-share\" referrerpolicy=\"strict-origin-when-cross-origin\" allowfullscreen><\/iframe><\/p>\n<p>&nbsp;<\/p>\n<p><em>Credit foto, filmare \u0219i montaj: Alex Ursu<\/em><\/p>\n<p>__________________<\/p>\n<p>Miercuri, 15 ianuarie 2025, de la ora 14.00, \u00een Mansarda MNLR, Str. Nicolae Cre\u021bulescu 8, a avut loc Dezbatere <strong>\u201eG. C\u0103linescu. Editor \u0219i monograf al lui M. Eminescu\u201d<\/strong>. Au participat prof. univ. dr. Nicolae Mecu, prof. univ. dr. Ileana Mih\u0103il\u0103, cercet\u0103tor \u0219tiin\u021bific II Oana Soare. Moderator Lucian Chi\u0219u.<\/p>\n<p>Eveniment realizat \u00een parteneriat cu Institutul de Istorie \u015fi Teorie literar\u0103 \u201eG. C\u0103linescu\u201d al Academiei Rom\u00e2ne<\/p>\n\n\t\t<style type=\"text\/css\">\n\t\t\t#gallery-6 {\n\t\t\t\tmargin: auto;\n\t\t\t}\n\t\t\t#gallery-6 .gallery-item {\n\t\t\t\tfloat: left;\n\t\t\t\tmargin-top: 10px;\n\t\t\t\ttext-align: center;\n\t\t\t\twidth: 33%;\n\t\t\t}\n\t\t\t#gallery-6 img {\n\t\t\t\tborder: 2px solid #cfcfcf;\n\t\t\t}\n\t\t\t#gallery-6 .gallery-caption {\n\t\t\t\tmargin-left: 0;\n\t\t\t}\n\t\t\t\/* see gallery_shortcode() in wp-includes\/media.php *\/\n\t\t<\/style>\n\t\t<div id='gallery-6' class='gallery galleryid-34787 gallery-columns-3 gallery-size-thumbnail'><dl class='gallery-item'>\n\t\t\t<dt class='gallery-icon landscape'>\n\t\t\t\t<a href='https:\/\/mnlr.ro\/en\/cum-au-aratat-zilele-culturii-nationale-la-mnlr\/473618064_1021916883297188_219169111263803638_n\/'><img loading=\"lazy\" decoding=\"async\" width=\"200\" height=\"200\" src=\"https:\/\/mnlr.ro\/wp-content\/uploads\/2025\/01\/473618064_1021916883297188_219169111263803638_n-200x200.jpg\" class=\"attachment-thumbnail size-thumbnail\" alt=\"\" srcset=\"https:\/\/mnlr.ro\/wp-content\/uploads\/2025\/01\/473618064_1021916883297188_219169111263803638_n-200x200.jpg 200w, https:\/\/mnlr.ro\/wp-content\/uploads\/2025\/01\/473618064_1021916883297188_219169111263803638_n-150x150.jpg 150w\" sizes=\"auto, (max-width: 200px) 100vw, 200px\" \/><\/a>\n\t\t\t<\/dt><\/dl><dl class='gallery-item'>\n\t\t\t<dt class='gallery-icon landscape'>\n\t\t\t\t<a href='https:\/\/mnlr.ro\/en\/cum-au-aratat-zilele-culturii-nationale-la-mnlr\/473645000_1021916986630511_2361788440256390042_n\/'><img loading=\"lazy\" decoding=\"async\" width=\"200\" height=\"200\" src=\"https:\/\/mnlr.ro\/wp-content\/uploads\/2025\/01\/473645000_1021916986630511_2361788440256390042_n-200x200.jpg\" class=\"attachment-thumbnail size-thumbnail\" alt=\"\" srcset=\"https:\/\/mnlr.ro\/wp-content\/uploads\/2025\/01\/473645000_1021916986630511_2361788440256390042_n-200x200.jpg 200w, https:\/\/mnlr.ro\/wp-content\/uploads\/2025\/01\/473645000_1021916986630511_2361788440256390042_n-150x150.jpg 150w\" sizes=\"auto, (max-width: 200px) 100vw, 200px\" \/><\/a>\n\t\t\t<\/dt><\/dl><dl class='gallery-item'>\n\t\t\t<dt class='gallery-icon landscape'>\n\t\t\t\t<a href='https:\/\/mnlr.ro\/en\/cum-au-aratat-zilele-culturii-nationale-la-mnlr\/473683676_1021916643297212_7429667447796046801_n\/'><img loading=\"lazy\" decoding=\"async\" width=\"200\" height=\"200\" src=\"https:\/\/mnlr.ro\/wp-content\/uploads\/2025\/01\/473683676_1021916643297212_7429667447796046801_n-200x200.jpg\" class=\"attachment-thumbnail size-thumbnail\" alt=\"\" srcset=\"https:\/\/mnlr.ro\/wp-content\/uploads\/2025\/01\/473683676_1021916643297212_7429667447796046801_n-200x200.jpg 200w, https:\/\/mnlr.ro\/wp-content\/uploads\/2025\/01\/473683676_1021916643297212_7429667447796046801_n-150x150.jpg 150w\" sizes=\"auto, (max-width: 200px) 100vw, 200px\" \/><\/a>\n\t\t\t<\/dt><\/dl><br style=\"clear: both\" \/><dl class='gallery-item'>\n\t\t\t<dt class='gallery-icon landscape'>\n\t\t\t\t<a href='https:\/\/mnlr.ro\/en\/cum-au-aratat-zilele-culturii-nationale-la-mnlr\/473786835_1021916919963851_1625355426025084835_n\/'><img loading=\"lazy\" decoding=\"async\" width=\"200\" height=\"200\" src=\"https:\/\/mnlr.ro\/wp-content\/uploads\/2025\/01\/473786835_1021916919963851_1625355426025084835_n-200x200.jpg\" class=\"attachment-thumbnail size-thumbnail\" alt=\"\" srcset=\"https:\/\/mnlr.ro\/wp-content\/uploads\/2025\/01\/473786835_1021916919963851_1625355426025084835_n-200x200.jpg 200w, https:\/\/mnlr.ro\/wp-content\/uploads\/2025\/01\/473786835_1021916919963851_1625355426025084835_n-150x150.jpg 150w\" sizes=\"auto, (max-width: 200px) 100vw, 200px\" \/><\/a>\n\t\t\t<\/dt><\/dl><dl class='gallery-item'>\n\t\t\t<dt class='gallery-icon landscape'>\n\t\t\t\t<a href='https:\/\/mnlr.ro\/en\/cum-au-aratat-zilele-culturii-nationale-la-mnlr\/474036787_1021916726630537_6673788772214691264_n\/'><img loading=\"lazy\" decoding=\"async\" width=\"200\" height=\"200\" src=\"https:\/\/mnlr.ro\/wp-content\/uploads\/2025\/01\/474036787_1021916726630537_6673788772214691264_n-200x200.jpg\" class=\"attachment-thumbnail size-thumbnail\" alt=\"\" srcset=\"https:\/\/mnlr.ro\/wp-content\/uploads\/2025\/01\/474036787_1021916726630537_6673788772214691264_n-200x200.jpg 200w, https:\/\/mnlr.ro\/wp-content\/uploads\/2025\/01\/474036787_1021916726630537_6673788772214691264_n-150x150.jpg 150w\" sizes=\"auto, (max-width: 200px) 100vw, 200px\" \/><\/a>\n\t\t\t<\/dt><\/dl>\n\t\t\t<br style='clear: both' \/>\n\t\t<\/div>\n\n<p><iframe loading=\"lazy\" title=\"Dezbatere  \u201eG. C\u0103linescu. Editor \u0219i monograf al lui M. Eminescu\u201d\" width=\"500\" height=\"281\" src=\"https:\/\/www.youtube.com\/embed\/0HEkcIqERe8?feature=oembed\" frameborder=\"0\" allow=\"accelerometer; autoplay; clipboard-write; encrypted-media; gyroscope; picture-in-picture; web-share\" referrerpolicy=\"strict-origin-when-cross-origin\" allowfullscreen><\/iframe><\/p>\n<p><em>Credit foto: Dan Marinescu<\/em><\/p>\n<p><em>Filmare \u0219i montaj: Alex Ursu<\/em><\/p>\n<p>&nbsp;<\/p>\n<p>________________<\/p>\n<p>Miercuri, 15 ianuarie 2025, de la ora 16.00, la Sediul MNLR, strada Nicolae Cre\u021bulescu 8, a avut loc<strong> \u201eGala Tinerilor Scriitori \/ Cartea de Poezie a anului 2024\u201d<\/strong>, \u00een direct la Radio Rom\u00e2nia Cultural. Programul Gala Tinerilor Scriitori \/ Cartea de Poezie a anului 2024 a celebrat cea de-a XV-a edi\u021bie a Zilei Culturii Na\u021bionale, av\u00e2ndu-i ca invita\u021bi speciali pe Mike Godoroja &amp; Blue Spirit. Produc\u0103tor: Anamaria Sp\u0103taru. Amfitrion: Dan Mircea Cipariu. Coproduc\u0103tor: Radio Rom\u00e2nia Cultural.<\/p>\n\n\t\t<style type=\"text\/css\">\n\t\t\t#gallery-7 {\n\t\t\t\tmargin: auto;\n\t\t\t}\n\t\t\t#gallery-7 .gallery-item {\n\t\t\t\tfloat: left;\n\t\t\t\tmargin-top: 10px;\n\t\t\t\ttext-align: center;\n\t\t\t\twidth: 33%;\n\t\t\t}\n\t\t\t#gallery-7 img {\n\t\t\t\tborder: 2px solid #cfcfcf;\n\t\t\t}\n\t\t\t#gallery-7 .gallery-caption {\n\t\t\t\tmargin-left: 0;\n\t\t\t}\n\t\t\t\/* see gallery_shortcode() in wp-includes\/media.php *\/\n\t\t<\/style>\n\t\t<div id='gallery-7' class='gallery galleryid-34787 gallery-columns-3 gallery-size-thumbnail'><dl class='gallery-item'>\n\t\t\t<dt class='gallery-icon landscape'>\n\t\t\t\t<a href='https:\/\/mnlr.ro\/en\/cum-au-aratat-zilele-culturii-nationale-la-mnlr\/473777552_1022130293275847_6890367112488711935_n\/'><img loading=\"lazy\" decoding=\"async\" width=\"200\" height=\"200\" src=\"https:\/\/mnlr.ro\/wp-content\/uploads\/2025\/01\/473777552_1022130293275847_6890367112488711935_n-200x200.jpg\" class=\"attachment-thumbnail size-thumbnail\" alt=\"\" srcset=\"https:\/\/mnlr.ro\/wp-content\/uploads\/2025\/01\/473777552_1022130293275847_6890367112488711935_n-200x200.jpg 200w, https:\/\/mnlr.ro\/wp-content\/uploads\/2025\/01\/473777552_1022130293275847_6890367112488711935_n-150x150.jpg 150w\" sizes=\"auto, (max-width: 200px) 100vw, 200px\" \/><\/a>\n\t\t\t<\/dt><\/dl><dl class='gallery-item'>\n\t\t\t<dt class='gallery-icon landscape'>\n\t\t\t\t<a href='https:\/\/mnlr.ro\/en\/cum-au-aratat-zilele-culturii-nationale-la-mnlr\/472705122_1022129499942593_1721511850681373145_n\/'><img loading=\"lazy\" decoding=\"async\" width=\"200\" height=\"200\" src=\"https:\/\/mnlr.ro\/wp-content\/uploads\/2025\/01\/472705122_1022129499942593_1721511850681373145_n-200x200.jpg\" class=\"attachment-thumbnail size-thumbnail\" alt=\"\" srcset=\"https:\/\/mnlr.ro\/wp-content\/uploads\/2025\/01\/472705122_1022129499942593_1721511850681373145_n-200x200.jpg 200w, https:\/\/mnlr.ro\/wp-content\/uploads\/2025\/01\/472705122_1022129499942593_1721511850681373145_n-150x150.jpg 150w\" sizes=\"auto, (max-width: 200px) 100vw, 200px\" \/><\/a>\n\t\t\t<\/dt><\/dl><dl class='gallery-item'>\n\t\t\t<dt class='gallery-icon landscape'>\n\t\t\t\t<a href='https:\/\/mnlr.ro\/en\/cum-au-aratat-zilele-culturii-nationale-la-mnlr\/473228140_1022130286609181_5073534895150697635_n\/'><img loading=\"lazy\" decoding=\"async\" width=\"200\" height=\"200\" src=\"https:\/\/mnlr.ro\/wp-content\/uploads\/2025\/01\/473228140_1022130286609181_5073534895150697635_n-200x200.jpg\" class=\"attachment-thumbnail size-thumbnail\" alt=\"\" srcset=\"https:\/\/mnlr.ro\/wp-content\/uploads\/2025\/01\/473228140_1022130286609181_5073534895150697635_n-200x200.jpg 200w, https:\/\/mnlr.ro\/wp-content\/uploads\/2025\/01\/473228140_1022130286609181_5073534895150697635_n-150x150.jpg 150w\" sizes=\"auto, (max-width: 200px) 100vw, 200px\" \/><\/a>\n\t\t\t<\/dt><\/dl><br style=\"clear: both\" \/><dl class='gallery-item'>\n\t\t\t<dt class='gallery-icon landscape'>\n\t\t\t\t<a href='https:\/\/mnlr.ro\/en\/cum-au-aratat-zilele-culturii-nationale-la-mnlr\/473288882_1022129933275883_2253605587966729313_n\/'><img loading=\"lazy\" decoding=\"async\" width=\"200\" height=\"200\" src=\"https:\/\/mnlr.ro\/wp-content\/uploads\/2025\/01\/473288882_1022129933275883_2253605587966729313_n-200x200.jpg\" class=\"attachment-thumbnail size-thumbnail\" alt=\"\" srcset=\"https:\/\/mnlr.ro\/wp-content\/uploads\/2025\/01\/473288882_1022129933275883_2253605587966729313_n-200x200.jpg 200w, https:\/\/mnlr.ro\/wp-content\/uploads\/2025\/01\/473288882_1022129933275883_2253605587966729313_n-150x150.jpg 150w\" sizes=\"auto, (max-width: 200px) 100vw, 200px\" \/><\/a>\n\t\t\t<\/dt><\/dl><dl class='gallery-item'>\n\t\t\t<dt class='gallery-icon landscape'>\n\t\t\t\t<a href='https:\/\/mnlr.ro\/en\/cum-au-aratat-zilele-culturii-nationale-la-mnlr\/473242020_1022130053275871_3245522635621276006_n\/'><img loading=\"lazy\" decoding=\"async\" width=\"200\" height=\"200\" src=\"https:\/\/mnlr.ro\/wp-content\/uploads\/2025\/01\/473242020_1022130053275871_3245522635621276006_n-200x200.jpg\" class=\"attachment-thumbnail size-thumbnail\" alt=\"\" srcset=\"https:\/\/mnlr.ro\/wp-content\/uploads\/2025\/01\/473242020_1022130053275871_3245522635621276006_n-200x200.jpg 200w, https:\/\/mnlr.ro\/wp-content\/uploads\/2025\/01\/473242020_1022130053275871_3245522635621276006_n-150x150.jpg 150w\" sizes=\"auto, (max-width: 200px) 100vw, 200px\" \/><\/a>\n\t\t\t<\/dt><\/dl><dl class='gallery-item'>\n\t\t\t<dt class='gallery-icon landscape'>\n\t\t\t\t<a href='https:\/\/mnlr.ro\/en\/cum-au-aratat-zilele-culturii-nationale-la-mnlr\/473232687_1022129923275884_1940670688626825497_n\/'><img loading=\"lazy\" decoding=\"async\" width=\"200\" height=\"200\" src=\"https:\/\/mnlr.ro\/wp-content\/uploads\/2025\/01\/473232687_1022129923275884_1940670688626825497_n-200x200.jpg\" class=\"attachment-thumbnail size-thumbnail\" alt=\"\" srcset=\"https:\/\/mnlr.ro\/wp-content\/uploads\/2025\/01\/473232687_1022129923275884_1940670688626825497_n-200x200.jpg 200w, https:\/\/mnlr.ro\/wp-content\/uploads\/2025\/01\/473232687_1022129923275884_1940670688626825497_n-150x150.jpg 150w\" sizes=\"auto, (max-width: 200px) 100vw, 200px\" \/><\/a>\n\t\t\t<\/dt><\/dl><br style=\"clear: both\" \/><dl class='gallery-item'>\n\t\t\t<dt class='gallery-icon landscape'>\n\t\t\t\t<a href='https:\/\/mnlr.ro\/en\/cum-au-aratat-zilele-culturii-nationale-la-mnlr\/473368854_1022129703275906_3963861683495372733_n\/'><img loading=\"lazy\" decoding=\"async\" width=\"200\" height=\"200\" src=\"https:\/\/mnlr.ro\/wp-content\/uploads\/2025\/01\/473368854_1022129703275906_3963861683495372733_n-200x200.jpg\" class=\"attachment-thumbnail size-thumbnail\" alt=\"\" srcset=\"https:\/\/mnlr.ro\/wp-content\/uploads\/2025\/01\/473368854_1022129703275906_3963861683495372733_n-200x200.jpg 200w, https:\/\/mnlr.ro\/wp-content\/uploads\/2025\/01\/473368854_1022129703275906_3963861683495372733_n-150x150.jpg 150w\" sizes=\"auto, (max-width: 200px) 100vw, 200px\" \/><\/a>\n\t\t\t<\/dt><\/dl><dl class='gallery-item'>\n\t\t\t<dt class='gallery-icon landscape'>\n\t\t\t\t<a href='https:\/\/mnlr.ro\/en\/cum-au-aratat-zilele-culturii-nationale-la-mnlr\/473613073_1022129576609252_1628757598548239263_n\/'><img loading=\"lazy\" decoding=\"async\" width=\"200\" height=\"200\" src=\"https:\/\/mnlr.ro\/wp-content\/uploads\/2025\/01\/473613073_1022129576609252_1628757598548239263_n-200x200.jpg\" class=\"attachment-thumbnail size-thumbnail\" alt=\"\" srcset=\"https:\/\/mnlr.ro\/wp-content\/uploads\/2025\/01\/473613073_1022129576609252_1628757598548239263_n-200x200.jpg 200w, https:\/\/mnlr.ro\/wp-content\/uploads\/2025\/01\/473613073_1022129576609252_1628757598548239263_n-150x150.jpg 150w\" sizes=\"auto, (max-width: 200px) 100vw, 200px\" \/><\/a>\n\t\t\t<\/dt><\/dl><dl class='gallery-item'>\n\t\t\t<dt class='gallery-icon landscape'>\n\t\t\t\t<a href='https:\/\/mnlr.ro\/en\/cum-au-aratat-zilele-culturii-nationale-la-mnlr\/473571967_1022130163275860_2274578436813450065_n\/'><img loading=\"lazy\" decoding=\"async\" width=\"200\" height=\"200\" src=\"https:\/\/mnlr.ro\/wp-content\/uploads\/2025\/01\/473571967_1022130163275860_2274578436813450065_n-200x200.jpg\" class=\"attachment-thumbnail size-thumbnail\" alt=\"\" srcset=\"https:\/\/mnlr.ro\/wp-content\/uploads\/2025\/01\/473571967_1022130163275860_2274578436813450065_n-200x200.jpg 200w, https:\/\/mnlr.ro\/wp-content\/uploads\/2025\/01\/473571967_1022130163275860_2274578436813450065_n-150x150.jpg 150w\" sizes=\"auto, (max-width: 200px) 100vw, 200px\" \/><\/a>\n\t\t\t<\/dt><\/dl><br style=\"clear: both\" \/><dl class='gallery-item'>\n\t\t\t<dt class='gallery-icon landscape'>\n\t\t\t\t<a href='https:\/\/mnlr.ro\/en\/cum-au-aratat-zilele-culturii-nationale-la-mnlr\/473619773_1022130056609204_3592686069998134279_n\/'><img loading=\"lazy\" decoding=\"async\" width=\"200\" height=\"200\" src=\"https:\/\/mnlr.ro\/wp-content\/uploads\/2025\/01\/473619773_1022130056609204_3592686069998134279_n-200x200.jpg\" class=\"attachment-thumbnail size-thumbnail\" alt=\"\" srcset=\"https:\/\/mnlr.ro\/wp-content\/uploads\/2025\/01\/473619773_1022130056609204_3592686069998134279_n-200x200.jpg 200w, https:\/\/mnlr.ro\/wp-content\/uploads\/2025\/01\/473619773_1022130056609204_3592686069998134279_n-150x150.jpg 150w\" sizes=\"auto, (max-width: 200px) 100vw, 200px\" \/><\/a>\n\t\t\t<\/dt><\/dl><dl class='gallery-item'>\n\t\t\t<dt class='gallery-icon landscape'>\n\t\t\t\t<a href='https:\/\/mnlr.ro\/en\/cum-au-aratat-zilele-culturii-nationale-la-mnlr\/473242201_1022129826609227_3632637831122255079_n\/'><img loading=\"lazy\" decoding=\"async\" width=\"200\" height=\"200\" src=\"https:\/\/mnlr.ro\/wp-content\/uploads\/2025\/01\/473242201_1022129826609227_3632637831122255079_n-200x200.jpg\" class=\"attachment-thumbnail size-thumbnail\" alt=\"\" srcset=\"https:\/\/mnlr.ro\/wp-content\/uploads\/2025\/01\/473242201_1022129826609227_3632637831122255079_n-200x200.jpg 200w, https:\/\/mnlr.ro\/wp-content\/uploads\/2025\/01\/473242201_1022129826609227_3632637831122255079_n-150x150.jpg 150w\" sizes=\"auto, (max-width: 200px) 100vw, 200px\" \/><\/a>\n\t\t\t<\/dt><\/dl>\n\t\t\t<br style='clear: both' \/>\n\t\t<\/div>\n\n<p><iframe loading=\"lazy\" title=\"Gala Tinerilor Scriitori \/ Cartea de Poezie a anului 2024\" width=\"500\" height=\"281\" src=\"https:\/\/www.youtube.com\/embed\/x0-UOaBCDWo?feature=oembed\" frameborder=\"0\" allow=\"accelerometer; autoplay; clipboard-write; encrypted-media; gyroscope; picture-in-picture; web-share\" referrerpolicy=\"strict-origin-when-cross-origin\" allowfullscreen><\/iframe><\/p>\n<p><em>Credit foto: Dan Marinescu<\/em><\/p>\n<p><em>Filmare \u0219i montaj: Alex Ursu<\/em><\/p>\n<p>____________________<\/p>\n<p>Miercuri, 15 ianuarie 2025, de la ora ora 17.00, \u00een\u00a0Aula Bibliotecii Centrale Universitare \u201eCarol I\u201d, Calea Victoriei 88, a avut loc o <strong>Serat\u0103 eminescian\u0103<\/strong> \u00een interpretarea sopranei Arlinda Morava \u0219i a actorului Claudiu Bleon\u021b, acompania\u021bi la pian Adriana Alexandru.<\/p>\n\n\t\t<style type=\"text\/css\">\n\t\t\t#gallery-8 {\n\t\t\t\tmargin: auto;\n\t\t\t}\n\t\t\t#gallery-8 .gallery-item {\n\t\t\t\tfloat: left;\n\t\t\t\tmargin-top: 10px;\n\t\t\t\ttext-align: center;\n\t\t\t\twidth: 33%;\n\t\t\t}\n\t\t\t#gallery-8 img {\n\t\t\t\tborder: 2px solid #cfcfcf;\n\t\t\t}\n\t\t\t#gallery-8 .gallery-caption {\n\t\t\t\tmargin-left: 0;\n\t\t\t}\n\t\t\t\/* see gallery_shortcode() in wp-includes\/media.php *\/\n\t\t<\/style>\n\t\t<div id='gallery-8' class='gallery galleryid-34787 gallery-columns-3 gallery-size-thumbnail'><dl class='gallery-item'>\n\t\t\t<dt class='gallery-icon landscape'>\n\t\t\t\t<a href='https:\/\/mnlr.ro\/en\/cum-au-aratat-zilele-culturii-nationale-la-mnlr\/473229796_1022132863275590_2949038360157944491_n\/'><img loading=\"lazy\" decoding=\"async\" width=\"200\" height=\"200\" src=\"https:\/\/mnlr.ro\/wp-content\/uploads\/2025\/01\/473229796_1022132863275590_2949038360157944491_n-200x200.jpg\" class=\"attachment-thumbnail size-thumbnail\" alt=\"\" srcset=\"https:\/\/mnlr.ro\/wp-content\/uploads\/2025\/01\/473229796_1022132863275590_2949038360157944491_n-200x200.jpg 200w, https:\/\/mnlr.ro\/wp-content\/uploads\/2025\/01\/473229796_1022132863275590_2949038360157944491_n-150x150.jpg 150w\" sizes=\"auto, (max-width: 200px) 100vw, 200px\" \/><\/a>\n\t\t\t<\/dt><\/dl><dl class='gallery-item'>\n\t\t\t<dt class='gallery-icon landscape'>\n\t\t\t\t<a href='https:\/\/mnlr.ro\/en\/cum-au-aratat-zilele-culturii-nationale-la-mnlr\/473356288_1022132873275589_209496117957766768_n\/'><img loading=\"lazy\" decoding=\"async\" width=\"200\" height=\"200\" src=\"https:\/\/mnlr.ro\/wp-content\/uploads\/2025\/01\/473356288_1022132873275589_209496117957766768_n-200x200.jpg\" class=\"attachment-thumbnail size-thumbnail\" alt=\"\" srcset=\"https:\/\/mnlr.ro\/wp-content\/uploads\/2025\/01\/473356288_1022132873275589_209496117957766768_n-200x200.jpg 200w, https:\/\/mnlr.ro\/wp-content\/uploads\/2025\/01\/473356288_1022132873275589_209496117957766768_n-150x150.jpg 150w\" sizes=\"auto, (max-width: 200px) 100vw, 200px\" \/><\/a>\n\t\t\t<\/dt><\/dl><dl class='gallery-item'>\n\t\t\t<dt class='gallery-icon landscape'>\n\t\t\t\t<a href='https:\/\/mnlr.ro\/en\/cum-au-aratat-zilele-culturii-nationale-la-mnlr\/473329446_1022132789942264_6344363734271001194_n\/'><img loading=\"lazy\" decoding=\"async\" width=\"200\" height=\"200\" src=\"https:\/\/mnlr.ro\/wp-content\/uploads\/2025\/01\/473329446_1022132789942264_6344363734271001194_n-200x200.jpg\" class=\"attachment-thumbnail size-thumbnail\" alt=\"\" srcset=\"https:\/\/mnlr.ro\/wp-content\/uploads\/2025\/01\/473329446_1022132789942264_6344363734271001194_n-200x200.jpg 200w, https:\/\/mnlr.ro\/wp-content\/uploads\/2025\/01\/473329446_1022132789942264_6344363734271001194_n-150x150.jpg 150w\" sizes=\"auto, (max-width: 200px) 100vw, 200px\" \/><\/a>\n\t\t\t<\/dt><\/dl><br style=\"clear: both\" \/><dl class='gallery-item'>\n\t\t\t<dt class='gallery-icon landscape'>\n\t\t\t\t<a href='https:\/\/mnlr.ro\/en\/cum-au-aratat-zilele-culturii-nationale-la-mnlr\/473230045_1022132889942254_5887877442283788381_n\/'><img loading=\"lazy\" decoding=\"async\" width=\"200\" height=\"200\" src=\"https:\/\/mnlr.ro\/wp-content\/uploads\/2025\/01\/473230045_1022132889942254_5887877442283788381_n-200x200.jpg\" class=\"attachment-thumbnail size-thumbnail\" alt=\"\" srcset=\"https:\/\/mnlr.ro\/wp-content\/uploads\/2025\/01\/473230045_1022132889942254_5887877442283788381_n-200x200.jpg 200w, https:\/\/mnlr.ro\/wp-content\/uploads\/2025\/01\/473230045_1022132889942254_5887877442283788381_n-150x150.jpg 150w\" sizes=\"auto, (max-width: 200px) 100vw, 200px\" \/><\/a>\n\t\t\t<\/dt><\/dl>\n\t\t\t<br style='clear: both' \/>\n\t\t<\/div>\n\n<p><iframe loading=\"lazy\" title=\"\u201eSerat\u0103 eminescian\u0103\u201d (FRAGMENT)\" width=\"500\" height=\"281\" src=\"https:\/\/www.youtube.com\/embed\/oEwnnwmbK14?feature=oembed\" frameborder=\"0\" allow=\"accelerometer; autoplay; clipboard-write; encrypted-media; gyroscope; picture-in-picture; web-share\" referrerpolicy=\"strict-origin-when-cross-origin\" allowfullscreen><\/iframe><\/p>\n<p><em>Credit foto, filmare \u0219i montaj: Alex Ursu<\/em><\/p>\n<p>_______________________<\/p>\n<p>Miercuri, 15 ianuarie 2025, de la ora 18.00, la Sediul MNLR, Calea Grivi\u021bei 64-66, a avut loc vernisajul expozi\u021biei <strong>\u201eOra\u0219ul scriitoarelor. Peisaj urban \u00een literatura scris\u0103 de femei\u201d<\/strong>. Invita\u021bi: Ioan Cristescu, Alina Pavelescu, Carmen Mu\u0219at, Bianca Cernat, Andreea R\u0103suceanu, Constantin Goagea.<\/p>\n<p>Expozi\u021bia \u201eOra\u0219ul scriitoarelor. Peisaj urban \u00een literatura scris\u0103 de femei\u201d propune publicului un exerci\u021biu de recuperare a operelor \u0219i biografiilor unor scriitoare active \u00een perioada interbelic\u0103: Hortensia Papadat-Bengescu, M\u0103rg\u0103rita Miller-Verghy, Bucura Dumbrav\u0103, Aida Vrioni, Natalia Negru, Alice Voinescu, Martha Bibescu, Ticu Archip, Zoe Verbiceanu, Henriette Yvonne Stahl, Sanda Movil\u0103, Cella Serghi, Lucia Demetrius, Ioana Postelnicu, Ani\u0219oara Odeanu, Sorana Gurian, Maria Banu\u0219, Jeni Acterian.<\/p>\n\n\t\t<style type=\"text\/css\">\n\t\t\t#gallery-9 {\n\t\t\t\tmargin: auto;\n\t\t\t}\n\t\t\t#gallery-9 .gallery-item {\n\t\t\t\tfloat: left;\n\t\t\t\tmargin-top: 10px;\n\t\t\t\ttext-align: center;\n\t\t\t\twidth: 33%;\n\t\t\t}\n\t\t\t#gallery-9 img {\n\t\t\t\tborder: 2px solid #cfcfcf;\n\t\t\t}\n\t\t\t#gallery-9 .gallery-caption {\n\t\t\t\tmargin-left: 0;\n\t\t\t}\n\t\t\t\/* see gallery_shortcode() in wp-includes\/media.php *\/\n\t\t<\/style>\n\t\t<div id='gallery-9' class='gallery galleryid-34787 gallery-columns-3 gallery-size-thumbnail'><dl class='gallery-item'>\n\t\t\t<dt class='gallery-icon landscape'>\n\t\t\t\t<a href='https:\/\/mnlr.ro\/en\/cum-au-aratat-zilele-culturii-nationale-la-mnlr\/473575376_1022152773273599_3137538826550791034_n\/'><img loading=\"lazy\" decoding=\"async\" width=\"200\" height=\"200\" src=\"https:\/\/mnlr.ro\/wp-content\/uploads\/2025\/01\/473575376_1022152773273599_3137538826550791034_n-200x200.jpg\" class=\"attachment-thumbnail size-thumbnail\" alt=\"\" srcset=\"https:\/\/mnlr.ro\/wp-content\/uploads\/2025\/01\/473575376_1022152773273599_3137538826550791034_n-200x200.jpg 200w, https:\/\/mnlr.ro\/wp-content\/uploads\/2025\/01\/473575376_1022152773273599_3137538826550791034_n-150x150.jpg 150w\" sizes=\"auto, (max-width: 200px) 100vw, 200px\" \/><\/a>\n\t\t\t<\/dt><\/dl><dl class='gallery-item'>\n\t\t\t<dt class='gallery-icon landscape'>\n\t\t\t\t<a href='https:\/\/mnlr.ro\/en\/cum-au-aratat-zilele-culturii-nationale-la-mnlr\/473627650_1022152946606915_6266440765672284920_n\/'><img loading=\"lazy\" decoding=\"async\" width=\"200\" height=\"200\" src=\"https:\/\/mnlr.ro\/wp-content\/uploads\/2025\/01\/473627650_1022152946606915_6266440765672284920_n-200x200.jpg\" class=\"attachment-thumbnail size-thumbnail\" alt=\"\" srcset=\"https:\/\/mnlr.ro\/wp-content\/uploads\/2025\/01\/473627650_1022152946606915_6266440765672284920_n-200x200.jpg 200w, https:\/\/mnlr.ro\/wp-content\/uploads\/2025\/01\/473627650_1022152946606915_6266440765672284920_n-150x150.jpg 150w\" sizes=\"auto, (max-width: 200px) 100vw, 200px\" \/><\/a>\n\t\t\t<\/dt><\/dl><dl class='gallery-item'>\n\t\t\t<dt class='gallery-icon landscape'>\n\t\t\t\t<a href='https:\/\/mnlr.ro\/en\/cum-au-aratat-zilele-culturii-nationale-la-mnlr\/473718260_1022152649940278_4596286347893374246_n\/'><img loading=\"lazy\" decoding=\"async\" width=\"200\" height=\"200\" src=\"https:\/\/mnlr.ro\/wp-content\/uploads\/2025\/01\/473718260_1022152649940278_4596286347893374246_n-200x200.jpg\" class=\"attachment-thumbnail size-thumbnail\" alt=\"\" srcset=\"https:\/\/mnlr.ro\/wp-content\/uploads\/2025\/01\/473718260_1022152649940278_4596286347893374246_n-200x200.jpg 200w, https:\/\/mnlr.ro\/wp-content\/uploads\/2025\/01\/473718260_1022152649940278_4596286347893374246_n-150x150.jpg 150w\" sizes=\"auto, (max-width: 200px) 100vw, 200px\" \/><\/a>\n\t\t\t<\/dt><\/dl><br style=\"clear: both\" \/><dl class='gallery-item'>\n\t\t\t<dt class='gallery-icon landscape'>\n\t\t\t\t<a href='https:\/\/mnlr.ro\/en\/cum-au-aratat-zilele-culturii-nationale-la-mnlr\/473749432_1022152729940270_9026646893824696049_n\/'><img loading=\"lazy\" decoding=\"async\" width=\"200\" height=\"200\" src=\"https:\/\/mnlr.ro\/wp-content\/uploads\/2025\/01\/473749432_1022152729940270_9026646893824696049_n-200x200.jpg\" class=\"attachment-thumbnail size-thumbnail\" alt=\"\" srcset=\"https:\/\/mnlr.ro\/wp-content\/uploads\/2025\/01\/473749432_1022152729940270_9026646893824696049_n-200x200.jpg 200w, https:\/\/mnlr.ro\/wp-content\/uploads\/2025\/01\/473749432_1022152729940270_9026646893824696049_n-150x150.jpg 150w\" sizes=\"auto, (max-width: 200px) 100vw, 200px\" \/><\/a>\n\t\t\t<\/dt><\/dl><dl class='gallery-item'>\n\t\t\t<dt class='gallery-icon landscape'>\n\t\t\t\t<a href='https:\/\/mnlr.ro\/en\/cum-au-aratat-zilele-culturii-nationale-la-mnlr\/473733537_1022152799940263_1611296539818484460_n\/'><img loading=\"lazy\" decoding=\"async\" width=\"200\" height=\"200\" src=\"https:\/\/mnlr.ro\/wp-content\/uploads\/2025\/01\/473733537_1022152799940263_1611296539818484460_n-200x200.jpg\" class=\"attachment-thumbnail size-thumbnail\" alt=\"\" srcset=\"https:\/\/mnlr.ro\/wp-content\/uploads\/2025\/01\/473733537_1022152799940263_1611296539818484460_n-200x200.jpg 200w, https:\/\/mnlr.ro\/wp-content\/uploads\/2025\/01\/473733537_1022152799940263_1611296539818484460_n-150x150.jpg 150w\" sizes=\"auto, (max-width: 200px) 100vw, 200px\" \/><\/a>\n\t\t\t<\/dt><\/dl><dl class='gallery-item'>\n\t\t\t<dt class='gallery-icon landscape'>\n\t\t\t\t<a href='https:\/\/mnlr.ro\/en\/cum-au-aratat-zilele-culturii-nationale-la-mnlr\/473779180_1022153046606905_2637425073903990932_n\/'><img loading=\"lazy\" decoding=\"async\" width=\"200\" height=\"200\" src=\"https:\/\/mnlr.ro\/wp-content\/uploads\/2025\/01\/473779180_1022153046606905_2637425073903990932_n-200x200.jpg\" class=\"attachment-thumbnail size-thumbnail\" alt=\"\" srcset=\"https:\/\/mnlr.ro\/wp-content\/uploads\/2025\/01\/473779180_1022153046606905_2637425073903990932_n-200x200.jpg 200w, https:\/\/mnlr.ro\/wp-content\/uploads\/2025\/01\/473779180_1022153046606905_2637425073903990932_n-150x150.jpg 150w\" sizes=\"auto, (max-width: 200px) 100vw, 200px\" \/><\/a>\n\t\t\t<\/dt><\/dl><br style=\"clear: both\" \/><dl class='gallery-item'>\n\t\t\t<dt class='gallery-icon landscape'>\n\t\t\t\t<a href='https:\/\/mnlr.ro\/en\/cum-au-aratat-zilele-culturii-nationale-la-mnlr\/473739671_1022152903273586_4394795658150797730_n\/'><img loading=\"lazy\" decoding=\"async\" width=\"200\" height=\"200\" src=\"https:\/\/mnlr.ro\/wp-content\/uploads\/2025\/01\/473739671_1022152903273586_4394795658150797730_n-200x200.jpg\" class=\"attachment-thumbnail size-thumbnail\" alt=\"\" srcset=\"https:\/\/mnlr.ro\/wp-content\/uploads\/2025\/01\/473739671_1022152903273586_4394795658150797730_n-200x200.jpg 200w, https:\/\/mnlr.ro\/wp-content\/uploads\/2025\/01\/473739671_1022152903273586_4394795658150797730_n-150x150.jpg 150w\" sizes=\"auto, (max-width: 200px) 100vw, 200px\" \/><\/a>\n\t\t\t<\/dt><\/dl><dl class='gallery-item'>\n\t\t\t<dt class='gallery-icon landscape'>\n\t\t\t\t<a href='https:\/\/mnlr.ro\/en\/cum-au-aratat-zilele-culturii-nationale-la-mnlr\/473621138_1022152496606960_5381793010047377480_n\/'><img loading=\"lazy\" decoding=\"async\" width=\"200\" height=\"200\" src=\"https:\/\/mnlr.ro\/wp-content\/uploads\/2025\/01\/473621138_1022152496606960_5381793010047377480_n-200x200.jpg\" class=\"attachment-thumbnail size-thumbnail\" alt=\"\" srcset=\"https:\/\/mnlr.ro\/wp-content\/uploads\/2025\/01\/473621138_1022152496606960_5381793010047377480_n-200x200.jpg 200w, https:\/\/mnlr.ro\/wp-content\/uploads\/2025\/01\/473621138_1022152496606960_5381793010047377480_n-150x150.jpg 150w\" sizes=\"auto, (max-width: 200px) 100vw, 200px\" \/><\/a>\n\t\t\t<\/dt><\/dl><dl class='gallery-item'>\n\t\t\t<dt class='gallery-icon landscape'>\n\t\t\t\t<a href='https:\/\/mnlr.ro\/en\/cum-au-aratat-zilele-culturii-nationale-la-mnlr\/473756227_1022152493273627_663865320907872666_n\/'><img loading=\"lazy\" decoding=\"async\" width=\"200\" height=\"200\" src=\"https:\/\/mnlr.ro\/wp-content\/uploads\/2025\/01\/473756227_1022152493273627_663865320907872666_n-200x200.jpg\" class=\"attachment-thumbnail size-thumbnail\" alt=\"\" srcset=\"https:\/\/mnlr.ro\/wp-content\/uploads\/2025\/01\/473756227_1022152493273627_663865320907872666_n-200x200.jpg 200w, https:\/\/mnlr.ro\/wp-content\/uploads\/2025\/01\/473756227_1022152493273627_663865320907872666_n-150x150.jpg 150w\" sizes=\"auto, (max-width: 200px) 100vw, 200px\" \/><\/a>\n\t\t\t<\/dt><\/dl><br style=\"clear: both\" \/><dl class='gallery-item'>\n\t\t\t<dt class='gallery-icon landscape'>\n\t\t\t\t<a href='https:\/\/mnlr.ro\/en\/cum-au-aratat-zilele-culturii-nationale-la-mnlr\/473831854_1022152893273587_1907171738614737293_n\/'><img loading=\"lazy\" decoding=\"async\" width=\"200\" height=\"200\" src=\"https:\/\/mnlr.ro\/wp-content\/uploads\/2025\/01\/473831854_1022152893273587_1907171738614737293_n-200x200.jpg\" class=\"attachment-thumbnail size-thumbnail\" alt=\"\" srcset=\"https:\/\/mnlr.ro\/wp-content\/uploads\/2025\/01\/473831854_1022152893273587_1907171738614737293_n-200x200.jpg 200w, https:\/\/mnlr.ro\/wp-content\/uploads\/2025\/01\/473831854_1022152893273587_1907171738614737293_n-150x150.jpg 150w\" sizes=\"auto, (max-width: 200px) 100vw, 200px\" \/><\/a>\n\t\t\t<\/dt><\/dl><dl class='gallery-item'>\n\t\t\t<dt class='gallery-icon landscape'>\n\t\t\t\t<a href='https:\/\/mnlr.ro\/en\/cum-au-aratat-zilele-culturii-nationale-la-mnlr\/473782322_1022152499940293_147216274252398085_n\/'><img loading=\"lazy\" decoding=\"async\" width=\"200\" height=\"200\" src=\"https:\/\/mnlr.ro\/wp-content\/uploads\/2025\/01\/473782322_1022152499940293_147216274252398085_n-200x200.jpg\" class=\"attachment-thumbnail size-thumbnail\" alt=\"\" srcset=\"https:\/\/mnlr.ro\/wp-content\/uploads\/2025\/01\/473782322_1022152499940293_147216274252398085_n-200x200.jpg 200w, https:\/\/mnlr.ro\/wp-content\/uploads\/2025\/01\/473782322_1022152499940293_147216274252398085_n-150x150.jpg 150w\" sizes=\"auto, (max-width: 200px) 100vw, 200px\" \/><\/a>\n\t\t\t<\/dt><\/dl>\n\t\t\t<br style='clear: both' \/>\n\t\t<\/div>\n\n<p>&nbsp;<\/p>\n<p><iframe loading=\"lazy\" title=\"Expozi\u021bie \u201eOra\u0219ul scriitoarelor. Peisaj urban \u00een literatura scris\u0103 de femei\u201d\" width=\"500\" height=\"281\" src=\"https:\/\/www.youtube.com\/embed\/bchwj7IuTfI?feature=oembed\" frameborder=\"0\" allow=\"accelerometer; autoplay; clipboard-write; encrypted-media; gyroscope; picture-in-picture; web-share\" referrerpolicy=\"strict-origin-when-cross-origin\" allowfullscreen><\/iframe><\/p>\n<p><em>Credit foto, filmare \u0219i montaj: Alex Ursu<\/em><\/p>\n<p>___________<\/p>\n<p>Miercuri, 15 ianuarie 2025, de la ora 19.00, la Sediul MNLR, strada Nicolae Cre\u021bulescu 8, a avut loc un dialog Stere Gulea cu Radu Paraschivescu despre volumul <strong>\u201eScrisoare c\u0103tre nepoatele mele\u201d<\/strong>. O \u00eent\u00e2lnire-eveniment cu regizorul \u0219i scenaristul \ud835\udc12\ud835\udc2d\ud835\udc1e\ud835\udc2b\ud835\udc1e \ud835\udc06\ud835\udc2e\ud835\udc25\ud835\udc1e\ud835\udc1a, pornind de la volumul \u201eScrisoare c\u0103tre nepoatele mele: \u00censemn\u0103rile unui regizor\u201d, ap\u0103rut \u00een colec\u021bia \u201eMemorii\/Jurnale\u201c a Editurii Humanitas. Al\u0103turi de autor au fost prezen\u021bi scriitorul Radu Paraschivescu \u0219i actri\u021ba Olimpia Melinte, care o interpreteaz\u0103 pe Vera Solomon \u00een filmul Morome\u021bii 3, ultima parte a trilogiei bazat\u0103 pe romanele lui Marin Preda, recent ap\u0103rut \u00een regia lui Stere Gulea.<\/p>\n\n\t\t<style type=\"text\/css\">\n\t\t\t#gallery-10 {\n\t\t\t\tmargin: auto;\n\t\t\t}\n\t\t\t#gallery-10 .gallery-item {\n\t\t\t\tfloat: left;\n\t\t\t\tmargin-top: 10px;\n\t\t\t\ttext-align: center;\n\t\t\t\twidth: 33%;\n\t\t\t}\n\t\t\t#gallery-10 img {\n\t\t\t\tborder: 2px solid #cfcfcf;\n\t\t\t}\n\t\t\t#gallery-10 .gallery-caption {\n\t\t\t\tmargin-left: 0;\n\t\t\t}\n\t\t\t\/* see gallery_shortcode() in wp-includes\/media.php *\/\n\t\t<\/style>\n\t\t<div id='gallery-10' class='gallery galleryid-34787 gallery-columns-3 gallery-size-thumbnail'><dl class='gallery-item'>\n\t\t\t<dt class='gallery-icon landscape'>\n\t\t\t\t<a href='https:\/\/mnlr.ro\/en\/cum-au-aratat-zilele-culturii-nationale-la-mnlr\/473613908_1022155776606632_7801170814627301338_n\/'><img loading=\"lazy\" decoding=\"async\" width=\"200\" height=\"200\" src=\"https:\/\/mnlr.ro\/wp-content\/uploads\/2025\/01\/473613908_1022155776606632_7801170814627301338_n-200x200.jpg\" class=\"attachment-thumbnail size-thumbnail\" alt=\"\" srcset=\"https:\/\/mnlr.ro\/wp-content\/uploads\/2025\/01\/473613908_1022155776606632_7801170814627301338_n-200x200.jpg 200w, https:\/\/mnlr.ro\/wp-content\/uploads\/2025\/01\/473613908_1022155776606632_7801170814627301338_n-150x150.jpg 150w\" sizes=\"auto, (max-width: 200px) 100vw, 200px\" \/><\/a>\n\t\t\t<\/dt><\/dl><dl class='gallery-item'>\n\t\t\t<dt class='gallery-icon landscape'>\n\t\t\t\t<a href='https:\/\/mnlr.ro\/en\/cum-au-aratat-zilele-culturii-nationale-la-mnlr\/473689166_1022156276606582_5826198347381251696_n\/'><img loading=\"lazy\" decoding=\"async\" width=\"200\" height=\"200\" src=\"https:\/\/mnlr.ro\/wp-content\/uploads\/2025\/01\/473689166_1022156276606582_5826198347381251696_n-200x200.jpg\" class=\"attachment-thumbnail size-thumbnail\" alt=\"\" srcset=\"https:\/\/mnlr.ro\/wp-content\/uploads\/2025\/01\/473689166_1022156276606582_5826198347381251696_n-200x200.jpg 200w, https:\/\/mnlr.ro\/wp-content\/uploads\/2025\/01\/473689166_1022156276606582_5826198347381251696_n-150x150.jpg 150w\" sizes=\"auto, (max-width: 200px) 100vw, 200px\" \/><\/a>\n\t\t\t<\/dt><\/dl><dl class='gallery-item'>\n\t\t\t<dt class='gallery-icon landscape'>\n\t\t\t\t<a href='https:\/\/mnlr.ro\/en\/cum-au-aratat-zilele-culturii-nationale-la-mnlr\/473693386_1022155906606619_6289179411507088148_n\/'><img loading=\"lazy\" decoding=\"async\" width=\"200\" height=\"200\" src=\"https:\/\/mnlr.ro\/wp-content\/uploads\/2025\/01\/473693386_1022155906606619_6289179411507088148_n-200x200.jpg\" class=\"attachment-thumbnail size-thumbnail\" alt=\"\" srcset=\"https:\/\/mnlr.ro\/wp-content\/uploads\/2025\/01\/473693386_1022155906606619_6289179411507088148_n-200x200.jpg 200w, https:\/\/mnlr.ro\/wp-content\/uploads\/2025\/01\/473693386_1022155906606619_6289179411507088148_n-150x150.jpg 150w\" sizes=\"auto, (max-width: 200px) 100vw, 200px\" \/><\/a>\n\t\t\t<\/dt><\/dl><br style=\"clear: both\" \/><dl class='gallery-item'>\n\t\t\t<dt class='gallery-icon landscape'>\n\t\t\t\t<a href='https:\/\/mnlr.ro\/en\/cum-au-aratat-zilele-culturii-nationale-la-mnlr\/473718553_1022155779939965_1934282502540031084_n\/'><img loading=\"lazy\" decoding=\"async\" width=\"200\" height=\"200\" src=\"https:\/\/mnlr.ro\/wp-content\/uploads\/2025\/01\/473718553_1022155779939965_1934282502540031084_n-200x200.jpg\" class=\"attachment-thumbnail size-thumbnail\" alt=\"\" srcset=\"https:\/\/mnlr.ro\/wp-content\/uploads\/2025\/01\/473718553_1022155779939965_1934282502540031084_n-200x200.jpg 200w, https:\/\/mnlr.ro\/wp-content\/uploads\/2025\/01\/473718553_1022155779939965_1934282502540031084_n-150x150.jpg 150w\" sizes=\"auto, (max-width: 200px) 100vw, 200px\" \/><\/a>\n\t\t\t<\/dt><\/dl><dl class='gallery-item'>\n\t\t\t<dt class='gallery-icon landscape'>\n\t\t\t\t<a href='https:\/\/mnlr.ro\/en\/cum-au-aratat-zilele-culturii-nationale-la-mnlr\/473750621_1022156063273270_1191288264995476112_n\/'><img loading=\"lazy\" decoding=\"async\" width=\"200\" height=\"200\" src=\"https:\/\/mnlr.ro\/wp-content\/uploads\/2025\/01\/473750621_1022156063273270_1191288264995476112_n-200x200.jpg\" class=\"attachment-thumbnail size-thumbnail\" alt=\"\" srcset=\"https:\/\/mnlr.ro\/wp-content\/uploads\/2025\/01\/473750621_1022156063273270_1191288264995476112_n-200x200.jpg 200w, https:\/\/mnlr.ro\/wp-content\/uploads\/2025\/01\/473750621_1022156063273270_1191288264995476112_n-150x150.jpg 150w\" sizes=\"auto, (max-width: 200px) 100vw, 200px\" \/><\/a>\n\t\t\t<\/dt><\/dl><dl class='gallery-item'>\n\t\t\t<dt class='gallery-icon landscape'>\n\t\t\t\t<a href='https:\/\/mnlr.ro\/en\/cum-au-aratat-zilele-culturii-nationale-la-mnlr\/473793868_1022156186606591_1094699654045696122_n\/'><img loading=\"lazy\" decoding=\"async\" width=\"200\" height=\"200\" src=\"https:\/\/mnlr.ro\/wp-content\/uploads\/2025\/01\/473793868_1022156186606591_1094699654045696122_n-200x200.jpg\" class=\"attachment-thumbnail size-thumbnail\" alt=\"\" srcset=\"https:\/\/mnlr.ro\/wp-content\/uploads\/2025\/01\/473793868_1022156186606591_1094699654045696122_n-200x200.jpg 200w, https:\/\/mnlr.ro\/wp-content\/uploads\/2025\/01\/473793868_1022156186606591_1094699654045696122_n-150x150.jpg 150w\" sizes=\"auto, (max-width: 200px) 100vw, 200px\" \/><\/a>\n\t\t\t<\/dt><\/dl><br style=\"clear: both\" \/><dl class='gallery-item'>\n\t\t\t<dt class='gallery-icon landscape'>\n\t\t\t\t<a href='https:\/\/mnlr.ro\/en\/cum-au-aratat-zilele-culturii-nationale-la-mnlr\/473629278_1022156079939935_1026158699764778243_n\/'><img loading=\"lazy\" decoding=\"async\" width=\"200\" height=\"200\" src=\"https:\/\/mnlr.ro\/wp-content\/uploads\/2025\/01\/473629278_1022156079939935_1026158699764778243_n-200x200.jpg\" class=\"attachment-thumbnail size-thumbnail\" alt=\"\" srcset=\"https:\/\/mnlr.ro\/wp-content\/uploads\/2025\/01\/473629278_1022156079939935_1026158699764778243_n-200x200.jpg 200w, https:\/\/mnlr.ro\/wp-content\/uploads\/2025\/01\/473629278_1022156079939935_1026158699764778243_n-150x150.jpg 150w\" sizes=\"auto, (max-width: 200px) 100vw, 200px\" \/><\/a>\n\t\t\t<\/dt><\/dl><dl class='gallery-item'>\n\t\t\t<dt class='gallery-icon landscape'>\n\t\t\t\t<a href='https:\/\/mnlr.ro\/en\/cum-au-aratat-zilele-culturii-nationale-la-mnlr\/473756695_1022156193273257_3867379424227094218_n\/'><img loading=\"lazy\" decoding=\"async\" width=\"200\" height=\"200\" src=\"https:\/\/mnlr.ro\/wp-content\/uploads\/2025\/01\/473756695_1022156193273257_3867379424227094218_n-200x200.jpg\" class=\"attachment-thumbnail size-thumbnail\" alt=\"\" srcset=\"https:\/\/mnlr.ro\/wp-content\/uploads\/2025\/01\/473756695_1022156193273257_3867379424227094218_n-200x200.jpg 200w, https:\/\/mnlr.ro\/wp-content\/uploads\/2025\/01\/473756695_1022156193273257_3867379424227094218_n-150x150.jpg 150w\" sizes=\"auto, (max-width: 200px) 100vw, 200px\" \/><\/a>\n\t\t\t<\/dt><\/dl><dl class='gallery-item'>\n\t\t\t<dt class='gallery-icon landscape'>\n\t\t\t\t<a href='https:\/\/mnlr.ro\/en\/cum-au-aratat-zilele-culturii-nationale-la-mnlr\/473749665_1022156309939912_4723299200224112449_n\/'><img loading=\"lazy\" decoding=\"async\" width=\"200\" height=\"200\" src=\"https:\/\/mnlr.ro\/wp-content\/uploads\/2025\/01\/473749665_1022156309939912_4723299200224112449_n-200x200.jpg\" class=\"attachment-thumbnail size-thumbnail\" alt=\"\" srcset=\"https:\/\/mnlr.ro\/wp-content\/uploads\/2025\/01\/473749665_1022156309939912_4723299200224112449_n-200x200.jpg 200w, https:\/\/mnlr.ro\/wp-content\/uploads\/2025\/01\/473749665_1022156309939912_4723299200224112449_n-150x150.jpg 150w\" sizes=\"auto, (max-width: 200px) 100vw, 200px\" \/><\/a>\n\t\t\t<\/dt><\/dl><br style=\"clear: both\" \/><dl class='gallery-item'>\n\t\t\t<dt class='gallery-icon landscape'>\n\t\t\t\t<a href='https:\/\/mnlr.ro\/en\/cum-au-aratat-zilele-culturii-nationale-la-mnlr\/473620846_1022155766606633_1255745838267405257_n\/'><img loading=\"lazy\" decoding=\"async\" width=\"200\" height=\"200\" src=\"https:\/\/mnlr.ro\/wp-content\/uploads\/2025\/01\/473620846_1022155766606633_1255745838267405257_n-200x200.jpg\" class=\"attachment-thumbnail size-thumbnail\" alt=\"\" srcset=\"https:\/\/mnlr.ro\/wp-content\/uploads\/2025\/01\/473620846_1022155766606633_1255745838267405257_n-200x200.jpg 200w, https:\/\/mnlr.ro\/wp-content\/uploads\/2025\/01\/473620846_1022155766606633_1255745838267405257_n-150x150.jpg 150w\" sizes=\"auto, (max-width: 200px) 100vw, 200px\" \/><\/a>\n\t\t\t<\/dt><\/dl><dl class='gallery-item'>\n\t\t\t<dt class='gallery-icon landscape'>\n\t\t\t\t<a href='https:\/\/mnlr.ro\/en\/cum-au-aratat-zilele-culturii-nationale-la-mnlr\/473721857_1022156313273245_7269447315236038172_n\/'><img loading=\"lazy\" decoding=\"async\" width=\"200\" height=\"200\" src=\"https:\/\/mnlr.ro\/wp-content\/uploads\/2025\/01\/473721857_1022156313273245_7269447315236038172_n-200x200.jpg\" class=\"attachment-thumbnail size-thumbnail\" alt=\"\" srcset=\"https:\/\/mnlr.ro\/wp-content\/uploads\/2025\/01\/473721857_1022156313273245_7269447315236038172_n-200x200.jpg 200w, https:\/\/mnlr.ro\/wp-content\/uploads\/2025\/01\/473721857_1022156313273245_7269447315236038172_n-150x150.jpg 150w\" sizes=\"auto, (max-width: 200px) 100vw, 200px\" \/><\/a>\n\t\t\t<\/dt><\/dl><dl class='gallery-item'>\n\t\t\t<dt class='gallery-icon landscape'>\n\t\t\t\t<a href='https:\/\/mnlr.ro\/en\/cum-au-aratat-zilele-culturii-nationale-la-mnlr\/473779136_1022156406606569_8059851517296516383_n\/'><img loading=\"lazy\" decoding=\"async\" width=\"200\" height=\"200\" src=\"https:\/\/mnlr.ro\/wp-content\/uploads\/2025\/01\/473779136_1022156406606569_8059851517296516383_n-200x200.jpg\" class=\"attachment-thumbnail size-thumbnail\" alt=\"\" srcset=\"https:\/\/mnlr.ro\/wp-content\/uploads\/2025\/01\/473779136_1022156406606569_8059851517296516383_n-200x200.jpg 200w, https:\/\/mnlr.ro\/wp-content\/uploads\/2025\/01\/473779136_1022156406606569_8059851517296516383_n-150x150.jpg 150w\" sizes=\"auto, (max-width: 200px) 100vw, 200px\" \/><\/a>\n\t\t\t<\/dt><\/dl><br style=\"clear: both\" \/>\n\t\t<\/div>\n\n<p>&nbsp;<\/p>\n<p><iframe loading=\"lazy\" title=\"Dialog Stere Gulea cu Radu Paraschivescu despre volumul \u201eScrisoare c\u0103tre nepoatele mele\u201d\" width=\"500\" height=\"281\" src=\"https:\/\/www.youtube.com\/embed\/7qYh5BjKapQ?feature=oembed\" frameborder=\"0\" allow=\"accelerometer; autoplay; clipboard-write; encrypted-media; gyroscope; picture-in-picture; web-share\" referrerpolicy=\"strict-origin-when-cross-origin\" allowfullscreen><\/iframe><\/p>\n<p><em>Credit foto: Dan Marinescu<\/em><\/p>\n<p>_____________________<\/p>\n<p>Joi, 16 ianuarie 2025, ora 14.00, a avut loc \u00een\u00a0Ceain\u0103ria MNLR, strada Nicolae Cre\u021bulescu 8, un Atelier <strong>Eminescu \u00een benzi desenate<\/strong>. Coordonator: Mihai Gr\u0103jdeanu<\/p>\n<p>_______________________<\/p>\n<p>S\u00e2mb\u0103t\u0103, 18 ianuarie 2025, de la ora 16.00, la Sediul MNLR, strada Nicolae Cre\u021bulescu 8, a avut loc spectacolul de poezie <strong>\u201eNina\u201d<\/strong>, \u00een interpretarea actri\u021bei Rodica Mandache \u0219i a lui Cezar Antal. Ilustra\u021bie muzical\u0103 \u0219i regia Diana Mihailopol.\u00a0\u201eNina\u201d, un omagiu adus de c\u0103tre actri\u021ba Rodica Mandache celei care a fost Nina Cassian, la \u00eemplinirea unui veac de la na\u015fterea scriitoarei. \u201e\u00cemi place foarte mult Nina Cassian. Am iubit-o mult. Era ceva ca s\u0103 te bage \u00een seam\u0103 Nina Cassian, era o femeie foarte inteligent\u0103 \u0219i extrem de feminin\u0103, a\u0219a ur\u00e2t\u0103 cum era. Era mai feminin\u0103 dec\u00e2t aproape toat\u0103 lumea pe care am cunoscut-o\u201d, m\u0103rturise\u0219te actri\u021ba.<\/p>\n\n\t\t<style type=\"text\/css\">\n\t\t\t#gallery-11 {\n\t\t\t\tmargin: auto;\n\t\t\t}\n\t\t\t#gallery-11 .gallery-item {\n\t\t\t\tfloat: left;\n\t\t\t\tmargin-top: 10px;\n\t\t\t\ttext-align: center;\n\t\t\t\twidth: 33%;\n\t\t\t}\n\t\t\t#gallery-11 img {\n\t\t\t\tborder: 2px solid #cfcfcf;\n\t\t\t}\n\t\t\t#gallery-11 .gallery-caption {\n\t\t\t\tmargin-left: 0;\n\t\t\t}\n\t\t\t\/* see gallery_shortcode() in wp-includes\/media.php *\/\n\t\t<\/style>\n\t\t<div id='gallery-11' class='gallery galleryid-34787 gallery-columns-3 gallery-size-thumbnail'><dl class='gallery-item'>\n\t\t\t<dt class='gallery-icon landscape'>\n\t\t\t\t<a href='https:\/\/mnlr.ro\/en\/cum-au-aratat-zilele-culturii-nationale-la-mnlr\/473797035_1024127736409436_3691280286638148486_n\/'><img loading=\"lazy\" decoding=\"async\" width=\"200\" height=\"200\" src=\"https:\/\/mnlr.ro\/wp-content\/uploads\/2025\/01\/473797035_1024127736409436_3691280286638148486_n-200x200.jpg\" class=\"attachment-thumbnail size-thumbnail\" alt=\"\" srcset=\"https:\/\/mnlr.ro\/wp-content\/uploads\/2025\/01\/473797035_1024127736409436_3691280286638148486_n-200x200.jpg 200w, https:\/\/mnlr.ro\/wp-content\/uploads\/2025\/01\/473797035_1024127736409436_3691280286638148486_n-150x150.jpg 150w\" sizes=\"auto, (max-width: 200px) 100vw, 200px\" \/><\/a>\n\t\t\t<\/dt><\/dl><dl class='gallery-item'>\n\t\t\t<dt class='gallery-icon landscape'>\n\t\t\t\t<a href='https:\/\/mnlr.ro\/en\/cum-au-aratat-zilele-culturii-nationale-la-mnlr\/473734628_1024127603076116_2946024769864533653_n\/'><img loading=\"lazy\" decoding=\"async\" width=\"200\" height=\"200\" src=\"https:\/\/mnlr.ro\/wp-content\/uploads\/2025\/01\/473734628_1024127603076116_2946024769864533653_n-200x200.jpg\" class=\"attachment-thumbnail size-thumbnail\" alt=\"\" srcset=\"https:\/\/mnlr.ro\/wp-content\/uploads\/2025\/01\/473734628_1024127603076116_2946024769864533653_n-200x200.jpg 200w, https:\/\/mnlr.ro\/wp-content\/uploads\/2025\/01\/473734628_1024127603076116_2946024769864533653_n-150x150.jpg 150w\" sizes=\"auto, (max-width: 200px) 100vw, 200px\" \/><\/a>\n\t\t\t<\/dt><\/dl><dl class='gallery-item'>\n\t\t\t<dt class='gallery-icon landscape'>\n\t\t\t\t<a href='https:\/\/mnlr.ro\/en\/cum-au-aratat-zilele-culturii-nationale-la-mnlr\/473995054_1024127503076126_815763616368695680_n\/'><img loading=\"lazy\" decoding=\"async\" width=\"200\" height=\"200\" src=\"https:\/\/mnlr.ro\/wp-content\/uploads\/2025\/01\/473995054_1024127503076126_815763616368695680_n-200x200.jpg\" class=\"attachment-thumbnail size-thumbnail\" alt=\"\" srcset=\"https:\/\/mnlr.ro\/wp-content\/uploads\/2025\/01\/473995054_1024127503076126_815763616368695680_n-200x200.jpg 200w, https:\/\/mnlr.ro\/wp-content\/uploads\/2025\/01\/473995054_1024127503076126_815763616368695680_n-150x150.jpg 150w\" sizes=\"auto, (max-width: 200px) 100vw, 200px\" \/><\/a>\n\t\t\t<\/dt><\/dl><br style=\"clear: both\" \/><dl class='gallery-item'>\n\t\t\t<dt class='gallery-icon landscape'>\n\t\t\t\t<a href='https:\/\/mnlr.ro\/en\/cum-au-aratat-zilele-culturii-nationale-la-mnlr\/474186271_1024127509742792_1375299711338830535_n\/'><img loading=\"lazy\" decoding=\"async\" width=\"200\" height=\"200\" src=\"https:\/\/mnlr.ro\/wp-content\/uploads\/2025\/01\/474186271_1024127509742792_1375299711338830535_n-200x200.jpg\" class=\"attachment-thumbnail size-thumbnail\" alt=\"\" srcset=\"https:\/\/mnlr.ro\/wp-content\/uploads\/2025\/01\/474186271_1024127509742792_1375299711338830535_n-200x200.jpg 200w, https:\/\/mnlr.ro\/wp-content\/uploads\/2025\/01\/474186271_1024127509742792_1375299711338830535_n-150x150.jpg 150w\" sizes=\"auto, (max-width: 200px) 100vw, 200px\" \/><\/a>\n\t\t\t<\/dt><\/dl><dl class='gallery-item'>\n\t\t\t<dt class='gallery-icon landscape'>\n\t\t\t\t<a href='https:\/\/mnlr.ro\/en\/cum-au-aratat-zilele-culturii-nationale-la-mnlr\/474003026_1024127763076100_764008647576387718_n\/'><img loading=\"lazy\" decoding=\"async\" width=\"200\" height=\"200\" src=\"https:\/\/mnlr.ro\/wp-content\/uploads\/2025\/01\/474003026_1024127763076100_764008647576387718_n-200x200.jpg\" class=\"attachment-thumbnail size-thumbnail\" alt=\"\" srcset=\"https:\/\/mnlr.ro\/wp-content\/uploads\/2025\/01\/474003026_1024127763076100_764008647576387718_n-200x200.jpg 200w, https:\/\/mnlr.ro\/wp-content\/uploads\/2025\/01\/474003026_1024127763076100_764008647576387718_n-150x150.jpg 150w\" sizes=\"auto, (max-width: 200px) 100vw, 200px\" \/><\/a>\n\t\t\t<\/dt><\/dl><dl class='gallery-item'>\n\t\t\t<dt class='gallery-icon landscape'>\n\t\t\t\t<a href='https:\/\/mnlr.ro\/en\/cum-au-aratat-zilele-culturii-nationale-la-mnlr\/473741145_1024127483076128_2878592611801886161_n\/'><img loading=\"lazy\" decoding=\"async\" width=\"200\" height=\"200\" src=\"https:\/\/mnlr.ro\/wp-content\/uploads\/2025\/01\/473741145_1024127483076128_2878592611801886161_n-200x200.jpg\" class=\"attachment-thumbnail size-thumbnail\" alt=\"\" srcset=\"https:\/\/mnlr.ro\/wp-content\/uploads\/2025\/01\/473741145_1024127483076128_2878592611801886161_n-200x200.jpg 200w, https:\/\/mnlr.ro\/wp-content\/uploads\/2025\/01\/473741145_1024127483076128_2878592611801886161_n-150x150.jpg 150w\" sizes=\"auto, (max-width: 200px) 100vw, 200px\" \/><\/a>\n\t\t\t<\/dt><\/dl><br style=\"clear: both\" \/><dl class='gallery-item'>\n\t\t\t<dt class='gallery-icon landscape'>\n\t\t\t\t<a href='https:\/\/mnlr.ro\/en\/cum-au-aratat-zilele-culturii-nationale-la-mnlr\/474087847_1024127883076088_276225935533597968_n\/'><img loading=\"lazy\" decoding=\"async\" width=\"200\" height=\"200\" src=\"https:\/\/mnlr.ro\/wp-content\/uploads\/2025\/01\/474087847_1024127883076088_276225935533597968_n-200x200.jpg\" class=\"attachment-thumbnail size-thumbnail\" alt=\"\" srcset=\"https:\/\/mnlr.ro\/wp-content\/uploads\/2025\/01\/474087847_1024127883076088_276225935533597968_n-200x200.jpg 200w, https:\/\/mnlr.ro\/wp-content\/uploads\/2025\/01\/474087847_1024127883076088_276225935533597968_n-150x150.jpg 150w\" sizes=\"auto, (max-width: 200px) 100vw, 200px\" \/><\/a>\n\t\t\t<\/dt><\/dl><dl class='gallery-item'>\n\t\t\t<dt class='gallery-icon landscape'>\n\t\t\t\t<a href='https:\/\/mnlr.ro\/en\/cum-au-aratat-zilele-culturii-nationale-la-mnlr\/474086806_1024127853076091_1398938094303864169_n\/'><img loading=\"lazy\" decoding=\"async\" width=\"200\" height=\"200\" src=\"https:\/\/mnlr.ro\/wp-content\/uploads\/2025\/01\/474086806_1024127853076091_1398938094303864169_n-200x200.jpg\" class=\"attachment-thumbnail size-thumbnail\" alt=\"\" srcset=\"https:\/\/mnlr.ro\/wp-content\/uploads\/2025\/01\/474086806_1024127853076091_1398938094303864169_n-200x200.jpg 200w, https:\/\/mnlr.ro\/wp-content\/uploads\/2025\/01\/474086806_1024127853076091_1398938094303864169_n-150x150.jpg 150w\" sizes=\"auto, (max-width: 200px) 100vw, 200px\" \/><\/a>\n\t\t\t<\/dt><\/dl><dl class='gallery-item'>\n\t\t\t<dt class='gallery-icon landscape'>\n\t\t\t\t<a href='https:\/\/mnlr.ro\/en\/cum-au-aratat-zilele-culturii-nationale-la-mnlr\/474278323_1024127739742769_1519144969256925349_n\/'><img loading=\"lazy\" decoding=\"async\" width=\"200\" height=\"200\" src=\"https:\/\/mnlr.ro\/wp-content\/uploads\/2025\/01\/474278323_1024127739742769_1519144969256925349_n-200x200.jpg\" class=\"attachment-thumbnail size-thumbnail\" alt=\"\" srcset=\"https:\/\/mnlr.ro\/wp-content\/uploads\/2025\/01\/474278323_1024127739742769_1519144969256925349_n-200x200.jpg 200w, https:\/\/mnlr.ro\/wp-content\/uploads\/2025\/01\/474278323_1024127739742769_1519144969256925349_n-150x150.jpg 150w\" sizes=\"auto, (max-width: 200px) 100vw, 200px\" \/><\/a>\n\t\t\t<\/dt><\/dl><br style=\"clear: both\" \/><dl class='gallery-item'>\n\t\t\t<dt class='gallery-icon landscape'>\n\t\t\t\t<a href='https:\/\/mnlr.ro\/en\/cum-au-aratat-zilele-culturii-nationale-la-mnlr\/473771920_1024127386409471_491814265855455561_n\/'><img loading=\"lazy\" decoding=\"async\" width=\"200\" height=\"200\" src=\"https:\/\/mnlr.ro\/wp-content\/uploads\/2025\/01\/473771920_1024127386409471_491814265855455561_n-200x200.jpg\" class=\"attachment-thumbnail size-thumbnail\" alt=\"\" srcset=\"https:\/\/mnlr.ro\/wp-content\/uploads\/2025\/01\/473771920_1024127386409471_491814265855455561_n-200x200.jpg 200w, https:\/\/mnlr.ro\/wp-content\/uploads\/2025\/01\/473771920_1024127386409471_491814265855455561_n-150x150.jpg 150w\" sizes=\"auto, (max-width: 200px) 100vw, 200px\" \/><\/a>\n\t\t\t<\/dt><\/dl>\n\t\t\t<br style='clear: both' \/>\n\t\t<\/div>\n\n<p>&nbsp;<\/p>\n<p><iframe loading=\"lazy\" title=\"Spectacol de poezie Nina | Interpreteaz\u0103 Rodica Mandache \u0219i Cezar Antal\" width=\"500\" height=\"281\" src=\"https:\/\/www.youtube.com\/embed\/puNMZ4DpzVY?feature=oembed\" frameborder=\"0\" allow=\"accelerometer; autoplay; clipboard-write; encrypted-media; gyroscope; picture-in-picture; web-share\" referrerpolicy=\"strict-origin-when-cross-origin\" allowfullscreen><\/iframe><\/p>\n<p><em>Credit foto: Dan Marinescu<\/em><\/p>\n<p><em>Filmare \u0219i montaj: Alex Ursu<\/em><\/p>\n<p>_______________<\/p>\n<p>S\u00e2mb\u0103t\u0103, 18 ianuarie 2025, de la ora 17.00, la Sediul MNLR, Str. Nicolae Cre\u021bulescu 8, a avut loc vernisajul expozi\u021biei de poterie \u0219i bijuterie din material ceramic <strong>\u201ePoricale\u201d \u2013 Atelierul de por\u021belan<\/strong>. Atelierul de Por\u021belan a fost \u00eenfiin\u021bat \u00een anul 2015 de artista Mihaela Cherciu. De la \u00eenfiin\u021bare \u0219i p\u00e2n\u0103 ast\u0103zi au fost lansate peste 20 de colec\u021bii de bijuterii din por\u021belan, cu care artista a participat la numeroase t\u00e2rguri de design \u0219i expozi\u021bii.\u00a0Expozi\u021bia Poricale (poame) are ca inspira\u021bie mediul natural \u2013 diverse tipuri de fructe, realizate din por\u021belan prin diverse tehnici, glazurate \u0219i pictate cu aur coloidal \u0219i platin\u0103, care devin astfel obiecte de art\u0103 purtabil\u0103. Compozi\u021biile prezentate \u00een expozi\u021bie duc cu g\u00e2ndul la naturile statice ale lui Caravaggio, Gustave Courbet, Claude Monet sau Paul Cezanne.<\/p>\n<p>Artista Mihaela Cherciu a absolvit Universitatea Na\u021bional\u0103 de Arte Bucure\u0219ti \u00een anul 1998, la Sec\u021bia textile-design vestimentar, \u0219i a lucrat, at\u00e2t ca artist independent (tapiserie, pictur\u0103), c\u00e2t \u0219i ca scenograf, stilist, \u00een presa de specialitate, ulterior ca galerist \u0219i, \u00een ultimii zece ani, ca ceramist. \u00cen 2018 \u0219i 2021 a c\u00e2\u0219tigat dou\u0103 concursuri de design organizate de Muzeul Na\u021bional Cotroceni, \u00een cadrul proiectului Centenar Creativ, cu lucr\u0103rile Cocarda Junilor \u0219i Inima Rom\u00e2niei Mari.<\/p>\n<p>Expozi\u021bia poate fi vizitat\u0103 de mar\u021bi p\u00e2n\u0103 duminic\u0103, \u00een intervalul orar 10.00 \u2013 18.00.<\/p>\n<p>Detalii. https:\/\/www.atelieruldeportelan.ro; https:\/\/www.facebook.com\/atelieruldeportelan<\/p>\n\n\t\t<style type=\"text\/css\">\n\t\t\t#gallery-12 {\n\t\t\t\tmargin: auto;\n\t\t\t}\n\t\t\t#gallery-12 .gallery-item {\n\t\t\t\tfloat: left;\n\t\t\t\tmargin-top: 10px;\n\t\t\t\ttext-align: center;\n\t\t\t\twidth: 33%;\n\t\t\t}\n\t\t\t#gallery-12 img {\n\t\t\t\tborder: 2px solid #cfcfcf;\n\t\t\t}\n\t\t\t#gallery-12 .gallery-caption {\n\t\t\t\tmargin-left: 0;\n\t\t\t}\n\t\t\t\/* see gallery_shortcode() in wp-includes\/media.php *\/\n\t\t<\/style>\n\t\t<div id='gallery-12' class='gallery galleryid-34787 gallery-columns-3 gallery-size-thumbnail'><dl class='gallery-item'>\n\t\t\t<dt class='gallery-icon landscape'>\n\t\t\t\t<a href='https:\/\/mnlr.ro\/en\/cum-au-aratat-zilele-culturii-nationale-la-mnlr\/474189340_1024152129740330_1762091052707607787_n\/'><img loading=\"lazy\" decoding=\"async\" width=\"200\" height=\"200\" src=\"https:\/\/mnlr.ro\/wp-content\/uploads\/2025\/01\/474189340_1024152129740330_1762091052707607787_n-200x200.jpg\" class=\"attachment-thumbnail size-thumbnail\" alt=\"\" srcset=\"https:\/\/mnlr.ro\/wp-content\/uploads\/2025\/01\/474189340_1024152129740330_1762091052707607787_n-200x200.jpg 200w, https:\/\/mnlr.ro\/wp-content\/uploads\/2025\/01\/474189340_1024152129740330_1762091052707607787_n-150x150.jpg 150w\" sizes=\"auto, (max-width: 200px) 100vw, 200px\" \/><\/a>\n\t\t\t<\/dt><\/dl><dl class='gallery-item'>\n\t\t\t<dt class='gallery-icon landscape'>\n\t\t\t\t<a href='https:\/\/mnlr.ro\/en\/cum-au-aratat-zilele-culturii-nationale-la-mnlr\/473717175_1024152259740317_1247918822213950236_n\/'><img loading=\"lazy\" decoding=\"async\" width=\"200\" height=\"200\" src=\"https:\/\/mnlr.ro\/wp-content\/uploads\/2025\/01\/473717175_1024152259740317_1247918822213950236_n-200x200.jpg\" class=\"attachment-thumbnail size-thumbnail\" alt=\"\" srcset=\"https:\/\/mnlr.ro\/wp-content\/uploads\/2025\/01\/473717175_1024152259740317_1247918822213950236_n-200x200.jpg 200w, https:\/\/mnlr.ro\/wp-content\/uploads\/2025\/01\/473717175_1024152259740317_1247918822213950236_n-150x150.jpg 150w\" sizes=\"auto, (max-width: 200px) 100vw, 200px\" \/><\/a>\n\t\t\t<\/dt><\/dl><dl class='gallery-item'>\n\t\t\t<dt class='gallery-icon landscape'>\n\t\t\t\t<a href='https:\/\/mnlr.ro\/en\/cum-au-aratat-zilele-culturii-nationale-la-mnlr\/473739667_1024152116406998_1611028727377223409_n\/'><img loading=\"lazy\" decoding=\"async\" width=\"200\" height=\"200\" src=\"https:\/\/mnlr.ro\/wp-content\/uploads\/2025\/01\/473739667_1024152116406998_1611028727377223409_n-200x200.jpg\" class=\"attachment-thumbnail size-thumbnail\" alt=\"\" srcset=\"https:\/\/mnlr.ro\/wp-content\/uploads\/2025\/01\/473739667_1024152116406998_1611028727377223409_n-200x200.jpg 200w, https:\/\/mnlr.ro\/wp-content\/uploads\/2025\/01\/473739667_1024152116406998_1611028727377223409_n-150x150.jpg 150w\" sizes=\"auto, (max-width: 200px) 100vw, 200px\" \/><\/a>\n\t\t\t<\/dt><\/dl><br style=\"clear: both\" \/><dl class='gallery-item'>\n\t\t\t<dt class='gallery-icon landscape'>\n\t\t\t\t<a href='https:\/\/mnlr.ro\/en\/cum-au-aratat-zilele-culturii-nationale-la-mnlr\/473885988_1024152203073656_7105719054871106480_n\/'><img loading=\"lazy\" decoding=\"async\" width=\"200\" height=\"200\" src=\"https:\/\/mnlr.ro\/wp-content\/uploads\/2025\/01\/473885988_1024152203073656_7105719054871106480_n-200x200.jpg\" class=\"attachment-thumbnail size-thumbnail\" alt=\"\" srcset=\"https:\/\/mnlr.ro\/wp-content\/uploads\/2025\/01\/473885988_1024152203073656_7105719054871106480_n-200x200.jpg 200w, https:\/\/mnlr.ro\/wp-content\/uploads\/2025\/01\/473885988_1024152203073656_7105719054871106480_n-150x150.jpg 150w\" sizes=\"auto, (max-width: 200px) 100vw, 200px\" \/><\/a>\n\t\t\t<\/dt><\/dl><dl class='gallery-item'>\n\t\t\t<dt class='gallery-icon landscape'>\n\t\t\t\t<a href='https:\/\/mnlr.ro\/en\/cum-au-aratat-zilele-culturii-nationale-la-mnlr\/473814089_1024152256406984_6593244831858631349_n\/'><img loading=\"lazy\" decoding=\"async\" width=\"200\" height=\"200\" src=\"https:\/\/mnlr.ro\/wp-content\/uploads\/2025\/01\/473814089_1024152256406984_6593244831858631349_n-200x200.jpg\" class=\"attachment-thumbnail size-thumbnail\" alt=\"\" srcset=\"https:\/\/mnlr.ro\/wp-content\/uploads\/2025\/01\/473814089_1024152256406984_6593244831858631349_n-200x200.jpg 200w, https:\/\/mnlr.ro\/wp-content\/uploads\/2025\/01\/473814089_1024152256406984_6593244831858631349_n-150x150.jpg 150w\" sizes=\"auto, (max-width: 200px) 100vw, 200px\" \/><\/a>\n\t\t\t<\/dt><\/dl><dl class='gallery-item'>\n\t\t\t<dt class='gallery-icon landscape'>\n\t\t\t\t<a href='https:\/\/mnlr.ro\/en\/cum-au-aratat-zilele-culturii-nationale-la-mnlr\/474090959_1024152026407007_7686246696553453618_n\/'><img loading=\"lazy\" decoding=\"async\" width=\"200\" height=\"200\" src=\"https:\/\/mnlr.ro\/wp-content\/uploads\/2025\/01\/474090959_1024152026407007_7686246696553453618_n-200x200.jpg\" class=\"attachment-thumbnail size-thumbnail\" alt=\"\" srcset=\"https:\/\/mnlr.ro\/wp-content\/uploads\/2025\/01\/474090959_1024152026407007_7686246696553453618_n-200x200.jpg 200w, https:\/\/mnlr.ro\/wp-content\/uploads\/2025\/01\/474090959_1024152026407007_7686246696553453618_n-150x150.jpg 150w\" sizes=\"auto, (max-width: 200px) 100vw, 200px\" \/><\/a>\n\t\t\t<\/dt><\/dl><br style=\"clear: both\" \/>\n\t\t<\/div>\n\n<p><iframe loading=\"lazy\" title=\"Vernisaj expozi\u021bia de poterie \u0219i bijuterie din material ceramic \u201ePoricale\u201d \u2013 Atelierul de por\u021belan\" width=\"500\" height=\"281\" src=\"https:\/\/www.youtube.com\/embed\/4THR3-qX_jw?feature=oembed\" frameborder=\"0\" allow=\"accelerometer; autoplay; clipboard-write; encrypted-media; gyroscope; picture-in-picture; web-share\" referrerpolicy=\"strict-origin-when-cross-origin\" allowfullscreen><\/iframe><\/p>\n<p><em>Credit foto, filmare \u0219i montaj: Alex Ursu<\/em><\/p>\n<p>___________________<\/p>\n<p>S\u00e2mb\u0103t\u0103, 18 ianuarie 2025, de la ora 18.00, \u00een Sala Perpessicius, Sediul MNLR, strada Nicolae Cre\u021bulescu 8, a avut loc un <strong>Remember Ioan Petru Culianu<\/strong> la care au fost invita\u021bi \u0218erban Anghelescu, Victor Ivanovici (Zoom), Mircea Martin, Andrei Oi\u015fteanu, Horia-Roman Patapievici (Zoom), Raul Popescu, Dumitru Radu Popa. Moderator: C\u0103lin-Andrei Mih\u0103ilescu.<\/p>\n\n\t\t<style type=\"text\/css\">\n\t\t\t#gallery-13 {\n\t\t\t\tmargin: auto;\n\t\t\t}\n\t\t\t#gallery-13 .gallery-item {\n\t\t\t\tfloat: left;\n\t\t\t\tmargin-top: 10px;\n\t\t\t\ttext-align: center;\n\t\t\t\twidth: 33%;\n\t\t\t}\n\t\t\t#gallery-13 img {\n\t\t\t\tborder: 2px solid #cfcfcf;\n\t\t\t}\n\t\t\t#gallery-13 .gallery-caption {\n\t\t\t\tmargin-left: 0;\n\t\t\t}\n\t\t\t\/* see gallery_shortcode() in wp-includes\/media.php *\/\n\t\t<\/style>\n\t\t<div id='gallery-13' class='gallery galleryid-34787 gallery-columns-3 gallery-size-thumbnail'><dl class='gallery-item'>\n\t\t\t<dt class='gallery-icon landscape'>\n\t\t\t\t<a href='https:\/\/mnlr.ro\/en\/cum-au-aratat-zilele-culturii-nationale-la-mnlr\/473007469_1024178719737671_4157328303269533887_n\/'><img loading=\"lazy\" decoding=\"async\" width=\"200\" height=\"200\" src=\"https:\/\/mnlr.ro\/wp-content\/uploads\/2025\/01\/473007469_1024178719737671_4157328303269533887_n-200x200.jpg\" class=\"attachment-thumbnail size-thumbnail\" alt=\"\" srcset=\"https:\/\/mnlr.ro\/wp-content\/uploads\/2025\/01\/473007469_1024178719737671_4157328303269533887_n-200x200.jpg 200w, https:\/\/mnlr.ro\/wp-content\/uploads\/2025\/01\/473007469_1024178719737671_4157328303269533887_n-150x150.jpg 150w\" sizes=\"auto, (max-width: 200px) 100vw, 200px\" \/><\/a>\n\t\t\t<\/dt><\/dl><dl class='gallery-item'>\n\t\t\t<dt class='gallery-icon landscape'>\n\t\t\t\t<a href='https:\/\/mnlr.ro\/en\/cum-au-aratat-zilele-culturii-nationale-la-mnlr\/473714602_1024180033070873_7451903059629676090_n\/'><img loading=\"lazy\" decoding=\"async\" width=\"200\" height=\"200\" src=\"https:\/\/mnlr.ro\/wp-content\/uploads\/2025\/01\/473714602_1024180033070873_7451903059629676090_n-200x200.jpg\" class=\"attachment-thumbnail size-thumbnail\" alt=\"\" srcset=\"https:\/\/mnlr.ro\/wp-content\/uploads\/2025\/01\/473714602_1024180033070873_7451903059629676090_n-200x200.jpg 200w, https:\/\/mnlr.ro\/wp-content\/uploads\/2025\/01\/473714602_1024180033070873_7451903059629676090_n-150x150.jpg 150w\" sizes=\"auto, (max-width: 200px) 100vw, 200px\" \/><\/a>\n\t\t\t<\/dt><\/dl><dl class='gallery-item'>\n\t\t\t<dt class='gallery-icon landscape'>\n\t\t\t\t<a href='https:\/\/mnlr.ro\/en\/cum-au-aratat-zilele-culturii-nationale-la-mnlr\/474279914_1024178586404351_1412222386346579900_n\/'><img loading=\"lazy\" decoding=\"async\" width=\"200\" height=\"200\" src=\"https:\/\/mnlr.ro\/wp-content\/uploads\/2025\/01\/474279914_1024178586404351_1412222386346579900_n-200x200.jpg\" class=\"attachment-thumbnail size-thumbnail\" alt=\"\" srcset=\"https:\/\/mnlr.ro\/wp-content\/uploads\/2025\/01\/474279914_1024178586404351_1412222386346579900_n-200x200.jpg 200w, https:\/\/mnlr.ro\/wp-content\/uploads\/2025\/01\/474279914_1024178586404351_1412222386346579900_n-150x150.jpg 150w\" sizes=\"auto, (max-width: 200px) 100vw, 200px\" \/><\/a>\n\t\t\t<\/dt><\/dl><br style=\"clear: both\" \/><dl class='gallery-item'>\n\t\t\t<dt class='gallery-icon landscape'>\n\t\t\t\t<a href='https:\/\/mnlr.ro\/en\/cum-au-aratat-zilele-culturii-nationale-la-mnlr\/474227663_1024179689737574_2850569231148415762_n\/'><img loading=\"lazy\" decoding=\"async\" width=\"200\" height=\"200\" src=\"https:\/\/mnlr.ro\/wp-content\/uploads\/2025\/01\/474227663_1024179689737574_2850569231148415762_n-200x200.jpg\" class=\"attachment-thumbnail size-thumbnail\" alt=\"\" srcset=\"https:\/\/mnlr.ro\/wp-content\/uploads\/2025\/01\/474227663_1024179689737574_2850569231148415762_n-200x200.jpg 200w, https:\/\/mnlr.ro\/wp-content\/uploads\/2025\/01\/474227663_1024179689737574_2850569231148415762_n-150x150.jpg 150w\" sizes=\"auto, (max-width: 200px) 100vw, 200px\" \/><\/a>\n\t\t\t<\/dt><\/dl><dl class='gallery-item'>\n\t\t\t<dt class='gallery-icon landscape'>\n\t\t\t\t<a href='https:\/\/mnlr.ro\/en\/cum-au-aratat-zilele-culturii-nationale-la-mnlr\/474075336_1024178366404373_1710886248322666057_n\/'><img loading=\"lazy\" decoding=\"async\" width=\"200\" height=\"200\" src=\"https:\/\/mnlr.ro\/wp-content\/uploads\/2025\/01\/474075336_1024178366404373_1710886248322666057_n-200x200.jpg\" class=\"attachment-thumbnail size-thumbnail\" alt=\"\" srcset=\"https:\/\/mnlr.ro\/wp-content\/uploads\/2025\/01\/474075336_1024178366404373_1710886248322666057_n-200x200.jpg 200w, https:\/\/mnlr.ro\/wp-content\/uploads\/2025\/01\/474075336_1024178366404373_1710886248322666057_n-150x150.jpg 150w\" sizes=\"auto, (max-width: 200px) 100vw, 200px\" \/><\/a>\n\t\t\t<\/dt><\/dl><dl class='gallery-item'>\n\t\t\t<dt class='gallery-icon landscape'>\n\t\t\t\t<a href='https:\/\/mnlr.ro\/en\/cum-au-aratat-zilele-culturii-nationale-la-mnlr\/474133379_1024179866404223_7197260463144235211_n\/'><img loading=\"lazy\" decoding=\"async\" width=\"200\" height=\"200\" src=\"https:\/\/mnlr.ro\/wp-content\/uploads\/2025\/01\/474133379_1024179866404223_7197260463144235211_n-200x200.jpg\" class=\"attachment-thumbnail size-thumbnail\" alt=\"\" srcset=\"https:\/\/mnlr.ro\/wp-content\/uploads\/2025\/01\/474133379_1024179866404223_7197260463144235211_n-200x200.jpg 200w, https:\/\/mnlr.ro\/wp-content\/uploads\/2025\/01\/474133379_1024179866404223_7197260463144235211_n-150x150.jpg 150w\" sizes=\"auto, (max-width: 200px) 100vw, 200px\" \/><\/a>\n\t\t\t<\/dt><\/dl><br style=\"clear: both\" \/>\n\t\t<\/div>\n\n<p><iframe loading=\"lazy\" title=\"Remember Ioan Petru Culianu | 18 ianuarie 2025\" width=\"500\" height=\"281\" src=\"https:\/\/www.youtube.com\/embed\/vBItIyRdd34?feature=oembed\" frameborder=\"0\" allow=\"accelerometer; autoplay; clipboard-write; encrypted-media; gyroscope; picture-in-picture; web-share\" referrerpolicy=\"strict-origin-when-cross-origin\" allowfullscreen><\/iframe><\/p>\n<p><em>Credit foto, filmare \u0219i montaj: Alex Ursu<\/em><\/p>\n<p>_______________________<\/p>\n<p>Duminic\u0103, 19 ianuarie 2025, ora 10.00, dar \u0219i de la 12.30, la Sediul MNLR, str. Nicolae Cre\u021bulescu 8, au avut loc dou\u0103 Ateliere de educa\u021bie alternativ\u0103 prin art\u0103 performativ\u0103 (7 \u2013 9 ani) \u0219i (12 \u2013 15 ani). Coordonator: Diana Stancu<\/p>\n\n\t\t<style type=\"text\/css\">\n\t\t\t#gallery-14 {\n\t\t\t\tmargin: auto;\n\t\t\t}\n\t\t\t#gallery-14 .gallery-item {\n\t\t\t\tfloat: left;\n\t\t\t\tmargin-top: 10px;\n\t\t\t\ttext-align: center;\n\t\t\t\twidth: 33%;\n\t\t\t}\n\t\t\t#gallery-14 img {\n\t\t\t\tborder: 2px solid #cfcfcf;\n\t\t\t}\n\t\t\t#gallery-14 .gallery-caption {\n\t\t\t\tmargin-left: 0;\n\t\t\t}\n\t\t\t\/* see gallery_shortcode() in wp-includes\/media.php *\/\n\t\t<\/style>\n\t\t<div id='gallery-14' class='gallery galleryid-34787 gallery-columns-3 gallery-size-thumbnail'><dl class='gallery-item'>\n\t\t\t<dt class='gallery-icon landscape'>\n\t\t\t\t<a href='https:\/\/mnlr.ro\/en\/cum-au-aratat-zilele-culturii-nationale-la-mnlr\/473190070_1024745543014322_124263444297685982_n\/'><img loading=\"lazy\" decoding=\"async\" width=\"200\" height=\"200\" src=\"https:\/\/mnlr.ro\/wp-content\/uploads\/2025\/01\/473190070_1024745543014322_124263444297685982_n-200x200.jpg\" class=\"attachment-thumbnail size-thumbnail\" alt=\"\" srcset=\"https:\/\/mnlr.ro\/wp-content\/uploads\/2025\/01\/473190070_1024745543014322_124263444297685982_n-200x200.jpg 200w, https:\/\/mnlr.ro\/wp-content\/uploads\/2025\/01\/473190070_1024745543014322_124263444297685982_n-150x150.jpg 150w\" sizes=\"auto, (max-width: 200px) 100vw, 200px\" \/><\/a>\n\t\t\t<\/dt><\/dl><dl class='gallery-item'>\n\t\t\t<dt class='gallery-icon landscape'>\n\t\t\t\t<a href='https:\/\/mnlr.ro\/en\/cum-au-aratat-zilele-culturii-nationale-la-mnlr\/473372203_1024745503014326_3847576918214489497_n\/'><img loading=\"lazy\" decoding=\"async\" width=\"200\" height=\"200\" src=\"https:\/\/mnlr.ro\/wp-content\/uploads\/2025\/01\/473372203_1024745503014326_3847576918214489497_n-200x200.jpg\" class=\"attachment-thumbnail size-thumbnail\" alt=\"\" srcset=\"https:\/\/mnlr.ro\/wp-content\/uploads\/2025\/01\/473372203_1024745503014326_3847576918214489497_n-200x200.jpg 200w, https:\/\/mnlr.ro\/wp-content\/uploads\/2025\/01\/473372203_1024745503014326_3847576918214489497_n-150x150.jpg 150w\" sizes=\"auto, (max-width: 200px) 100vw, 200px\" \/><\/a>\n\t\t\t<\/dt><\/dl><dl class='gallery-item'>\n\t\t\t<dt class='gallery-icon landscape'>\n\t\t\t\t<a href='https:\/\/mnlr.ro\/en\/cum-au-aratat-zilele-culturii-nationale-la-mnlr\/473748703_1024745603014316_9075463877791105819_n\/'><img loading=\"lazy\" decoding=\"async\" width=\"200\" height=\"200\" src=\"https:\/\/mnlr.ro\/wp-content\/uploads\/2025\/01\/473748703_1024745603014316_9075463877791105819_n-200x200.jpg\" class=\"attachment-thumbnail size-thumbnail\" alt=\"\" srcset=\"https:\/\/mnlr.ro\/wp-content\/uploads\/2025\/01\/473748703_1024745603014316_9075463877791105819_n-200x200.jpg 200w, https:\/\/mnlr.ro\/wp-content\/uploads\/2025\/01\/473748703_1024745603014316_9075463877791105819_n-150x150.jpg 150w\" sizes=\"auto, (max-width: 200px) 100vw, 200px\" \/><\/a>\n\t\t\t<\/dt><\/dl><br style=\"clear: both\" \/><dl class='gallery-item'>\n\t\t\t<dt class='gallery-icon landscape'>\n\t\t\t\t<a href='https:\/\/mnlr.ro\/en\/cum-au-aratat-zilele-culturii-nationale-la-mnlr\/474243149_1024746573014219_6013849308858052865_n\/'><img loading=\"lazy\" decoding=\"async\" width=\"200\" height=\"200\" src=\"https:\/\/mnlr.ro\/wp-content\/uploads\/2025\/01\/474243149_1024746573014219_6013849308858052865_n-200x200.jpg\" class=\"attachment-thumbnail size-thumbnail\" alt=\"\" srcset=\"https:\/\/mnlr.ro\/wp-content\/uploads\/2025\/01\/474243149_1024746573014219_6013849308858052865_n-200x200.jpg 200w, https:\/\/mnlr.ro\/wp-content\/uploads\/2025\/01\/474243149_1024746573014219_6013849308858052865_n-150x150.jpg 150w\" sizes=\"auto, (max-width: 200px) 100vw, 200px\" \/><\/a>\n\t\t\t<\/dt><\/dl>\n\t\t\t<br style='clear: both' \/>\n\t\t<\/div>\n\n<p><em>Credit foto: Dan Marinescu<\/em><\/p>\n<p>_______________<\/p>\n<p>Duminic\u0103, 19 ianuarie 2025, de la ora 16.30, la\u00a0Sediul MNLR, str. Nicolae Cre\u021bulescu 8, a avut loc evenimentul <strong>Intersec\u021bii: poezia \u0219i artele vizuale. <\/strong>Invitate: Teodora Coman, Floarea \u021au\u021buianu, Ioana Iuna \u0218erban, Ana Toma \u0219i Elena Vl\u0103d\u0103reanu. Moderator: Vasile Gribincea<\/p>\n\n\t\t<style type=\"text\/css\">\n\t\t\t#gallery-15 {\n\t\t\t\tmargin: auto;\n\t\t\t}\n\t\t\t#gallery-15 .gallery-item {\n\t\t\t\tfloat: left;\n\t\t\t\tmargin-top: 10px;\n\t\t\t\ttext-align: center;\n\t\t\t\twidth: 33%;\n\t\t\t}\n\t\t\t#gallery-15 img {\n\t\t\t\tborder: 2px solid #cfcfcf;\n\t\t\t}\n\t\t\t#gallery-15 .gallery-caption {\n\t\t\t\tmargin-left: 0;\n\t\t\t}\n\t\t\t\/* see gallery_shortcode() in wp-includes\/media.php *\/\n\t\t<\/style>\n\t\t<div id='gallery-15' class='gallery galleryid-34787 gallery-columns-3 gallery-size-thumbnail'><dl class='gallery-item'>\n\t\t\t<dt class='gallery-icon landscape'>\n\t\t\t\t<a href='https:\/\/mnlr.ro\/en\/cum-au-aratat-zilele-culturii-nationale-la-mnlr\/471201608_1024877609667782_2904330833613655256_n\/'><img loading=\"lazy\" decoding=\"async\" width=\"200\" height=\"200\" src=\"https:\/\/mnlr.ro\/wp-content\/uploads\/2025\/01\/471201608_1024877609667782_2904330833613655256_n-200x200.jpg\" class=\"attachment-thumbnail size-thumbnail\" alt=\"\" srcset=\"https:\/\/mnlr.ro\/wp-content\/uploads\/2025\/01\/471201608_1024877609667782_2904330833613655256_n-200x200.jpg 200w, https:\/\/mnlr.ro\/wp-content\/uploads\/2025\/01\/471201608_1024877609667782_2904330833613655256_n-150x150.jpg 150w\" sizes=\"auto, (max-width: 200px) 100vw, 200px\" \/><\/a>\n\t\t\t<\/dt><\/dl><dl class='gallery-item'>\n\t\t\t<dt class='gallery-icon landscape'>\n\t\t\t\t<a href='https:\/\/mnlr.ro\/en\/cum-au-aratat-zilele-culturii-nationale-la-mnlr\/473319374_1024877753001101_6748163003180996490_n\/'><img loading=\"lazy\" decoding=\"async\" width=\"200\" height=\"200\" src=\"https:\/\/mnlr.ro\/wp-content\/uploads\/2025\/01\/473319374_1024877753001101_6748163003180996490_n-200x200.jpg\" class=\"attachment-thumbnail size-thumbnail\" alt=\"\" srcset=\"https:\/\/mnlr.ro\/wp-content\/uploads\/2025\/01\/473319374_1024877753001101_6748163003180996490_n-200x200.jpg 200w, https:\/\/mnlr.ro\/wp-content\/uploads\/2025\/01\/473319374_1024877753001101_6748163003180996490_n-150x150.jpg 150w\" sizes=\"auto, (max-width: 200px) 100vw, 200px\" \/><\/a>\n\t\t\t<\/dt><\/dl><dl class='gallery-item'>\n\t\t\t<dt class='gallery-icon landscape'>\n\t\t\t\t<a href='https:\/\/mnlr.ro\/en\/cum-au-aratat-zilele-culturii-nationale-la-mnlr\/473383747_1024877223001154_5022433466773469397_n\/'><img loading=\"lazy\" decoding=\"async\" width=\"200\" height=\"200\" src=\"https:\/\/mnlr.ro\/wp-content\/uploads\/2025\/01\/473383747_1024877223001154_5022433466773469397_n-200x200.jpg\" class=\"attachment-thumbnail size-thumbnail\" alt=\"\" srcset=\"https:\/\/mnlr.ro\/wp-content\/uploads\/2025\/01\/473383747_1024877223001154_5022433466773469397_n-200x200.jpg 200w, https:\/\/mnlr.ro\/wp-content\/uploads\/2025\/01\/473383747_1024877223001154_5022433466773469397_n-150x150.jpg 150w\" sizes=\"auto, (max-width: 200px) 100vw, 200px\" \/><\/a>\n\t\t\t<\/dt><\/dl><br style=\"clear: both\" \/><dl class='gallery-item'>\n\t\t\t<dt class='gallery-icon landscape'>\n\t\t\t\t<a href='https:\/\/mnlr.ro\/en\/cum-au-aratat-zilele-culturii-nationale-la-mnlr\/474009395_1024877556334454_8847356372824369335_n\/'><img loading=\"lazy\" decoding=\"async\" width=\"200\" height=\"200\" src=\"https:\/\/mnlr.ro\/wp-content\/uploads\/2025\/01\/474009395_1024877556334454_8847356372824369335_n-200x200.jpg\" class=\"attachment-thumbnail size-thumbnail\" alt=\"\" srcset=\"https:\/\/mnlr.ro\/wp-content\/uploads\/2025\/01\/474009395_1024877556334454_8847356372824369335_n-200x200.jpg 200w, https:\/\/mnlr.ro\/wp-content\/uploads\/2025\/01\/474009395_1024877556334454_8847356372824369335_n-150x150.jpg 150w\" sizes=\"auto, (max-width: 200px) 100vw, 200px\" \/><\/a>\n\t\t\t<\/dt><\/dl><dl class='gallery-item'>\n\t\t\t<dt class='gallery-icon landscape'>\n\t\t\t\t<a href='https:\/\/mnlr.ro\/en\/cum-au-aratat-zilele-culturii-nationale-la-mnlr\/474097945_1024877173001159_4131917296388193995_n\/'><img loading=\"lazy\" decoding=\"async\" width=\"200\" height=\"200\" src=\"https:\/\/mnlr.ro\/wp-content\/uploads\/2025\/01\/474097945_1024877173001159_4131917296388193995_n-200x200.jpg\" class=\"attachment-thumbnail size-thumbnail\" alt=\"\" srcset=\"https:\/\/mnlr.ro\/wp-content\/uploads\/2025\/01\/474097945_1024877173001159_4131917296388193995_n-200x200.jpg 200w, https:\/\/mnlr.ro\/wp-content\/uploads\/2025\/01\/474097945_1024877173001159_4131917296388193995_n-150x150.jpg 150w\" sizes=\"auto, (max-width: 200px) 100vw, 200px\" \/><\/a>\n\t\t\t<\/dt><\/dl><dl class='gallery-item'>\n\t\t\t<dt class='gallery-icon landscape'>\n\t\t\t\t<a href='https:\/\/mnlr.ro\/en\/cum-au-aratat-zilele-culturii-nationale-la-mnlr\/474045200_1024877283001148_6194005839618528470_n\/'><img loading=\"lazy\" decoding=\"async\" width=\"200\" height=\"200\" src=\"https:\/\/mnlr.ro\/wp-content\/uploads\/2025\/01\/474045200_1024877283001148_6194005839618528470_n-200x200.jpg\" class=\"attachment-thumbnail size-thumbnail\" alt=\"\" srcset=\"https:\/\/mnlr.ro\/wp-content\/uploads\/2025\/01\/474045200_1024877283001148_6194005839618528470_n-200x200.jpg 200w, https:\/\/mnlr.ro\/wp-content\/uploads\/2025\/01\/474045200_1024877283001148_6194005839618528470_n-150x150.jpg 150w\" sizes=\"auto, (max-width: 200px) 100vw, 200px\" \/><\/a>\n\t\t\t<\/dt><\/dl><br style=\"clear: both\" \/>\n\t\t<\/div>\n\n<p><iframe loading=\"lazy\" title=\"Intersec\u021bii: poezia \u0219i artele vizuale | 19 ianuarie 2025\" width=\"500\" height=\"281\" src=\"https:\/\/www.youtube.com\/embed\/X85KDYT9xFg?feature=oembed\" frameborder=\"0\" allow=\"accelerometer; autoplay; clipboard-write; encrypted-media; gyroscope; picture-in-picture; web-share\" referrerpolicy=\"strict-origin-when-cross-origin\" allowfullscreen><\/iframe><\/p>\n<p><em>Credit foto: Dan Marinescu<\/em><\/p>\n<p><em>Filmare \u0219i montaj: Alex Ursu<\/em><\/p>\n<p>_________<\/p>\n<p>Duminic\u0103, 19 ianuarie 2025, de la ora 18.00, la Sediul MNLR, strada Nicolae Cre\u021bulescu 8, a avut loc un <strong>Concert acustic folk-jazz<\/strong> C\u0103t\u0103lina Be\u021ba, al\u0103turi de Loreta Popa, care a citit din volumul ei de poezii \u201eSimplu\u201d, ap\u0103rut\u0103 anul trecut. O voce \u0219i o chitar\u0103, o voce \u0219i o inim\u0103. Un recital de folk-jazz acustic \u0219i poezie \u00een \u00eenchiderea Zilelor Culturii Na\u021bionale.<\/p>\n<p>&nbsp;<\/p>\n\n\t\t<style type=\"text\/css\">\n\t\t\t#gallery-16 {\n\t\t\t\tmargin: auto;\n\t\t\t}\n\t\t\t#gallery-16 .gallery-item {\n\t\t\t\tfloat: left;\n\t\t\t\tmargin-top: 10px;\n\t\t\t\ttext-align: center;\n\t\t\t\twidth: 33%;\n\t\t\t}\n\t\t\t#gallery-16 img {\n\t\t\t\tborder: 2px solid #cfcfcf;\n\t\t\t}\n\t\t\t#gallery-16 .gallery-caption {\n\t\t\t\tmargin-left: 0;\n\t\t\t}\n\t\t\t\/* see gallery_shortcode() in wp-includes\/media.php *\/\n\t\t<\/style>\n\t\t<div id='gallery-16' class='gallery galleryid-34787 gallery-columns-3 gallery-size-thumbnail'><dl class='gallery-item'>\n\t\t\t<dt class='gallery-icon landscape'>\n\t\t\t\t<a href='https:\/\/mnlr.ro\/en\/cum-au-aratat-zilele-culturii-nationale-la-mnlr\/474450651_1025019242986952_1190488482937858612_n\/'><img loading=\"lazy\" decoding=\"async\" width=\"200\" height=\"200\" src=\"https:\/\/mnlr.ro\/wp-content\/uploads\/2025\/01\/474450651_1025019242986952_1190488482937858612_n-200x200.jpg\" class=\"attachment-thumbnail size-thumbnail\" alt=\"\" srcset=\"https:\/\/mnlr.ro\/wp-content\/uploads\/2025\/01\/474450651_1025019242986952_1190488482937858612_n-200x200.jpg 200w, https:\/\/mnlr.ro\/wp-content\/uploads\/2025\/01\/474450651_1025019242986952_1190488482937858612_n-150x150.jpg 150w\" sizes=\"auto, (max-width: 200px) 100vw, 200px\" \/><\/a>\n\t\t\t<\/dt><\/dl><dl class='gallery-item'>\n\t\t\t<dt class='gallery-icon landscape'>\n\t\t\t\t<a href='https:\/\/mnlr.ro\/en\/cum-au-aratat-zilele-culturii-nationale-la-mnlr\/474178553_1025019162986960_7435108031072757856_n\/'><img loading=\"lazy\" decoding=\"async\" width=\"200\" height=\"200\" src=\"https:\/\/mnlr.ro\/wp-content\/uploads\/2025\/01\/474178553_1025019162986960_7435108031072757856_n-200x200.jpg\" class=\"attachment-thumbnail size-thumbnail\" alt=\"\" srcset=\"https:\/\/mnlr.ro\/wp-content\/uploads\/2025\/01\/474178553_1025019162986960_7435108031072757856_n-200x200.jpg 200w, https:\/\/mnlr.ro\/wp-content\/uploads\/2025\/01\/474178553_1025019162986960_7435108031072757856_n-150x150.jpg 150w\" sizes=\"auto, (max-width: 200px) 100vw, 200px\" \/><\/a>\n\t\t\t<\/dt><\/dl><dl class='gallery-item'>\n\t\t\t<dt class='gallery-icon landscape'>\n\t\t\t\t<a href='https:\/\/mnlr.ro\/en\/cum-au-aratat-zilele-culturii-nationale-la-mnlr\/473111185_1025016049653938_6556446095155857672_n\/'><img loading=\"lazy\" decoding=\"async\" width=\"200\" height=\"200\" src=\"https:\/\/mnlr.ro\/wp-content\/uploads\/2025\/01\/473111185_1025016049653938_6556446095155857672_n-200x200.jpg\" class=\"attachment-thumbnail size-thumbnail\" alt=\"\" srcset=\"https:\/\/mnlr.ro\/wp-content\/uploads\/2025\/01\/473111185_1025016049653938_6556446095155857672_n-200x200.jpg 200w, https:\/\/mnlr.ro\/wp-content\/uploads\/2025\/01\/473111185_1025016049653938_6556446095155857672_n-150x150.jpg 150w\" sizes=\"auto, (max-width: 200px) 100vw, 200px\" \/><\/a>\n\t\t\t<\/dt><\/dl><br style=\"clear: both\" \/><dl class='gallery-item'>\n\t\t\t<dt class='gallery-icon landscape'>\n\t\t\t\t<a href='https:\/\/mnlr.ro\/en\/cum-au-aratat-zilele-culturii-nationale-la-mnlr\/474091039_1025016079653935_4437382352496999509_n\/'><img loading=\"lazy\" decoding=\"async\" width=\"200\" height=\"200\" src=\"https:\/\/mnlr.ro\/wp-content\/uploads\/2025\/01\/474091039_1025016079653935_4437382352496999509_n-200x200.jpg\" class=\"attachment-thumbnail size-thumbnail\" alt=\"\" srcset=\"https:\/\/mnlr.ro\/wp-content\/uploads\/2025\/01\/474091039_1025016079653935_4437382352496999509_n-200x200.jpg 200w, https:\/\/mnlr.ro\/wp-content\/uploads\/2025\/01\/474091039_1025016079653935_4437382352496999509_n-150x150.jpg 150w\" sizes=\"auto, (max-width: 200px) 100vw, 200px\" \/><\/a>\n\t\t\t<\/dt><\/dl>\n\t\t\t<br style='clear: both' \/>\n\t\t<\/div>\n\n<p><iframe loading=\"lazy\" title=\"Concert acustic folk-jazz C\u0103t\u0103lina Be\u021ba | 19 ianuarie 2025\" width=\"500\" height=\"281\" src=\"https:\/\/www.youtube.com\/embed\/VCMseJW_DN4?feature=oembed\" frameborder=\"0\" allow=\"accelerometer; autoplay; clipboard-write; encrypted-media; gyroscope; picture-in-picture; web-share\" referrerpolicy=\"strict-origin-when-cross-origin\" allowfullscreen><\/iframe><\/p>\n<p><em>Credit foto, filmare \u0219i montaj: Alex Ursu<\/em><\/p>","protected":false},"excerpt":{"rendered":"<p>Miercuri, 15 ianuarie 2025, ora 10.00, \u00een Aula Academiei Rom\u00e2ne, Calea Victoriei 125, a fost prezentat\u0103 expozi\u021bia foto-documentar\u0103 Identitate rom\u00e2neasc\u0103\/Identitate&#8230;<\/p>","protected":false},"author":11,"featured_media":34895,"comment_status":"closed","ping_status":"closed","sticky":false,"template":"","format":"standard","meta":{"_exactmetrics_skip_tracking":false,"_exactmetrics_sitenote_active":false,"_exactmetrics_sitenote_note":"","_exactmetrics_sitenote_category":0,"footnotes":""},"categories":[9],"tags":[],"class_list":["post-34787","post","type-post","status-publish","format-standard","has-post-thumbnail","hentry","category-evenimente"],"_links":{"self":[{"href":"https:\/\/mnlr.ro\/en\/wp-json\/wp\/v2\/posts\/34787","targetHints":{"allow":["GET"]}}],"collection":[{"href":"https:\/\/mnlr.ro\/en\/wp-json\/wp\/v2\/posts"}],"about":[{"href":"https:\/\/mnlr.ro\/en\/wp-json\/wp\/v2\/types\/post"}],"author":[{"embeddable":true,"href":"https:\/\/mnlr.ro\/en\/wp-json\/wp\/v2\/users\/11"}],"replies":[{"embeddable":true,"href":"https:\/\/mnlr.ro\/en\/wp-json\/wp\/v2\/comments?post=34787"}],"version-history":[{"count":2,"href":"https:\/\/mnlr.ro\/en\/wp-json\/wp\/v2\/posts\/34787\/revisions"}],"predecessor-version":[{"id":34898,"href":"https:\/\/mnlr.ro\/en\/wp-json\/wp\/v2\/posts\/34787\/revisions\/34898"}],"wp:featuredmedia":[{"embeddable":true,"href":"https:\/\/mnlr.ro\/en\/wp-json\/wp\/v2\/media\/34895"}],"wp:attachment":[{"href":"https:\/\/mnlr.ro\/en\/wp-json\/wp\/v2\/media?parent=34787"}],"wp:term":[{"taxonomy":"category","embeddable":true,"href":"https:\/\/mnlr.ro\/en\/wp-json\/wp\/v2\/categories?post=34787"},{"taxonomy":"post_tag","embeddable":true,"href":"https:\/\/mnlr.ro\/en\/wp-json\/wp\/v2\/tags?post=34787"}],"curies":[{"name":"wp","href":"https:\/\/api.w.org\/{rel}","templated":true}]}}