{"id":34981,"date":"2025-01-28T12:15:43","date_gmt":"2025-01-28T10:15:43","guid":{"rendered":"https:\/\/mnlr.ro\/?p=34981"},"modified":"2025-01-28T12:15:43","modified_gmt":"2025-01-28T10:15:43","slug":"lansarea-antologiei-cum-am-devenit-feminista","status":"publish","type":"post","link":"https:\/\/mnlr.ro\/en\/lansarea-antologiei-cum-am-devenit-feminista\/","title":{"rendered":"Lansarea antologiei \u201eCum am devenit feminist\u0103\u201d"},"content":{"rendered":"<p>Muzeul Na\u021bional al Literaturii Rom\u00e2ne g\u0103zduie\u0219te joi, 6 februarie 2025, ora 18.00, lansare antologiei <em>Cum am devenit feminist\u0103<\/em>, coordonat\u0103 de Ionela B\u0103lu\u021b\u0103 \u0219i de Emanuela Ign\u0103\u021boiu-Sora, ap\u0103rut\u0103 la Editura Nemira.<\/p>\n<p>\u00centr-un spa\u021biu de referin\u021b\u0103 pentru cultura rom\u00e2n\u0103, Eli B\u0103dic\u0103, coordonatoarea imprintului n\u2019autor \u0219i moderatoarea evenimentului, v\u0103 a\u0219teapt\u0103 al\u0103turi de Ionela B\u0103lu\u021b\u0103, Emanuela Ign\u0103\u021boiu-Sora \u0219i o parte dintre autoarele care semneaz\u0103 textele antologiei la un dialog deschis despre con\u0219tientizare, solidaritate, \u00eenv\u0103\u021bare comun\u0103 \u0219i oglindire.<\/p>\n<p>Suntem oglinzi, conceptul \u00een jurul c\u0103ruia se articuleaz\u0103 comunicarea noastr\u0103 legat\u0103 de acest volum, pune accentul pe ideea c\u0103 st\u0103 \u00een puterea noastr\u0103 s\u0103 recunoa\u0219tem o (alt\u0103) femeie, s\u0103 o vedem cu adev\u0103rat, cu toate nuan\u021bele, dincolo de orice bariere dictate de normele sociale \u0219i de stereotipii construite de-a lungul secolelor.<\/p>\n<p><em>Despre antologie<\/em><br \/>\n<em>Cum am devenit feminist\u0103<\/em> este volumul care deschide o direc\u021bie nou\u0103 \u00een imprintul n&#8217;autor al editurii Nemira: n&#8217;autor de colec\u021bie, \u00een cadrul c\u0103reia vor ap\u0103rea volume colective tematice, antologii fie cu texte de fic\u021biune, fie de non-fic\u021biune, construite \u00een jurul unor subiecte care au relevan\u021b\u0103 pentru lumea \u00een care tr\u0103im. <em>Cum am devenit feminist\u0103<\/em> este o abordare contemporan\u0103 a feminismului \u0219i a necesit\u0103\u021bii acestuia \u00een lumea actual\u0103. Antologia include 23 de texte semnate de Ionela B\u0103lu\u021b\u0103, Oana B\u0103lu\u021b\u0103, Elena Brodeal\u0103, Silvia Burcea, Luciana Alexandra Ghica, Emanuela Ign\u0103\u021boiu-Sora, Ioana Ilie, Veronica Laz\u0103r, Mihaela Michailov, \u0218tefania Mihalache, Ioana Moro\u0219an, Diana Elena Neaga, Roxana-Magdalena Oprea, Liliana Popescu, Ema Prisca, Camelia Proca, Alina Purcaru, Andreea Rusu, C\u0103t\u0103lina Stanislav, Monica Tudorache, Miruna Vlada\/Miruna Butnaru Troncot\u0103, Andreea Voina, Ioana Ulmeanu.<\/p>\n<p>V\u0103 a\u0219tept\u0103m cu drag la acest eveniment, prin care ne propunem s\u0103 oglindim acele persoane, experien\u021be \u0219i spa\u021bii de \u00eenv\u0103\u021bare comun\u0103 care las\u0103 lumea \u00een urma noastr\u0103 un pic mai bun\u0103!<\/p>","protected":false},"excerpt":{"rendered":"<p>Muzeul Na\u021bional al Literaturii Rom\u00e2ne g\u0103zduie\u0219te joi, 6 februarie 2025, ora 18.00, lansare antologiei Cum am devenit feminist\u0103, coordonat\u0103 de&#8230;<\/p>","protected":false},"author":11,"featured_media":34982,"comment_status":"closed","ping_status":"closed","sticky":false,"template":"","format":"standard","meta":{"_exactmetrics_skip_tracking":false,"_exactmetrics_sitenote_active":false,"_exactmetrics_sitenote_note":"","_exactmetrics_sitenote_category":0,"footnotes":""},"categories":[9,21],"tags":[],"class_list":["post-34981","post","type-post","status-publish","format-standard","has-post-thumbnail","hentry","category-evenimente","category-lansari-de-carte"],"_links":{"self":[{"href":"https:\/\/mnlr.ro\/en\/wp-json\/wp\/v2\/posts\/34981","targetHints":{"allow":["GET"]}}],"collection":[{"href":"https:\/\/mnlr.ro\/en\/wp-json\/wp\/v2\/posts"}],"about":[{"href":"https:\/\/mnlr.ro\/en\/wp-json\/wp\/v2\/types\/post"}],"author":[{"embeddable":true,"href":"https:\/\/mnlr.ro\/en\/wp-json\/wp\/v2\/users\/11"}],"replies":[{"embeddable":true,"href":"https:\/\/mnlr.ro\/en\/wp-json\/wp\/v2\/comments?post=34981"}],"version-history":[{"count":1,"href":"https:\/\/mnlr.ro\/en\/wp-json\/wp\/v2\/posts\/34981\/revisions"}],"predecessor-version":[{"id":34983,"href":"https:\/\/mnlr.ro\/en\/wp-json\/wp\/v2\/posts\/34981\/revisions\/34983"}],"wp:featuredmedia":[{"embeddable":true,"href":"https:\/\/mnlr.ro\/en\/wp-json\/wp\/v2\/media\/34982"}],"wp:attachment":[{"href":"https:\/\/mnlr.ro\/en\/wp-json\/wp\/v2\/media?parent=34981"}],"wp:term":[{"taxonomy":"category","embeddable":true,"href":"https:\/\/mnlr.ro\/en\/wp-json\/wp\/v2\/categories?post=34981"},{"taxonomy":"post_tag","embeddable":true,"href":"https:\/\/mnlr.ro\/en\/wp-json\/wp\/v2\/tags?post=34981"}],"curies":[{"name":"wp","href":"https:\/\/api.w.org\/{rel}","templated":true}]}}