{"id":34991,"date":"2025-01-29T12:33:09","date_gmt":"2025-01-29T10:33:09","guid":{"rendered":"https:\/\/mnlr.ro\/?p=34991"},"modified":"2025-02-04T11:46:41","modified_gmt":"2025-02-04T09:46:41","slug":"atelierul-de-creatie-poezie-in-viata-12","status":"publish","type":"post","link":"https:\/\/mnlr.ro\/en\/atelierul-de-creatie-poezie-in-viata-12\/","title":{"rendered":"Atelierul de crea\u021bie Poezie \u00een via\u021b\u0103"},"content":{"rendered":"<p>S\u00e2mb\u0103t\u0103, <strong>1 februarie 2025<\/strong>, la sediul Muzeului Na\u021bional al Literaturii Rom\u00e2ne din Strada Nicolae Cre\u021bulescu nr. 8, \u00eentre orele\u00a0 <strong>14.00 -18.00<\/strong>, va avea loc Atelierul de crea\u021bie <em>Poezie \u00een via\u021b\u0103<\/em>, coordonat de Nina Vasile, care o va avea invitat\u0103 pe scriitoarea \u0219i jurnalista Loreta Popa.<\/p>\n<p><strong>Loreta Popa<\/strong> a lucrat la c\u00e2teva cotidiane \u0219i reviste importante (<em>Diminea\u0163a, Evenimentul Zilei, Metropolis, Adev\u0103rul \u0219i Revista Tango \u2013 Marea dragoste, Cariere<\/em>). A f\u0103cut parte din echipa <em>Edi\u021bii de Colec\u021bie<\/em> dedicat\u0103 personalit\u0103\u021bilor, de la <em>Jurnalul Na\u0163ional<\/em>, contribuind ea \u00eens\u0103\u0219i la via\u021ba cultural\u0103 a Rom\u00e2niei, red\u00e2nd memorabil, \u00een interviuri, mai recent \u00een cadrul podcast-ului \u201ePoezie \u0219i crea\u021bie\u201d, portrete ale unor mari arti\u0219ti sau oameni de cultur\u0103. Pot fi citite \u0219i \u00een cartea \u201e33\u201d &#8211; 2015 (interviuri cu 33 de mari personalit\u0103\u021bi, la Editura Tracus Arte). Este un suflet dedicat evenimentelor cultuale, astfel a promovat spectacole la Centrul Cultural European pentru UNESCO \u201eNicolae B\u0103lcescu\u201d, iar \u00een prezent, ca PR la Muzeul Na\u021bional al Literaturii Rom\u00e2ne, a colaborat la proiecte culturale precum <em>Festivalul Interna\u021bional de Poezie Bucure\u0219ti, Festivalul Capitalelor Na\u021biunilor Centenare, Zilele Culturii Na\u021bionale, Noaptea Muzeelor<\/em>. Realizeaz\u0103 lans\u0103ri de carte, colocvii, conferin\u021be, spectacole de teatru, evoc\u0103ri ale unor poe\u021bi importan\u021bi, concerte de muzic\u0103 folk sau de muzic\u0103 clasic\u0103, proiec\u021bii de film.<\/p>\n<p>\u00centre c\u0103r\u021bile publicate ale Loretei Popa sunt titluri de succes: \u201eScrisori pentru Ema\u201d, \u201ePovestea Lupului Albastru\u201d, \u201eScrisori de dragoste \u2013 Ast\u0103zi, Acum\u201d \u2013 2010 (Editura Mateia\u0219),\u00a0 \u201eC\u00e2ntecul culorii\u201d \u2013 2011 (Editura Neverland).<\/p>\n<p>Pentru <em>Atelierul de crea\u021bie Poezie \u00een via\u021b\u0103<\/em>, Ninei Vasile i-a atras aten\u021bia cel mai recent volum al Loretei Popa (ap\u0103rut anul trecut), numit chiar \u201eSimplu\u201d. Citind poemele \u0219i \u0219tiind c\u0103 a condus o vreme revista <em>Jurnal Spiritual,<\/em> coordonatoarea atelierului a avut o confirmare a faptului c\u0103 semnul spiritual este una din m\u0103rcile persoanei, dar \u0219i poeziei Loretei Popa. Este o prezen\u021b\u0103 discret\u0103 \u00een poezia actual\u0103 \u0219i miza pe care o propune nu este una la nivel de scriitur\u0103 revolu\u021bionar\u0103, ci, cu o con\u0219tiin\u021b\u0103 \u0219i intui\u021bie a bunei m\u0103suri, a unei \u00een\u021belepciuni parc\u0103 din poezia veche ancestral\u0103, anume cu o aparent\u0103 naivitate, deschide iriza\u021bii ale unor cuvinte poetice de duh. Simbolistica \u0219i tematica sunt simple \u2013 harul, darul, iubirea ca stare transfigurat\u0103, dincolo de absen\u021bele cotidiene &#8211; dar las\u0103 loc pentru nenum\u0103rate zone \u00een care cititorul se las\u0103 ca \u00eentr-un \u201elan de lini\u0219te\u201d cu mici revela\u021bii. O mi\u0219care delicat\u0103 a sufletului care atinge totul iar totul r\u0103spunde; rezultatul este o alchimie interioar\u0103 pe care o \u00eentrez\u0103rim \u00een actul poeziei ca atare: \u201everbele nu-s simple accesorii pentru m\u00e2na, g\u00e2t, cap sau um\u0103r\u201d (<em>O vreme<\/em>);\u00a0 \u201eNu cuv\u00e2ntul tace, ci lumina din el, atunci c\u00e2nd vrea s\u0103 fie m\u00e2ng\u00e2iat\u0103\u201d (<em>Dac\u0103 nu eu<\/em>). Acest experiment interior al fiin\u021bei care scrie o mi\u0219care a poeziei ce rafineaz\u0103 con\u0219tiin\u021ba este motivul pentru care Nina Vasile a putut s\u0103 o invite pe Loreta Popa \u00een <em>Atelierul de crea\u021bie poezie \u00een via\u021b\u0103<\/em>.<\/p>\n<p>Acest eveniment este accesibil pentru persoanele cu nevoi speciale (handicap fizic, vizual).<\/p>\n<p>Detalii:\u00a0<a href=\"https:\/\/www.facebook.com\/caleapoeziei\">https:\/\/www.facebook.com\/caleapoeziei<\/a><\/p>\n<p>Credit foto: Dan Marinescu<\/p>","protected":false},"excerpt":{"rendered":"<p>S\u00e2mb\u0103t\u0103, 1 februarie 2025, la sediul Muzeului Na\u021bional al Literaturii Rom\u00e2ne din Strada Nicolae Cre\u021bulescu nr. 8, \u00eentre orele\u00a0 14.00&#8230;<\/p>","protected":false},"author":13,"featured_media":34992,"comment_status":"closed","ping_status":"closed","sticky":false,"template":"","format":"standard","meta":{"_exactmetrics_skip_tracking":false,"_exactmetrics_sitenote_active":false,"_exactmetrics_sitenote_note":"","_exactmetrics_sitenote_category":0,"footnotes":""},"categories":[9],"tags":[],"class_list":["post-34991","post","type-post","status-publish","format-standard","has-post-thumbnail","hentry","category-evenimente"],"_links":{"self":[{"href":"https:\/\/mnlr.ro\/en\/wp-json\/wp\/v2\/posts\/34991","targetHints":{"allow":["GET"]}}],"collection":[{"href":"https:\/\/mnlr.ro\/en\/wp-json\/wp\/v2\/posts"}],"about":[{"href":"https:\/\/mnlr.ro\/en\/wp-json\/wp\/v2\/types\/post"}],"author":[{"embeddable":true,"href":"https:\/\/mnlr.ro\/en\/wp-json\/wp\/v2\/users\/13"}],"replies":[{"embeddable":true,"href":"https:\/\/mnlr.ro\/en\/wp-json\/wp\/v2\/comments?post=34991"}],"version-history":[{"count":12,"href":"https:\/\/mnlr.ro\/en\/wp-json\/wp\/v2\/posts\/34991\/revisions"}],"predecessor-version":[{"id":35052,"href":"https:\/\/mnlr.ro\/en\/wp-json\/wp\/v2\/posts\/34991\/revisions\/35052"}],"wp:featuredmedia":[{"embeddable":true,"href":"https:\/\/mnlr.ro\/en\/wp-json\/wp\/v2\/media\/34992"}],"wp:attachment":[{"href":"https:\/\/mnlr.ro\/en\/wp-json\/wp\/v2\/media?parent=34991"}],"wp:term":[{"taxonomy":"category","embeddable":true,"href":"https:\/\/mnlr.ro\/en\/wp-json\/wp\/v2\/categories?post=34991"},{"taxonomy":"post_tag","embeddable":true,"href":"https:\/\/mnlr.ro\/en\/wp-json\/wp\/v2\/tags?post=34991"}],"curies":[{"name":"wp","href":"https:\/\/api.w.org\/{rel}","templated":true}]}}