{"id":35016,"date":"2025-02-02T12:23:51","date_gmt":"2025-02-02T10:23:51","guid":{"rendered":"https:\/\/mnlr.ro\/?p=35016"},"modified":"2025-02-25T15:18:36","modified_gmt":"2025-02-25T13:18:36","slug":"lansarea-volumului-bazar-nicu-alifantis","status":"publish","type":"post","link":"https:\/\/mnlr.ro\/en\/lansarea-volumului-bazar-nicu-alifantis\/","title":{"rendered":"Lansarea volumului BAZAR \u2013 Nicu Alifantis"},"content":{"rendered":"<p>Muzeul Na\u021bional al Literaturii Rom\u00e2ne \u0219i Alifantis Music organizeaz\u0103 luni, 24 februarie 2025, ora 18.00, \u00een Sala Iosif Naghiu, Calea Grivi\u021bei 64-66, un eveniment de excep\u021bie, lansarea volumului BAZAR \u2013 Nicu Alifantis. Al\u0103turi de autor particip\u0103 Lucian Vasilescu, Lauren\u021biu-Ciprian Tudor \u0219i Fabian Anton. Amfitrion: Ioan Cristescu, directorul general al Muzeului Na\u021bional al Literaturii Rom\u00e2ne.<\/p>\n<p>Artistul Nicu Alifantis recunoa\u0219te c\u0103, indiferent de ce \u0163i se \u00eent\u00e2mpl\u0103 \u00een via\u0163\u0103, singurul capital acumulat este cel al \u00eent\u00e2lnirilor care \u00ee\u0219i las\u0103, mai mult sau mai pu\u0163in, amprenta. \u00cent\u00e2lnirile pe care le-a avut de-a lungul carierei sale cu poe\u0163i, scriitori, arti\u015fti plastici, scenografi, coregrafi, muzicieni, oameni politici, doctori, arhitec\u0163i au conturat clar pentru binecunoscutul artist ce \u00eenseamn\u0103 verticalitate, seriozitate, punctualitate, polite\u0163e, profesionalism, generozitate, credin\u0163a \u00een sine \u015fi \u00een oameni, dar mai ales, nevoia de cultur\u0103, permanenta \u015flefuire spiritual\u0103.<\/p>\n<p>Poetul Lucian Vasilescu scrie despre aceast\u0103 nou\u0103 apari\u021bie editorial\u0103 semnat\u0103 Nicu Alifantis: \u201e\u00centre timp, Nicu Alifantis a mai publicat c\u0103r\u0163i, a mai editat CD-uri cu muzici, a mai urcat pe scen\u0103, a mai bucurat ni\u015fte oameni. A\u015fa cum are s\u0103-i bucure \u015fi pe cei care vor \u00abvizita\u00bb Bazar-ul de fa\u0163\u0103 \u2013 o carte (nu peste tot comod\u0103) care ne reaminte\u015fte c\u00e2t suntem de noroco\u015fi s\u0103 fim contemporani cu un artist-de-pretutindeni cu raz\u0103 foarte lung\u0103 de ac\u0163iune.\u201d<\/p>\n<p>\u201eArti\u015ftii sunt o specie rar\u0103. Din acest motiv poate, ceilal\u0163i oameni \u00eei privesc ca pe ceva deosebit, greu de atins, greu de \u00een\u0163eles, greu de ajuns. Ei sunt un amestec de a\u015ftept\u0103ri, \u00eempliniri, emo\u0163ii, tr\u0103iri, speran\u0163e, surprize, promisiuni. Ei sunt aceia care uneori se \u00eentorc la r\u0103d\u0103cini, c\u0103l\u0103toresc \u00een timp \u015fi \u00eencearc\u0103 s\u0103 p\u0103trund\u0103 \u00een\u0163elesuri de nep\u0103truns cu mintea de acum. Unii tr\u0103iesc ast\u0103zi, al\u0163ii tr\u0103iesc ieri, unii sunt plini de via\u0163\u0103, al\u0163ii plini de nostalgii, unii s-au g\u0103sit pe sine, al\u0163ii sunt doar umbre mai mult sau mai pu\u0163in fericite, unii sunt contururi bine trasate, al\u0163ii sunt timide \u00eencerc\u0103ri ale unor m\u00e2ini tremur\u00e2nde, unii vor totul, al\u0163ii sunt \u00eentruchiparea bunului sim\u0163, unii ard p\u00e2n\u0103 la ultima pic\u0103tur\u0103, al\u0163ii \u015ftiu joaca cu focul. \u00cen rest sunet, lumini, paiete, sclipici, autografe, fani, orgolii, modestii, tr\u0103iri, falsit\u0103\u0163i, nisip, ap\u0103, v\u00e2nt\u2026 Dup\u0103 tot ce-a fost, r\u0103m\u00e2ne Artistul, fir de nisip, cernut cu grij\u0103 \u015fi l\u0103sat pe plaja pustie, printre scoici \u015fi alge, pentru a fi g\u0103sit, poate anul viitor, poate alt\u0103 dat\u0103, poate niciodat\u0103\u2026\u201d, m\u0103rturisea Nicu Alifantis \u00eentr-un interviu ap\u0103rut \u00een Jurnalul Na\u021bional \u00een 2013.<\/p>\n<p>Intrarea este liber\u0103.<\/p>\n<p>Acest eveniment este accesibil pentru persoanele cu nevoi speciale (handicap fizic, vizual).<br \/>\nV\u0103 a\u0219tept\u0103m!<\/p>\n<p><iframe loading=\"lazy\" title=\"Lansarea volumului BAZAR \u2013 Nicu Alifantis\" width=\"500\" height=\"281\" src=\"https:\/\/www.youtube.com\/embed\/7s8ihi3Oovc?feature=oembed\" frameborder=\"0\" allow=\"accelerometer; autoplay; clipboard-write; encrypted-media; gyroscope; picture-in-picture; web-share\" referrerpolicy=\"strict-origin-when-cross-origin\" allowfullscreen><\/iframe><\/p>\n<p>Credit foto: Dan Marinescu<\/p>\n<p>Filmare \u0219i montaj: Alex Ursu<\/p>","protected":false},"excerpt":{"rendered":"<p>Muzeul Na\u021bional al Literaturii Rom\u00e2ne \u0219i Alifantis Music organizeaz\u0103 luni, 24 februarie 2025, ora 18.00, \u00een Sala Iosif Naghiu, Calea&#8230;<\/p>","protected":false},"author":11,"featured_media":35017,"comment_status":"closed","ping_status":"closed","sticky":false,"template":"","format":"standard","meta":{"_exactmetrics_skip_tracking":false,"_exactmetrics_sitenote_active":false,"_exactmetrics_sitenote_note":"","_exactmetrics_sitenote_category":0,"footnotes":""},"categories":[9,21],"tags":[],"class_list":["post-35016","post","type-post","status-publish","format-standard","has-post-thumbnail","hentry","category-evenimente","category-lansari-de-carte"],"_links":{"self":[{"href":"https:\/\/mnlr.ro\/en\/wp-json\/wp\/v2\/posts\/35016","targetHints":{"allow":["GET"]}}],"collection":[{"href":"https:\/\/mnlr.ro\/en\/wp-json\/wp\/v2\/posts"}],"about":[{"href":"https:\/\/mnlr.ro\/en\/wp-json\/wp\/v2\/types\/post"}],"author":[{"embeddable":true,"href":"https:\/\/mnlr.ro\/en\/wp-json\/wp\/v2\/users\/11"}],"replies":[{"embeddable":true,"href":"https:\/\/mnlr.ro\/en\/wp-json\/wp\/v2\/comments?post=35016"}],"version-history":[{"count":3,"href":"https:\/\/mnlr.ro\/en\/wp-json\/wp\/v2\/posts\/35016\/revisions"}],"predecessor-version":[{"id":35231,"href":"https:\/\/mnlr.ro\/en\/wp-json\/wp\/v2\/posts\/35016\/revisions\/35231"}],"wp:featuredmedia":[{"embeddable":true,"href":"https:\/\/mnlr.ro\/en\/wp-json\/wp\/v2\/media\/35017"}],"wp:attachment":[{"href":"https:\/\/mnlr.ro\/en\/wp-json\/wp\/v2\/media?parent=35016"}],"wp:term":[{"taxonomy":"category","embeddable":true,"href":"https:\/\/mnlr.ro\/en\/wp-json\/wp\/v2\/categories?post=35016"},{"taxonomy":"post_tag","embeddable":true,"href":"https:\/\/mnlr.ro\/en\/wp-json\/wp\/v2\/tags?post=35016"}],"curies":[{"name":"wp","href":"https:\/\/api.w.org\/{rel}","templated":true}]}}