{"id":35076,"date":"2025-02-06T15:24:29","date_gmt":"2025-02-06T13:24:29","guid":{"rendered":"https:\/\/mnlr.ro\/?p=35076"},"modified":"2025-02-21T12:25:44","modified_gmt":"2025-02-21T10:25:44","slug":"memories-expozitie-de-obiecte-din-hartie","status":"publish","type":"post","link":"https:\/\/mnlr.ro\/en\/memories-expozitie-de-obiecte-din-hartie\/","title":{"rendered":"\u201eMemories\u201c, expozi\u021bie de obiecte din h\u00e2rtie"},"content":{"rendered":"<p>Muzeul Na\u021bional al Literaturii Rom\u00e2ne organizeaz\u0103, \u00een perioada 15 februarie \u2013 9 martie 2025, la sediul s\u0103u din strada Nicolae Cre\u021bulescu 8, expozi\u021bia \u201eMemories\u201c, realizat\u0103 de artista Nadia Ioan.<\/p>\n<p>Expozi\u021bia are ca surs\u0103 de inspira\u021bie amintirile proprii legate de str\u0103bunica, bunica \u0219i mama sa, care, de\u0219i trecute demult la cele ve\u0219nice, sunt \u020bnc\u0103 prezente \u020bntr-un dialog continuu cu artista, prin exemplele, sfaturile \u0219i pove\u0219tile lor de via\u021b\u0103.<\/p>\n<p>Obiectele expozi\u021bionale sunt realizate din paginile c\u0103r\u021bilor care i-au r\u0103mas mo\u0219tenire artistei de la femeile din familia sa, prezentate sub forma unor papirusuri care amintesc de case \u020bn care s-a citit, de romane desuete, de cutiile cu re\u021bete culinare fran\u021buze\u0219ti, de cutii cu scrisori vechi, de partituri muzicale la mod\u0103, de sticle pentru vin, toate mo\u0219tenite din perioada interbelic\u0103.<\/p>\n<p>\u201eMemories\u201c trateaz\u0103 un subiect intim al artistei \u0219i reprezint\u0103 un omagiu adus femeilor puternice \u015fi, \u00een acela\u0219i timp, o punere \u00een valoare a c\u0103r\u021bilor vechi ce nu trebuie uitate \u0219i ignorate.<\/p>\n<p>Expozi\u021bia va fi \u00eenso\u021bit\u0103 de lansarea publica\u021biei <em>Eterna prezen\u1e6d\u0103. Vocile femeilor din familia mea<\/em>\u201d, care cuprinde dialoguri ale artistei cu cele trei genera\u021bii de femei din familia sa \u0219i relat\u0103ri ale experien\u021belor tr\u0103ite de acestea \u00een vremuri demult apuse.<\/p>\n<p><strong>Nadia Ioan<\/strong> a absolvit \u00een 1981 Facultatea de Arte Plastice \u2013 sec\u021bia art\u0103 monumental\u0103, restaurare, conservare. Din 1982 este membr\u0103 a Uniunii Arti\u0219tilor Plastici, iar \u00een 1995 studiaz\u0103 la Ecole du Louvre, Paris, Departament Patrimoniu si Conservare. \u00cen 2007 ob\u021bine diploma de doctor \u00een arte vizuale la Universitatea Na\u0163ional\u0103 de Arte Bucure\u015fti. \u00centre 1978 \u2013 2020 realizeaz\u0103 expozi\u021bii personale \u00een Rom\u00e2nia, Italia, Fran\u021ba, Olanda, Austria, Germania. \u00cencep\u00e2nd cu 1979 \u015fi p\u00e2n\u0103 \u00een prezent particip\u0103 la majoritatea expozi\u021biilor anuale din \u0163ar\u0103 \u015fi de peste hotare, organizate de Uniunea Arti\u0219tilor Plastici din Rom\u00e2nia.<\/p>\n<p>\u00cen 1982 prime\u0219te Bursa Uniunii Arti\u015ftilor Plastici pentru pictur\u0103: \u00een 1992 &#8211; Premiul pentru pictur\u0103, Salonul de primavar\u0103 (Oficiul Na\u021bional pentru Documentare \u0219i Expozi\u021bii de Art\u0103), Galeriile Etaj 3\/4, Teatrul Na\u0163ional, Bucure\u015fti; \u00een 2001 &#8211; Premiul pentru lucrarea \u201eAutoportet \u2013 transformare, dedublare, multiplicare\u201c grupaj fotografic, acril, lucrare achizi\u0163ionat\u0103 de Muzeul Na\u0163ional de Art\u0103 Contemporan\u0103, Bucure\u015fti.<\/p>\n<p>De\u0163ine numeroase lucr\u0103rii \u00een colec\u0163ii particulare: Paris, Toulon, Hyeres, Dauxville, Lille, Lyon, Marsillia, Nisa \u2013 Fran\u0163a; Bruxelles \u2013 Belgia; M\u00fcnchen, K\u00f6ln, Berlin, Stuttgard, Dusseldorf, Essen \u2013 Germania; Milano, Roma, Ravena, Porto Fino, Vene\u0163ia \u2013 Italia; Organiza\u0163ia Na\u0163iunilor Unite Viena, Kaisersteinbruk \u2013 Austria; Moscova &#8211; Rusia; Ancara \u2013 Turcia; Toronto, Montreal \u2013 Canada; Bucure\u015fti, Cluj, Timi\u015foara \u2013 Romania.<\/p>\n<p><strong>Publica\u021bii<\/strong>: articol <em>Conservarea operelor de art\u0103 contemporan\u0103. \u015etiin\u0163\u0103 \u015fi art\u0103<\/em>, Revista Muzeelor,1998, pag.62-67; volum <em>DUBLUL &#8211; altEu<\/em>, Editura Muzeul Na\u021bional al Literaturii Rom\u00e2ne, noiembrie, 2000; articol <em>S\u00e2ngele unui poet \u2013 omagiu Jean Cocteau<\/em>, <em>Contrapunct<\/em> &#8211; revist\u0103 de literatur\u0103 \u015fi arte, nr.1-3, iulie, 2004, pag 18-19; studiul <em>Conceptul de dublu \u00een arta plastic\u0103. Aspecte ale dublului. Teoretizarea \u015fi reflectarea dublului \u00een art\u0103<\/em>, mai 2007; catalogul de prezentare a colec\u0163iilor Muzeului universitar de art\u0103 al UNA , editura Unarte, 2008; catalogul <em>La ruinurile unui muzeu<\/em> colec\u0163ia Kalinderu (\u00eempreun\u0103 cu Ruxandra Demetrescu), editura Unarte, 2010; catalogul <em>De la \u015ecoala de Belle Arte la Facultatea de Arte Frumoase, 1864-1948<\/em> (\u00eempreun\u0103 cu Ioana Beldiman), editura Unarte, 2014; catalogul <em>\u00cenv\u0103\u0163\u0103m\u00e2ntul artistic bucure\u015ftean \u015fi arta rom\u00e2neasc\u0103 dup\u0103 1950<\/em> (\u00eempreun\u0103 cu Adrian Gu\u021b\u0103), editura Unarte, 2015.<\/p>","protected":false},"excerpt":{"rendered":"<p>Muzeul Na\u021bional al Literaturii Rom\u00e2ne organizeaz\u0103, \u00een perioada 15 februarie \u2013 9 martie 2025, la sediul s\u0103u din strada Nicolae&#8230;<\/p>","protected":false},"author":13,"featured_media":35088,"comment_status":"closed","ping_status":"closed","sticky":false,"template":"","format":"standard","meta":{"_exactmetrics_skip_tracking":false,"_exactmetrics_sitenote_active":false,"_exactmetrics_sitenote_note":"","_exactmetrics_sitenote_category":0,"footnotes":""},"categories":[9,36,66],"tags":[],"class_list":["post-35076","post","type-post","status-publish","format-standard","has-post-thumbnail","hentry","category-evenimente","category-expozitii","category-expozitii-temporare-mnlr-str-nicolae-cretulescu-nr-8"],"_links":{"self":[{"href":"https:\/\/mnlr.ro\/en\/wp-json\/wp\/v2\/posts\/35076","targetHints":{"allow":["GET"]}}],"collection":[{"href":"https:\/\/mnlr.ro\/en\/wp-json\/wp\/v2\/posts"}],"about":[{"href":"https:\/\/mnlr.ro\/en\/wp-json\/wp\/v2\/types\/post"}],"author":[{"embeddable":true,"href":"https:\/\/mnlr.ro\/en\/wp-json\/wp\/v2\/users\/13"}],"replies":[{"embeddable":true,"href":"https:\/\/mnlr.ro\/en\/wp-json\/wp\/v2\/comments?post=35076"}],"version-history":[{"count":4,"href":"https:\/\/mnlr.ro\/en\/wp-json\/wp\/v2\/posts\/35076\/revisions"}],"predecessor-version":[{"id":35177,"href":"https:\/\/mnlr.ro\/en\/wp-json\/wp\/v2\/posts\/35076\/revisions\/35177"}],"wp:featuredmedia":[{"embeddable":true,"href":"https:\/\/mnlr.ro\/en\/wp-json\/wp\/v2\/media\/35088"}],"wp:attachment":[{"href":"https:\/\/mnlr.ro\/en\/wp-json\/wp\/v2\/media?parent=35076"}],"wp:term":[{"taxonomy":"category","embeddable":true,"href":"https:\/\/mnlr.ro\/en\/wp-json\/wp\/v2\/categories?post=35076"},{"taxonomy":"post_tag","embeddable":true,"href":"https:\/\/mnlr.ro\/en\/wp-json\/wp\/v2\/tags?post=35076"}],"curies":[{"name":"wp","href":"https:\/\/api.w.org\/{rel}","templated":true}]}}