{"id":35126,"date":"2025-02-14T13:05:56","date_gmt":"2025-02-14T11:05:56","guid":{"rendered":"https:\/\/mnlr.ro\/?p=35126"},"modified":"2025-02-14T13:08:09","modified_gmt":"2025-02-14T11:08:09","slug":"conferinta-mostenirea-culturala-a-romaniei-editia-i","status":"publish","type":"post","link":"https:\/\/mnlr.ro\/en\/conferinta-mostenirea-culturala-a-romaniei-editia-i\/","title":{"rendered":"CONFERIN\u021aA MO\u0218TENIREA CULTURAL\u0102 A ROM\u00c2NIEI, edi\u021bia I"},"content":{"rendered":"<p>Academia de Art\u0103 Handmade Bucure\u0219ti \u00een parteneriat cu Muzeul Na\u021bional al Literaturii Rom\u00e2ne organizeaz\u0103 prima edi\u021bie a conferin\u021bei \u201eMo\u0219tenirea cultural\u0103 a Rom\u00e2niei\u201d, care va avea loc mar\u021bi, 18 februarie a.c., ora 16.00, la sediul Editurii Muzeului Na\u021bional al Literaturii Rom\u00e2ne din Bucure\u0219ti, Calea Grivi\u021bei, nr. 64-66.<br \/>\nScopul principal al conferin\u021bei este de a cre\u0219te gradul de con\u0219tientizare \u0219i apreciere a diversit\u0103\u021bii culturale a Rom\u00e2niei, incluz\u00e2nd tradi\u021biile \u0219i obiceiurile populare, arta, literatura \u0219i arhitectura, fiind un prilej de a celebra \u0219i de a \u00een\u021belege mai bine bog\u0103\u021bia cultural\u0103 a \u021b\u0103rii noastre, inspir\u00e2ndu-ne s\u0103 o protej\u0103m \u0219i s\u0103 o transmitem genera\u021biilor viitoare.<br \/>\nAl\u0103turi de academicieni, exper\u021bi \u0219i oameni pasiona\u021bi de educa\u021bie \u0219i cultur\u0103, vom aborda teme relevante pentru a identifica \u0219i promova metode eficiente de conservare \u0219i valorificare a patrimoniului cultural.<br \/>\nDorim ca acest eveniment s\u0103 joace un rol crucial \u00een sensibilizarea publicului \u0219i \u00een promovarea valorilor culturale autohtone, aduc\u00e2ndu-ne astfel aportul la consolidarea identit\u0103\u021bii na\u021bionale \u0219i la p\u0103strarea unui patrimoniu care ne define\u0219te ca popor.<br \/>\nConferin\u021ba se \u00eenscrie \u00een seria de activit\u0103\u021bi \u0219i manifest\u0103ri ce contribuie la construirea brandului de \u021bar\u0103 Emblematic Rom\u00e2nia.<br \/>\nPrima edi\u021bie a conferin\u021bei \u201cMo\u0219tenirea cultural\u0103 a Rom\u00e2niei \u201ceste organizat\u0103 \u00een colaborare cu patronatul Organiza\u021bia Femeilor Antreprenor \u0219i Asocia\u021bia Solidaritate \u0219i Egalitate, implicarea mediului de afaceri \u0219i a societ\u0103\u021bii civile \u00een ac\u021biuni culturale fiind esen\u021bial\u0103 pentru atingerea obiectivelor propuse.<br \/>\nConferin\u021ba cuprinde o varietate de subiecte, fiecare abord\u00e2nd un aspect distinct al mo\u0219tenirii culturale rom\u00e2ne\u0219ti. Printre temele principale se num\u0103r\u0103:<br \/>\nEduca\u021bia Cultural\u0103 \u2013 care sunt modalit\u0103\u021bile prin care institu\u021biile pot integra informa\u021bii despre patrimoniul cultural \u00een programele lor \u0219i ce initiative ar putea s\u0103 conduc\u0103 la sporirea interesului tinerilor fa\u021b\u0103 de mo\u0219tenirea cultural\u0103.<br \/>\nPromovarea \u0219i Valorificarea Patrimoniului Cultural \u2013 ce programe \u0219i proiecte dezvolt\u0103 Ministerul Culturii \u0219i institu\u021biile de cultur\u0103; ce putem face pentru a aduce cultura rom\u00e2neasc\u0103 la loc de cinste.<\/p>\n<p>Conservarea Patrimoniului Cultural \u2013 care sunt metodele de conservare \u0219i restaurare a patrimoniului cultural \u0219i ce provoc\u0103ri \u00eent\u00e2mpin\u0103 exper\u021bii \u00een p\u0103strarea \u0219i protejarea artefactelor culturale.<br \/>\nLiteratura Rom\u00e2n\u0103 &#8211; un pilon important al culturii na\u021bionale, prin prisma operele marilor scriitori rom\u00e2ni, influen\u021bele literare interna\u021bionale asupra lor \u0219i impactul literaturii rom\u00e2ne asupra culturii mondiale.<br \/>\nArta \u0219i Me\u0219te\u0219ugurile Tradi\u021bionale &#8211; importan\u021ba transmiterii acestor cuno\u0219tin\u021be genera\u021biilor viitoare.<br \/>\nEvenimentul atrage o serie de invita\u021bi de onoare, inclusiv academicieni, arti\u0219ti, scriitori \u0219i reprezentan\u021bi ai institu\u021biilor culturale de prestigiu, care au o contribu\u021bie valoroas\u0103 la conservarea, promovarea \u0219i valorificarea patrimoniului cultural autohton.<br \/>\nPrintre vorbitorii prezen\u021bi la conferin\u021ba Mo\u0219tenirea cultural\u0103 a Rom\u00e2niei se num\u0103r\u0103:<br \/>\nAcademician Mircia Dumitrescu, prof. univ. dr., grafician, sculptor \u0219i pictor<br \/>\nAcademician Georgeta Filliti, membru de onoare al Academiei Rom\u00e2ne, istoric, cercet\u0103tor<br \/>\nVarujan Vosganian, scriitor, economist \u0219i om politic, Pre\u0219edinte al Uniunii Scriitorilor din Rom\u00e2nia<br \/>\nCamelia Botezatu, om de cultur\u0103, Pre\u0219edinta Emblematic Rom\u00e2nia, Director Editura Paideia, consilier in cadrul Departamentului pentru Dezvoltare Durabil\u0103 &#8211; Secretariatul General al Guvernului.<br \/>\nDalina B\u0103descu, pictor, critic \u0219i istoric de art\u0103, vice-pre\u0219edinte al Asocia\u021biei Exper\u021bilor \u0219i Evaluatorilor de Art\u0103 din Rom\u00e2nia<br \/>\nAda Vertan, produc\u0103tor \u0219i regizor de film \u0219i televiziune, jurnalist, editor de c\u0103r\u021bi \u0219i reviste, poet\u0103<br \/>\nElena Olariu, doctor \u00een istorie, Director Adjunct Muzeul Municipiului Bucure\u0219ti, expert atestat pentru bunuri cu valoare artistic\u0103<br \/>\nConferin\u021ba va fi moderat\u0103 de jurnalistele Mioara Iofciulescu \u0219i Cristina Turnagiu Dragna.<br \/>\nParticiparea la conferin\u021b\u0103 este gratuit\u0103, \u00een baza confirm\u0103rii prealabile \u0219i \u00een limita locurilor disponibile \u00een sala Teatrului Dramaturgilor \u2013 Calea Grivi\u021bei, nr. 64-66, sector 1, Bucure\u0219ti.<br \/>\nCoresponden\u021ba pentru confirmare se poate face prin e-mail, la dresa: academiahandmade@gmail.com.<\/p>","protected":false},"excerpt":{"rendered":"<p>Academia de Art\u0103 Handmade Bucure\u0219ti \u00een parteneriat cu Muzeul Na\u021bional al Literaturii Rom\u00e2ne organizeaz\u0103 prima edi\u021bie a conferin\u021bei \u201eMo\u0219tenirea cultural\u0103&#8230;<\/p>","protected":false},"author":13,"featured_media":35127,"comment_status":"closed","ping_status":"closed","sticky":false,"template":"","format":"standard","meta":{"_exactmetrics_skip_tracking":false,"_exactmetrics_sitenote_active":false,"_exactmetrics_sitenote_note":"","_exactmetrics_sitenote_category":0,"footnotes":""},"categories":[9],"tags":[],"class_list":["post-35126","post","type-post","status-publish","format-standard","has-post-thumbnail","hentry","category-evenimente"],"_links":{"self":[{"href":"https:\/\/mnlr.ro\/en\/wp-json\/wp\/v2\/posts\/35126","targetHints":{"allow":["GET"]}}],"collection":[{"href":"https:\/\/mnlr.ro\/en\/wp-json\/wp\/v2\/posts"}],"about":[{"href":"https:\/\/mnlr.ro\/en\/wp-json\/wp\/v2\/types\/post"}],"author":[{"embeddable":true,"href":"https:\/\/mnlr.ro\/en\/wp-json\/wp\/v2\/users\/13"}],"replies":[{"embeddable":true,"href":"https:\/\/mnlr.ro\/en\/wp-json\/wp\/v2\/comments?post=35126"}],"version-history":[{"count":3,"href":"https:\/\/mnlr.ro\/en\/wp-json\/wp\/v2\/posts\/35126\/revisions"}],"predecessor-version":[{"id":35130,"href":"https:\/\/mnlr.ro\/en\/wp-json\/wp\/v2\/posts\/35126\/revisions\/35130"}],"wp:featuredmedia":[{"embeddable":true,"href":"https:\/\/mnlr.ro\/en\/wp-json\/wp\/v2\/media\/35127"}],"wp:attachment":[{"href":"https:\/\/mnlr.ro\/en\/wp-json\/wp\/v2\/media?parent=35126"}],"wp:term":[{"taxonomy":"category","embeddable":true,"href":"https:\/\/mnlr.ro\/en\/wp-json\/wp\/v2\/categories?post=35126"},{"taxonomy":"post_tag","embeddable":true,"href":"https:\/\/mnlr.ro\/en\/wp-json\/wp\/v2\/tags?post=35126"}],"curies":[{"name":"wp","href":"https:\/\/api.w.org\/{rel}","templated":true}]}}