{"id":35147,"date":"2025-02-19T13:54:59","date_gmt":"2025-02-19T11:54:59","guid":{"rendered":"https:\/\/mnlr.ro\/?p=35147"},"modified":"2025-02-19T13:54:59","modified_gmt":"2025-02-19T11:54:59","slug":"book-as-ex-tension","status":"publish","type":"post","link":"https:\/\/mnlr.ro\/en\/book-as-ex-tension\/","title":{"rendered":"Book as EX-Tension"},"content":{"rendered":"<p>Muzeul Na\u021bional al Literaturii Rom\u00e2ne v\u0103 invit\u0103 mar\u021bi, 25 februarie 2025, la ora 18.00, la vernisajul expozi\u021biei Book as EX-Tension \u2013 European International Art Biennale \u2013 Students and Young Artists, organizat\u0103 de Dorothea Fleiss &amp; East West Artist E.V. Dresden (Germania), la sediul MNLR din Calea Grivi\u021bei 64 &#8211; 66.<\/p>\n<p>Prezint\u0103: Ana Negoi\u021b\u0103, istoric de art\u0103.<\/p>\n<p>\u201eCartea are o istorie \u0219i o tradi\u021bie \u00eendelungate \u0219i a fost \u0219i este o inspira\u021bie continu\u0103 pentru arti\u0219ti, chiar dac\u0103, de la \u00eenceputul secolului al XX-lea, a \u00eenceput s\u0103 dispar\u0103 ca obiect, transfer\u00e2ndu-se din ce \u00een ce mai mult \u00een mediul virtual. Acesta este probabil unul dintre motivele pentru care arti\u0219tii sunt\u00a0din ce \u00een ce mai\u00a0interesa\u021bi \u00een a p\u0103stra memoria acestui obiect, prin transformarea sa \u00eentr-unul artistic, care devine \u00een timp obiect de patrimoniu \u0219i se p\u0103streaz\u0103 astfel \u00een memoria colectiv\u0103.<\/p>\n<p>Cartea-obiect\/cartea de artist este un mediu care permite artistului libertate maxim\u0103 de exprimare, prin forme \u0219i metode diverse \u0219i prin alegerea tehnicilor \u0219i a diferitelor materiale: de la h\u00e2rtie lucrat\u0103 manual la textile, metal, sticl\u0103 sau ceramic\u0103.<\/p>\n<p>Cartea obiect\/cartea de artist trateaz\u0103, printre altele, o tem\u0103 deosebit de important\u0103 \u0219i anume rela\u021bia dintre text\/literatur\u0103 \u0219i pictur\u0103\/instala\u021bie. Este un domeniu fascinant care cuprinde o gam\u0103 larg\u0103 de expresii artistice, o multitudine de influen\u021be \u0219i tendin\u021be.<\/p>\n<p>\u00cen arta contemporan\u0103, cartea-obiect este o form\u0103\u00a0de dinamic\u0103 \u0219i art\u0103 vie,\u00a0care evolueaz\u0103 constant. A devenit o parte important\u0103 a scenei artei contemporane \u0219i merit\u0103 s\u0103 fie descoperit\u0103 \u0219i apreciat\u0103,\u201d\u00a0afirm\u0103\u00a0Dorothea Fleiss.<\/p>\n<p>Expozi\u021bia va fi deschis\u0103 \u00een perioada 25 februarie &#8211; 2 martie 2025, de mar\u021bi p\u00e2n\u0103 s\u00e2mb\u0103t\u0103, \u00een intervalul orar 12.00 \u2013 20.00.<\/p>","protected":false},"excerpt":{"rendered":"<p>Muzeul Na\u021bional al Literaturii Rom\u00e2ne v\u0103 invit\u0103 mar\u021bi, 25 februarie 2025, la ora 18.00, la vernisajul expozi\u021biei Book as EX-Tension&#8230;<\/p>","protected":false},"author":13,"featured_media":35148,"comment_status":"closed","ping_status":"closed","sticky":false,"template":"","format":"standard","meta":{"_exactmetrics_skip_tracking":false,"_exactmetrics_sitenote_active":false,"_exactmetrics_sitenote_note":"","_exactmetrics_sitenote_category":0,"footnotes":""},"categories":[9],"tags":[],"class_list":["post-35147","post","type-post","status-publish","format-standard","has-post-thumbnail","hentry","category-evenimente"],"_links":{"self":[{"href":"https:\/\/mnlr.ro\/en\/wp-json\/wp\/v2\/posts\/35147","targetHints":{"allow":["GET"]}}],"collection":[{"href":"https:\/\/mnlr.ro\/en\/wp-json\/wp\/v2\/posts"}],"about":[{"href":"https:\/\/mnlr.ro\/en\/wp-json\/wp\/v2\/types\/post"}],"author":[{"embeddable":true,"href":"https:\/\/mnlr.ro\/en\/wp-json\/wp\/v2\/users\/13"}],"replies":[{"embeddable":true,"href":"https:\/\/mnlr.ro\/en\/wp-json\/wp\/v2\/comments?post=35147"}],"version-history":[{"count":1,"href":"https:\/\/mnlr.ro\/en\/wp-json\/wp\/v2\/posts\/35147\/revisions"}],"predecessor-version":[{"id":35149,"href":"https:\/\/mnlr.ro\/en\/wp-json\/wp\/v2\/posts\/35147\/revisions\/35149"}],"wp:featuredmedia":[{"embeddable":true,"href":"https:\/\/mnlr.ro\/en\/wp-json\/wp\/v2\/media\/35148"}],"wp:attachment":[{"href":"https:\/\/mnlr.ro\/en\/wp-json\/wp\/v2\/media?parent=35147"}],"wp:term":[{"taxonomy":"category","embeddable":true,"href":"https:\/\/mnlr.ro\/en\/wp-json\/wp\/v2\/categories?post=35147"},{"taxonomy":"post_tag","embeddable":true,"href":"https:\/\/mnlr.ro\/en\/wp-json\/wp\/v2\/tags?post=35147"}],"curies":[{"name":"wp","href":"https:\/\/api.w.org\/{rel}","templated":true}]}}