{"id":35182,"date":"2025-02-21T13:23:47","date_gmt":"2025-02-21T11:23:47","guid":{"rendered":"https:\/\/mnlr.ro\/?p=35182"},"modified":"2025-02-21T13:23:47","modified_gmt":"2025-02-21T11:23:47","slug":"mnlr-agenda-culturala-24-februarie-2-martie-2025","status":"publish","type":"post","link":"https:\/\/mnlr.ro\/en\/mnlr-agenda-culturala-24-februarie-2-martie-2025\/","title":{"rendered":"MNLR | Agenda cultural\u0103 | 24 februarie &#8211; 2 martie 2025"},"content":{"rendered":"<p><strong>Evenimente cu public<\/strong><\/p>\n<p><strong>Luni, <\/strong><strong>24<\/strong> <strong>februarie<\/strong><strong> 2025, ora 18.00<\/strong><\/p>\n<p><em>Muzeul Na\u021bional al Literaturii Rom\u00e2ne, Sala \u201eIosif Naghiu\u201d, Calea Grivi\u021bei 64-66<\/em><\/p>\n<p><strong>Lansare de carte | \u00a0BAZAR \u2013<\/strong> <strong>Nicu Alifantis <\/strong><\/p>\n<p>Muzeul Na\u021bional al Literaturii Rom\u00e2ne \u0219i Alifantis Music v\u0103 invit\u0103 la un eveniment de excep\u021bie, lansarea volumului BAZAR \u2013 Nicu Alifantis.<\/p>\n<p>Al\u0103turi de autor particip\u0103 Lucian Vasilescu, Lauren\u021biu-Ciprian Tudor \u0219i Fabian Anton. Amfitrion: Ioan Cristescu, directorul general al Muzeului Na\u021bional al Literaturii Rom\u00e2ne.<\/p>\n<p>___________<\/p>\n<p><strong>\u00a0<\/strong><strong>Mar\u021bi, <\/strong><strong>25<\/strong> <strong>februarie<\/strong><strong> 2025, ora 11.00<\/strong><\/p>\n<p><em>Biblioteca Academiei Rom\u00e2ne<\/em><\/p>\n<p><strong>Vernisaj | Expozi\u021bia \u201eTitu Maiorescu \u2013 185\u201d<\/strong><\/p>\n<p>25 februarie \u2013 14 martie 2025<\/p>\n<p>Muzeul Na\u021bional al Literaturii Rom\u00e2ne \u00een colaborare cu Biblioteca Academiei Rom\u00e2ne organizeaz\u0103 \u00een perioada 25 februarie \u2013 14 martie 2025 expozi\u021bia \u201eTitu Maiorescu \u2013 185\u201d.<\/p>\n<p>Vernisajul va avea loc mar\u021bi, 25 februarie, la ora 11.00, la Biblioteca Academiei. Vor evoca personalitatea fondatorului Junimii acad. Ioan-Aurel Pop, pre\u0219edintele Academiei Rom\u00e2ne, acad. Mircea Martin, prof. univ. dr. Rodica Zafiu, membru corespondent al Academiei Rom\u00e2ne, \u0219i prof. univ. dr. Ioan Cristescu, directorul general al Muzeului Na\u021bional al Literaturii Rom\u00e2ne.<\/p>\n<p>Vor fi expuse scrisori captivante \u00een german\u0103, rom\u00e2n\u0103, francez\u0103, av\u00e2ndu-l fie ca destinatar, fie ca expeditor pe Titu Maiorescu, al\u0103turi de ciorne epistolare. Parteneri de coresponden\u021b\u0103 i-au fost, \u00eentre al\u021bii, Mihai Eminescu, Vasile Alecsandri, Nicolae Iorga, Iacob Negruzzi, Duiliu Zamfirescu, Ioan Slavici, George Co\u0219buc, Mihail Sadoveanu, membri ai familiei regale \u2013 Regina Elisabeta \u0219i Principele \u0219i apoi Regele Ferdinand, dar \u0219i oameni politici, precum Alexandru Marghiloman, Lasc\u0103r Catargi, P. P. Carp, Mihail Kog\u0103lniceanu, Take Ionescu \u0219.a.<\/p>\n<p>___________<\/p>\n<p><strong>Mar\u021bi, <\/strong><strong>25<\/strong> <strong>februarie<\/strong><strong> 2025, ora 18.00<\/strong><\/p>\n<p><em>Muzeul Na\u021bional al Literaturii Rom\u00e2ne, Calea Grivi\u021bei 64-66<\/em><\/p>\n<p><strong>Vernisaj | <em>Book as EX-Tension<\/em><\/strong><\/p>\n<p>25 februarie &#8211; 2 martie 2025<\/p>\n<p>Muzeul Na\u021bional al Literaturii Rom\u00e2ne v\u0103 invit\u0103 la vernisajul expozi\u021biei <strong><em>Book as EX-Tension \u2013 European International Art Biennale \u2013 Students and Young Artists<\/em><\/strong>, organizat\u0103 de Dorothea Fleiss &amp; East West Artist E.V. Dresden (Germania).<\/p>\n<p>Prezint\u0103: Ana Negoi\u021b\u0103, istoric de art\u0103.<\/p>\n<p>___________<\/p>\n<p><strong>Vineri, 28 februarie 2025<\/strong><\/p>\n<p><em>Aula Academiei Rom\u00e2ne, Calea Victoriei 125<\/em><\/p>\n<p><em>Biblioteca Facult\u0103\u021bii de Litere, Str. Edgar Quinet 5 \u2013 7<\/em><\/p>\n<p><strong>Colocviul Na\u021bional \u201eTitu Maiorescu \u2013 185\u201d<\/strong><\/p>\n<p>Muzeul Na\u021bional al Literaturii Rom\u00e2ne din Bucure\u0219ti, \u00een parteneriat cu Academia Rom\u00e2n\u0103, Facultatea de Litere a Universit\u0103\u021bii din Bucure\u0219ti \u0219i Biblioteca Central\u0103 Universitar\u0103 \u201eCarol I\u201d, organizeaz\u0103, la 28 februarie 2025, Colocviul Na\u021bional \u201eTitu Maiorescu \u2013 185\u201d.<\/p>\n<p>La 185 de ani de la na\u0219terea promotorului <em>Direc\u021biei noi \u00een poezia \u0219i proza rom\u00e2n\u0103<\/em>, colocviul \u00ee\u0219i propune nu numai s\u0103 marcheze un moment aniversar legat de numele criticului-etalon al istoriei literaturii rom\u00e2ne, ci s\u0103 impulsioneze dezbaterile pe marginea ideilor maioresciene. De la teoria formelor f\u0103r\u0103 fond la militarea pentru spiritul critic \u00een \u00een\u021belegerea literaturii, de la critica de direc\u021bie la spiritul oratoric junimist, colocviul dore\u0219te s\u0103 fie un spa\u021biu al confluen\u021belor ideatice maioresciene, un spa\u021biu al istoriei literare \u0219i al actualit\u0103\u021bii culturale deopotriv\u0103.<\/p>\n<p>___________<\/p>\n<p><strong>S\u00e2mb\u0103t\u0103, <\/strong><strong>1<\/strong> <strong>martie<\/strong><strong> 2025, ora 11.00<\/strong><\/p>\n<p><em>Muzeul Na\u021bional al Literaturii Rom\u00e2ne, Str. Nicolae Cre\u021bulescu 8<\/em><\/p>\n<p><strong>Atelier de m\u0103r\u021bi\u0219oare<\/strong><\/p>\n<p>Muzeul Na\u021bional al Literaturii Rom\u00e2ne organizeaz\u0103 s\u00e2mb\u0103t\u0103, 1 martie 2025, \u00eentre orele 11.00 \u2013 14.00,\u00a0la sediul s\u0103u din strada Nicolae Cre\u021bulescu 8, un atelier de realizat m\u0103r\u021bi\u0219oare pentru toate v\u00e2rstele.<\/p>\n<p>Anul acesta d\u0103ruie\u0219te m\u0103r\u021bi\u0219oare f\u0103cute chiar de tine la Muzeul Literaturii! Vom transforma personaje \u0219i pove\u0219ti din literatura rom\u00e2n\u0103 \u00een m\u0103r\u021bi\u0219oare \u0219i vom picta pe diferite materiale.<\/p>\n<p>Coordonatori: Monica Morariu \u0219i Cristina Milca<\/p>\n<p>Dac\u0103 dori\u021bi s\u0103 participa\u021bi, v\u0103 rug\u0103m s\u0103 transmite\u021bi un mesaj la adresa: <a href=\"mailto:relatiipublice@mnlr.ro\">relatiipublice@mnlr.ro<\/a>. Locurile sunt limitate, astfel c\u0103 participan\u021bii la atelier vor fi selecta\u021bi \u00een ordinea \u00eenscrierilor.<\/p>\n<p><strong>Expozi\u021bii permanente<\/strong><\/p>\n<p><strong>Atelier de artist | Margareta Sterian<\/strong><\/p>\n<p><em>Muzeul Na\u021bional al Literaturii Rom\u00e2ne, Calea Grivi\u021bei 64-66<\/em><\/p>\n<p>V\u0103 invit\u0103m s\u0103 vizita\u021bi spa\u021biul expozi\u021bional\u00a0<em>Atelier de artist \u2013 Margareta Sterian,\u00a0<\/em>deschis la sediul MNLR din Calea Grivi\u021bei 64-66. Amenajat la etajul al doilea al cl\u0103dirii, spa\u021biul intim\u00a0<em>\u2013\u00a0<\/em>recreat prin obiecte de mobilier, obiecte personale \u0219i lucr\u0103ri de pictur\u0103, grafic\u0103, ceramic\u0103, fresc\u0103 \u0219i panouri textile\u00a0<em>\u2013<\/em>\u00a0red\u0103 universul creator \u0219i existen\u021bial al artistei, exemplific\u00e2nd interesul s\u0103u pentru multiplele forme de exprimare artistic\u0103. Toate obiectele expuse \u00een acest spa\u021biu au fost donate Muzeului Na\u021bional al Literaturii Rom\u00e2ne de c\u0103tre pictorul \u0219i criticul de art\u0103 Mircea Barzuca, discipolul \u0219i mo\u0219tenitorul testamentar, omul datorit\u0103 c\u0103ruia opera \u0219i personalitatea Margaretei Sterian vor fi cunoscute de genera\u021biile viitoare.<\/p>\n<p><strong>Temporary exhibitions<\/strong><\/p>\n<p><strong><em>Memories<\/em><\/strong><em> \u2013 <\/em><strong>Expozi\u021bie de obiecte\/instala\u021bii din h\u00e2rtie<\/strong><\/p>\n<p><em>Muzeul Na\u021bional al Literaturii Rom\u00e2ne, Str. Nicolae Cre\u021bulescu 8<\/em><\/p>\n<p>15 februarie &#8211; 9 martie\u00a02025<\/p>\n<p>Expozi\u021bia \u201eMemories\u201c, realizat\u0103 de artista Nadia Ioan, are ca surs\u0103 de inspira\u021bie amintirile proprii legate de str\u0103bunica, bunica \u0219i mama sa, care, de\u0219i trecute demult la cele ve\u0219nice, sunt \u020bnc\u0103 prezente \u020bntr-un dialog continuu cu artista, prin exemplele, sfaturile \u0219i pove\u0219tile lor de via\u021b\u0103.<\/p>\n<p>___________<\/p>\n<p><strong>\u00cen preg\u0103tire:<\/strong><\/p>\n<p><strong>COLOCVIUL\u00a0\u201eG. C\u0102LINESCU \u2013 60 DE ANI DE POSTERITATE\u201d<\/strong><\/p>\n<p>Muzeul Na\u021bional al Literaturii Rom\u00e2ne din Bucure\u0219ti, \u00een parteneriat cu Academia Rom\u00e2n\u0103 \u0219i Facultatea de Litere a Universit\u0103\u021bii din Bucure\u0219ti, organizeaz\u0103, la\u00a0<strong>14 martie 2025<\/strong>, Colocviul \u201eG. C\u0103linescu \u2013 60 de ani de posteritate\u201d.<\/p>\n<p>Programat \u00een ziua \u00een care comemor\u0103m \u0219ase decenii de la dispari\u021bia criticului, istoricului \u0219i teoreticianului literar G. C\u0103linescu (1899-1965), afirmat, de asemenea, ca prozator, poet, dramaturg \u0219i publicist, evenimentul \u00ee\u0219i propune s\u0103 reexamineze critic mo\u0219tenirea l\u0103sat\u0103 de prolificul c\u0103rturar.<\/p>\n<p>Opera sa definitorie,\u00a0<em>Istoria literaturii rom\u00e2ne de la origini p\u00e2n\u0103 \u00een prezent<\/em>\u00a0(1941), a exercitat \u0219i exercit\u0103 o influen\u021b\u0103 cardinal\u0103 \u2013 fapt remarcabil, \u021bin\u00e2nd cont c\u0103 vreme de patru decenii, p\u00e2n\u0103 \u00een 1982, lucrarea nu a fost reeditat\u0103.<\/p>\n<p>\u00cen cadrul anchetei\u00a0<em>C\u0103r\u021bile literaturii rom\u00e2ne, la Centenar<\/em>, organizate \u00een 2018 de revista\u00a0<em>Vatra<\/em>, la care au r\u0103spuns 45 de litera\u021bi din genera\u021bii diferite,\u00a0<em>Istoria\u2026\u00a0<\/em>lui G. C\u0103linescu domin\u0103 deta\u0219at sec\u021biunea\u00a0<em>Cele mai bune c\u0103r\u021bi de critic\u0103 literar\u0103<\/em>, \u00een timp ce G. C\u0103linescu domin\u0103 deta\u0219at sec\u021biunea\u00a0<em>Cel mai influent scriitor\/critic rom\u00e2n<\/em>. Influen\u021ba operei c\u0103linesciene nu a fost \u0219i nu este scutit\u0103 de inerente problematiz\u0103ri sau contest\u0103ri, fenomene care \u00eei reafirm\u0103 importan\u021ba.<br \/>\nColocviul va avea \u00een vedere toate laturile \/ fa\u021betele crea\u021biei c\u0103linesciene.<br \/>\nInvita\u021bia se adreseaz\u0103 criticilor \u0219i istoricilor literari, universitarilor, cercet\u0103torilor \u0219i studen\u021bilor din domeniul filologic.<\/p>\n<p>Pentru \u00eenscriere, v\u0103 rug\u0103m s\u0103 trimite\u021bi la adresa\u00a0<strong>colocviu@mnlr.ro\u00a0<\/strong>un document Word cu propunerea de participare, care s\u0103 cuprind\u0103:\u00a0<strong>titlul<\/strong>\u00a0comunic\u0103rii, un\u00a0<strong>rezumat<\/strong>\u00a0de\u00a0<strong>200-300<\/strong>\u00a0de cuvinte, \u00eenso\u021bit de\u00a0<strong>5 cuvinte-cheie<\/strong>, \u0219i o\u00a0<strong>not\u0103 biobibliografic\u0103<\/strong>, al\u0103turi de afilierea institu\u021bional\u0103. Fiecare comunicare trebuie s\u0103 se \u00eencadreze \u00een limita a\u00a0<strong>15 minute<\/strong>.<\/p>\n<p><strong>Calendar:<\/strong><br \/>\n<strong>3 martie:\u00a0termen-limit\u0103\u00a0<\/strong>pentru \u00eenscriere, la adresa\u00a0<a href=\"mailto:colocviu.hpb@mnlr.ro\">colocviu@mnlr.ro<\/a>;;<\/p>\n<p><strong>5 martie:\u00a0confirmarea\u00a0<\/strong>accept\u0103rii \u00eenscrierii;<\/p>\n<p><strong>7 martie:\u00a0definitivarea\u00a0<\/strong>programului colocviului.<\/p>\n<p>Detalii,\u00a0<a href=\"https:\/\/mnlr.us16.list-manage.com\/track\/click?u=9d8daeb9344f52fc116dbbc7b&amp;id=e1a0d4cb87&amp;e=9a7d950f5e\">aici.<\/a><\/p>\n<p>&nbsp;<\/p>","protected":false},"excerpt":{"rendered":"<p>Evenimente cu public Luni, 24 februarie 2025, ora 18.00 Muzeul Na\u021bional al Literaturii Rom\u00e2ne, Sala \u201eIosif Naghiu\u201d, Calea Grivi\u021bei 64-66&#8230;<\/p>","protected":false},"author":13,"featured_media":35010,"comment_status":"closed","ping_status":"closed","sticky":false,"template":"","format":"standard","meta":{"_exactmetrics_skip_tracking":false,"_exactmetrics_sitenote_active":false,"_exactmetrics_sitenote_note":"","_exactmetrics_sitenote_category":0,"footnotes":""},"categories":[9],"tags":[],"class_list":["post-35182","post","type-post","status-publish","format-standard","has-post-thumbnail","hentry","category-evenimente"],"_links":{"self":[{"href":"https:\/\/mnlr.ro\/en\/wp-json\/wp\/v2\/posts\/35182","targetHints":{"allow":["GET"]}}],"collection":[{"href":"https:\/\/mnlr.ro\/en\/wp-json\/wp\/v2\/posts"}],"about":[{"href":"https:\/\/mnlr.ro\/en\/wp-json\/wp\/v2\/types\/post"}],"author":[{"embeddable":true,"href":"https:\/\/mnlr.ro\/en\/wp-json\/wp\/v2\/users\/13"}],"replies":[{"embeddable":true,"href":"https:\/\/mnlr.ro\/en\/wp-json\/wp\/v2\/comments?post=35182"}],"version-history":[{"count":3,"href":"https:\/\/mnlr.ro\/en\/wp-json\/wp\/v2\/posts\/35182\/revisions"}],"predecessor-version":[{"id":35185,"href":"https:\/\/mnlr.ro\/en\/wp-json\/wp\/v2\/posts\/35182\/revisions\/35185"}],"wp:featuredmedia":[{"embeddable":true,"href":"https:\/\/mnlr.ro\/en\/wp-json\/wp\/v2\/media\/35010"}],"wp:attachment":[{"href":"https:\/\/mnlr.ro\/en\/wp-json\/wp\/v2\/media?parent=35182"}],"wp:term":[{"taxonomy":"category","embeddable":true,"href":"https:\/\/mnlr.ro\/en\/wp-json\/wp\/v2\/categories?post=35182"},{"taxonomy":"post_tag","embeddable":true,"href":"https:\/\/mnlr.ro\/en\/wp-json\/wp\/v2\/tags?post=35182"}],"curies":[{"name":"wp","href":"https:\/\/api.w.org\/{rel}","templated":true}]}}