{"id":35335,"date":"2025-03-10T16:02:39","date_gmt":"2025-03-10T14:02:39","guid":{"rendered":"https:\/\/mnlr.ro\/?p=35335"},"modified":"2025-03-13T12:29:12","modified_gmt":"2025-03-13T10:29:12","slug":"colocviul-g-calinescu-60-de-ani-de-posteritate-2","status":"publish","type":"post","link":"https:\/\/mnlr.ro\/en\/colocviul-g-calinescu-60-de-ani-de-posteritate-2\/","title":{"rendered":"COLOCVIUL  \u201eG. C\u0102LINESCU \u2013 60 DE ANI DE POSTERITATE\u201d"},"content":{"rendered":"<p>Muzeul Na\u021bional al Literaturii Rom\u00e2ne din Bucure\u0219ti, \u00een parteneriat cu Academia Rom\u00e2n\u0103, Facultatea de Litere a Universit\u0103\u021bii din Bucure\u0219ti \u0219i Institutul de Istorie \u0219i Teorie Literar\u0103 \u201eGeorge C\u0103linescu\u201c, organizeaz\u0103 <strong>vineri, 14 martie 2025,<\/strong> Colocviul \u201eG. C\u0103linescu \u2013 60 de ani de posteritate\u201d.<\/p>\n<p>Programat \u00een preajma comemor\u0103rii a \u0219ase decenii de la dispari\u021bia criticului, istoricului \u0219i teoreticianului literar G. C\u0103linescu (1899-1965), afirmat, de asemenea, ca prozator, poet, dramaturg \u0219i publicist, evenimentul \u00ee\u0219i propune s\u0103 reexamineze critic mo\u0219tenirea l\u0103sat\u0103 de prolificul c\u0103rturar.<\/p>\n<p>Opera sa definitorie, <em>Istoria literaturii rom\u00e2ne de la origini p\u00e2n\u0103 \u00een prezent<\/em> (1941), a exercitat \u0219i exercit\u0103 o influen\u021b\u0103 cardinal\u0103 \u2013 fapt remarcabil, \u021bin\u00e2nd cont c\u0103 vreme de patru decenii, p\u00e2n\u0103 \u00een 1982, lucrarea nu a fost reeditat\u0103. \u00cen cadrul anchetei <em>C\u0103r\u021bile literaturii rom\u00e2ne, la Centenar<\/em>, organizate \u00een 2018 de revista <em>Vatra<\/em>, la care au r\u0103spuns 45 de litera\u021bi din genera\u021bii diferite, <em>Istoria\u2026 <\/em>lui G. C\u0103linescu domin\u0103 deta\u0219at sec\u021biunea <em>Cele mai bune c\u0103r\u021bi de critic\u0103 literar\u0103<\/em>, \u00een timp ce G. C\u0103linescu domin\u0103 deta\u0219at sec\u021biunea <em>Cel mai influent scriitor\/critic rom\u00e2n<\/em>. Influen\u021ba operei c\u0103linesciene nu a fost \u0219i nu este scutit\u0103 de inerente problematiz\u0103ri sau contest\u0103ri, fenomene care \u00eei reafirm\u0103 importan\u021ba.<\/p>\n<p>Colocviul are \u00een vedere toate laturile\/fa\u021betele crea\u021biei c\u0103linesciene.<\/p>\n<p><strong>PROGRAM:<\/strong><\/p>\n<p><strong>Sesiunea I<\/strong><\/p>\n<p><strong><em>Aula Academiei Rom\u00e2ne, Calea Victoriei 125<\/em><\/strong><\/p>\n<p><strong>Ora 10.00<\/strong><\/p>\n<p>Prof. univ. dr. Ioan Cristescu, Facultatea de Arte, Universitatea \u201eHyperion\u201d \/ Director General al Muzeului Na\u021bional al Literaturii Rom\u00e2ne \u2013 Cuv\u00e2nt introductiv \/ <em>G. C\u0103linescu, dramaturg<\/em><\/p>\n<p><strong>Comunic\u0103ri:<\/strong><\/p>\n<p>Prof. univ. Al. Cistelecan, UMFST\u00a0T\u00e2rgu Mure\u0219 \u2013 <em>Spiritul critic<\/em><\/p>\n<p>Prof. univ. dr. Virgil Podoab\u0103, Facultatea de Litere a Universit\u0103\u021bii \u201eTransilvania\u201d, Bra\u0219ov\u00a0\u2013 <em>De la aproprierea somatic\u0103 la dezaproprierea integratoare<\/em><\/p>\n<p>Prof. univ. dr. Nicolae Mecu, C.S. I, Institutul de Istorie \u0219i Teorie Literar\u0103 \u201eG. C\u0103linescu\u201c\u2013 \u00a0<em>Mistific\u0103rile\u00a0lui C\u0103linescu<\/em><\/p>\n<p>Acad. Mircea Martin, Academia Rom\u00e2n\u0103 \u2013 <em>\u201eDomina bona\u201d<\/em><\/p>\n<p>Dr. Radu Voinescu, Uniunea Scriitorilor din Rom\u00e2nia \u2013 <em>\u201eUniversul poeziei\u201d \u2013 Anvergura ascuns\u0103<\/em><\/p>\n<p>Prof. univ. dr. Bogdan Cre\u021bu, Universitatea \u201eAlexandru Ioan Cuza\u201d din Ia\u0219i \u2013 <em>Esteticul ca instrument ideologic \u00een\u00a0<\/em>Istoria<em>&#8230; lui G. C\u0103linescu<\/em><\/p>\n<p>Prof. univ. dr. Caius Dobrescu, Facultatea de Litere, Universitatea Bucure\u0219ti \u2013 <em>Discursul imagologic \u00een \u201eIstoria literaturii rom\u00e2ne\u201d<\/em><\/p>\n<p>Conf. univ. dr. Alex Goldi\u0219, Facultatea de Litere, Universitatea Babe\u0219-Bolyai, Cluj \u2013 <em>G. C\u0103linescu \u00een confrunt\u0103rile canonice ale criticii postbelice<\/em><\/p>\n<p>Prof. univ. dr. Lucian Chi\u0219u, C.S. I, Institutul de Istorie \u0219i Teorie Literar\u0103 \u201eG. C\u0103linescu\u201c \u2013 <em>Marin Sorescu scriindu-i lui G. C\u0103linescu\u00a0<\/em>(documente inedite)<\/p>\n<p>***<\/p>\n<p><strong>Sesiunea a II-a<\/strong><\/p>\n<p><strong><em>\u25a0 Muzeul Na\u021bional al Literaturii Rom\u00e2ne<\/em><\/strong><strong><em>, <u>Sala \u201ePerpessicius\u201d,<\/u> Str. Nicolae Cre\u021bulescu 8<\/em><\/strong><\/p>\n<p><strong>Ora 15.00<\/strong><\/p>\n<p><strong>Comunic\u0103ri:<\/strong><\/p>\n<p>Dr. Oana Soare, C.S. II, Institutul de Istorie \u0219i Teorie Literar\u0103 \u201eG. C\u0103linescu\u201c \u2013 <em>Chestiuni legate de editarea operei lui G. C\u0103linescu<\/em><\/p>\n<p>Prof. dr. habil. Ileana Mih\u0103il\u0103, Facultatea de Limbi \u0219i Literaturi Str\u0103ine, Universitatea Bucure\u0219ti \u2013 <em>Starea de poezie \u00een viziunea profesorului G. C\u0103linescu<\/em><\/p>\n<p>Conf. univ. dr. Paul Cernat, Facultatea de Litere, Universitatea Bucure\u0219ti \u2013 <em>G. C\u0103linescu \u0219i patografia (nu doar) literar\u0103<\/em><\/p>\n<p>Cercet. Carmen Br\u0103garu, Institutul de Istorie \u0219i Teorie Literar\u0103 \u201eG. C\u0103linescu\u201d \u2013 <em>C\u00e2nd diamantele redevin c\u0103rbuni. Dou\u0103 articole despre art\u0103 ale lui G. C\u0103linescu<\/em><\/p>\n<p>Dr. George Neagoe, Asist. C.S. Institutul\u00a0 de\u00a0 Istorie\u00a0 \u0219i\u00a0 Teorie\u00a0\u00a0 Literar\u0103\u00a0 \u201eG. C\u0103linescu\u201c \u2013 <em>G.<\/em> <em>C\u0103linescu \u0219i pedagogia estetic\u0103<\/em><\/p>\n<p>Maria Ioana Oancea, Asist. C.S., Institutul de Istorie \u0219i Teorie Literar\u0103 \u201eG. C\u0103linescu\u201d \u2013 <em>Gesturile \u0219i mi\u0219carea personajelor lui G. C\u0103linescu<\/em><\/p>\n<p><strong>Moderator: <\/strong>dr. Oana Soare, Institutul de Istorie \u0219i Teorie Literar\u0103 \u201eG. C\u0103linescu\u201c<\/p>\n<p><strong><em>\u25a0 Muzeul Na\u021bional al Literaturii Rom\u00e2ne<\/em><\/strong><strong><em>, <u>Mansard\u0103<\/u>, Str. Nicolae Cre\u021bulescu 8<\/em><\/strong><\/p>\n<p><strong>Ora 15.00<\/strong><\/p>\n<p>Comunic\u0103ri:<\/p>\n<p>Andreea Teliban, Muzeul Na\u021bional al Literaturii Rom\u00e2ne \u2013 <em>G. C\u0103linescu \u2013 al doilea arhivar al Junimii<\/em><\/p>\n<p>Lect. univ. Iulian B\u0103icu\u0219, Facultatea de Litere, Universitatea Bucure\u0219ti \u2013 <em>G. C\u0103linescu, poet \u0219i romancier<\/em><\/p>\n<p>Drd. Martina-Maria Popescu, Facultatea de Litere, Universitatea Bucure\u0219ti \u2013 <em>Mihai Eminescu \u00een critica c\u0103linescian\u0103 fa\u021b\u0103 \u00een fa\u021b\u0103 cu Romantismul negru<\/em><\/p>\n<p>Drd. Miruna Carp, Facultatea de Litere, Universitatea \u201eTransilvania\u201d, Bra\u0219ov \u2013 <em>Fic\u021biunea \u00een palimpsestul judec\u0103\u021bii literare<\/em><\/p>\n<p>Bogdan-Gabriel Cr\u0103ciun, student anul II, \u0218coala Doctoral\u0103, Departamentul de Studii Literare, Universitatea Bucure\u0219ti \u2013 <em>Lucian Blaga \u00een cercetarea c\u0103linescian\u0103<\/em><\/p>\n<p>Alina-M\u0103d\u0103lina Cosma, student\u0103 la Facultatea de Litere, Universitatea \u201eTransilvania\u201d, Bra\u0219ov \u2013 <em>Estetismul \u00een romanele lui George C\u0103linescu<\/em><\/p>\n<p><strong>Moderator: <\/strong>Andreea Teliban, Muzeul Na\u021bional al Literaturii Rom\u00e2ne<\/p>","protected":false},"excerpt":{"rendered":"<p>Muzeul Na\u021bional al Literaturii Rom\u00e2ne din Bucure\u0219ti, \u00een parteneriat cu Academia Rom\u00e2n\u0103, Facultatea de Litere a Universit\u0103\u021bii din Bucure\u0219ti \u0219i&#8230;<\/p>","protected":false},"author":13,"featured_media":35336,"comment_status":"closed","ping_status":"closed","sticky":false,"template":"","format":"standard","meta":{"_exactmetrics_skip_tracking":false,"_exactmetrics_sitenote_active":false,"_exactmetrics_sitenote_note":"","_exactmetrics_sitenote_category":0,"footnotes":""},"categories":[9],"tags":[],"class_list":["post-35335","post","type-post","status-publish","format-standard","has-post-thumbnail","hentry","category-evenimente"],"_links":{"self":[{"href":"https:\/\/mnlr.ro\/en\/wp-json\/wp\/v2\/posts\/35335","targetHints":{"allow":["GET"]}}],"collection":[{"href":"https:\/\/mnlr.ro\/en\/wp-json\/wp\/v2\/posts"}],"about":[{"href":"https:\/\/mnlr.ro\/en\/wp-json\/wp\/v2\/types\/post"}],"author":[{"embeddable":true,"href":"https:\/\/mnlr.ro\/en\/wp-json\/wp\/v2\/users\/13"}],"replies":[{"embeddable":true,"href":"https:\/\/mnlr.ro\/en\/wp-json\/wp\/v2\/comments?post=35335"}],"version-history":[{"count":7,"href":"https:\/\/mnlr.ro\/en\/wp-json\/wp\/v2\/posts\/35335\/revisions"}],"predecessor-version":[{"id":35360,"href":"https:\/\/mnlr.ro\/en\/wp-json\/wp\/v2\/posts\/35335\/revisions\/35360"}],"wp:featuredmedia":[{"embeddable":true,"href":"https:\/\/mnlr.ro\/en\/wp-json\/wp\/v2\/media\/35336"}],"wp:attachment":[{"href":"https:\/\/mnlr.ro\/en\/wp-json\/wp\/v2\/media?parent=35335"}],"wp:term":[{"taxonomy":"category","embeddable":true,"href":"https:\/\/mnlr.ro\/en\/wp-json\/wp\/v2\/categories?post=35335"},{"taxonomy":"post_tag","embeddable":true,"href":"https:\/\/mnlr.ro\/en\/wp-json\/wp\/v2\/tags?post=35335"}],"curies":[{"name":"wp","href":"https:\/\/api.w.org\/{rel}","templated":true}]}}