{"id":35688,"date":"2025-03-26T12:10:32","date_gmt":"2025-03-26T10:10:32","guid":{"rendered":"https:\/\/mnlr.ro\/?p=35688"},"modified":"2025-03-26T12:12:11","modified_gmt":"2025-03-26T10:12:11","slug":"atelierul-de-creatie-poezie-in-viata-16","status":"publish","type":"post","link":"https:\/\/mnlr.ro\/en\/atelierul-de-creatie-poezie-in-viata-16\/","title":{"rendered":"Atelierul de crea\u021bie Poezie \u00een via\u021b\u0103"},"content":{"rendered":"<p>Muzeul Na\u021bional al Literaturii Rom\u00e2ne organizeaz\u0103 s\u00e2mb\u0103t\u0103, <strong>29 martie 2025<\/strong>, \u00eentre orele <strong>14.00-18.00<\/strong>, la sediul s\u0103u din strada Nicolae Cre\u021bulescu 8, \u00een cadrul Atelierului de crea\u021bie <em>Poezie \u00een via\u021b\u0103<\/em>, coordonat de Nina Vasile, o \u00eent\u00e2lnire cu scriitoarea Ioana Dr\u0103gan.<\/p>\n<p>\u201eIoana Dr\u0103gan (n.1969, Bucure\u0219ti) este scriitoare \u0219i jurnalist\u0103, membr\u0103 a Uniunii Scriitorilor din Rom\u00e2nia. \u00cent\u00e2mplarea a f\u0103cut s\u0103 ne revedem dup\u0103 mul\u021bi ani, la un eveniment unde am putut remarca romanul s\u0103u cel mai recent <em>\u00cen c\u0103utarea nefericirii<\/em> (Ed. <em>TracusArte<\/em>, 2023). Cum \u00eemi doream de mult s\u0103 invit \u0219i prozatori \u00een Atelier, i-am propus s\u0103 alegem o zi pentru aceast\u0103 \u00eentrevedere a ei cu tineri care scriu poezie. Combina\u021bia poate fi surprinz\u0103toare dar nu am nicio \u00eendoial\u0103 c\u0103 un schimb de experien\u021b\u0103 este posibil \u0219i inspirator, at\u00e2t pentru poe\u021bi c\u00e2t \u0219i pentru invita\u021bi, de data asta, o prozatoare. \u00centre timp am \u0219i citit romanul, astfel c\u0103 pot s\u0103 adaug faptul c\u0103 l-am v\u0103zut potrivit pentru un film de familie, urm\u0103rit pentru starea de bine pe care o c\u0103ut\u0103m adesea, secven\u021bele scenice av\u00e2nd savoare, inteligen\u021b\u0103, umor \u0219i anecdotic, totu\u0219i, f\u0103r\u0103 s\u0103 lipseasc\u0103 substratul profund ce trimite c\u0103tre reflec\u021bie profund\u0103. Ioana Dr\u0103gan este o scriitoare accesibil\u0103, dar cu un tip de proz\u0103 consistent\u0103, robust\u0103, tipic\u0103 pentru cei care nu scriu poezie \u00eens\u0103 integr\u00e2nd inevitabil, poezia subversiv\u0103 \u00een natura existen\u021bei. Aceast\u0103 poezie subtil\u0103 a vie\u021bii, ce transpare \u00een radiografia prins\u0103 f\u0103r\u0103 for\u021bare \u00een roman, este \u0219i cea care m\u0103 intereseaz\u0103 din perspectiva viziunii Atelierului de crea\u021bie numit <em>Poezie \u00een via\u021b\u0103<\/em>. Iat\u0103 c\u0103 aceast\u0103 <em>via\u021b\u0103 a poeziei<\/em> este \u0219i una a prozei \u0219i experimentul pe care ni l-am propus este acel tip de exerci\u021biu \u00een care se poate prinde zona \u201ealchimic\u0103\u201d a trecerii discursului prozaic (aici, de la \u201eproz\u0103\u201d) \u00een poezie. Aceasta este \u0219i calitatea remarcabil\u0103 a romanului Ioanei Dr\u0103gan, vizibil\u0103 chiar din titlu, \u00een ciuda ironiei, vizibil\u0103 ca atare la finalul lecturii <em>\u00cen c\u0103utarea nefericirii<\/em>.<\/p>\n<p>Pentru cititorii care nu cunosc pe Ioana Dr\u0103gan, adaug \u0219i aceast\u0103 prezentare: de forma\u021bie literat (cu o facultate de Litere \u0219i un doctorat \u00een filologie) are o bogat\u0103 activitate jurnalistic\u0103: redactor al revistei <em>Moftul Rom\u00e2n (<\/em>1991-1993), produc\u0103tor, realizator \u0219i moderator de programe\/emisiuni culturale pe toate canalele la Televiziunea Rom\u00e2n\u0103 (1995-2012), corespondent\u0103 a <em>Jurnalului cultural<\/em> al TVR din Suedia \u0219i colaboratoarea permanent\u0103 a postului de radio Radio Rom\u00e2nia Cultural (2006-2010). Prin excelen\u021b\u0103 prozatoare, debuteaz\u0103 \u00een anii \u02be90 \u0219i public\u0103 proz\u0103 scurt\u0103, nuvele, romane, articole \u00een numeroase reviste culturale. At\u00e2t pentru scrierile sale, c\u00e2t \u0219i pentru activitatea de jurnalist cultural, a fost remarcat\u0103 \u0219i premiat\u0103 pentru: volumul \u201e<em>Viet\u0103\u0163i \u015fi femei<\/em>\u201d, premiul Uniunii Scriitorilor din Rom\u00e2nia pentru debut \u00een proz\u0103 (1998); pentru \u201e<em>Mafalda<\/em>\u201d, premiul Asociatiei Scriitorilor din Bucure\u015fti pe anul 2009 pentru Proz\u0103; Distinc\u0163ia cultural\u0103 a Academiei Rom\u00e2ne, 2001, pentru prezen\u0163a sa \u00een via\u0163a intelectual\u0103 rom\u00e2neasc\u0103; Premiul A.P.T.R. 2013 pentru Talk Show cultural \u2013 seria \u201eAnul Caragiale\u201d \u2013 Televiziunea Rom\u00e2n\u0103 (2012). Premiul Special al Juriului, Filiala Proz\u0103 Bucure\u0219ti, a Uniunii Scriitorilor din Rom\u00e2nia pentru volumul <em>Gripa. O poveste de Cr\u0103ciun<\/em> (2023). Este prezent\u0103 ca autor \u00een urm\u0103toarele antologii: <em>Chef cu femei ur\u00e2te \u2013 Cele mai bune povestiri 1995-1996<\/em>, Ed. Allfa, 1997; <em>Iubiri subversive \u2013 Cele mai bune povestiri 1997<\/em>, Ed. Allfa, 1998 \u2013 antologii de Dan-Silviu Boerescu ; <em>Respiro. Antologie de proz\u0103 scurt\u0103 2000-2002<\/em><strong>,<\/strong> Ed. Dacia, 2003, Selectia textelor \u015fi prefa\u0163\u0103 de Mona Mamulea ; <em>Antologia de proz\u0103 scurt\u0103 Liternet, 2002, volumul 2,<\/em> Editura Liternet; <em>Cele patru dimensiuni ale feminit\u0103\u0163ii rom\u00e2ne\u015fti, <\/em>Editura Neverland, 2010; <em>Ochelarii de fum, <\/em>Editura Cartex, 2011; <em>Zgodbe iz Romunije<\/em>, Sodobnost International, Ljubljana, 2011; <em>Scriitorul \u0219i Lumea<\/em>, Editura \u0218coala Ardelean\u0103, Cluj-Napoca, 2021, Antologie g\u00e2ndit\u0103 de Irina Petra\u0219\u201d declar\u0103 Nina Vasile, coordonatorul Atelierului de crea\u021bie <em>Poezie \u00een via\u021b\u0103<\/em>.<\/p>\n<p>Detalii:\u00a0<a href=\"https:\/\/www.facebook.com\/caleapoeziei\">https:\/\/www.facebook.com\/caleapoeziei<\/a><\/p>","protected":false},"excerpt":{"rendered":"<p>Muzeul Na\u021bional al Literaturii Rom\u00e2ne organizeaz\u0103 s\u00e2mb\u0103t\u0103, 29 martie 2025, \u00eentre orele 14.00-18.00, la sediul s\u0103u din strada Nicolae Cre\u021bulescu&#8230;<\/p>","protected":false},"author":13,"featured_media":35689,"comment_status":"closed","ping_status":"closed","sticky":false,"template":"","format":"standard","meta":{"_exactmetrics_skip_tracking":false,"_exactmetrics_sitenote_active":false,"_exactmetrics_sitenote_note":"","_exactmetrics_sitenote_category":0,"footnotes":""},"categories":[9],"tags":[],"class_list":["post-35688","post","type-post","status-publish","format-standard","has-post-thumbnail","hentry","category-evenimente"],"_links":{"self":[{"href":"https:\/\/mnlr.ro\/en\/wp-json\/wp\/v2\/posts\/35688","targetHints":{"allow":["GET"]}}],"collection":[{"href":"https:\/\/mnlr.ro\/en\/wp-json\/wp\/v2\/posts"}],"about":[{"href":"https:\/\/mnlr.ro\/en\/wp-json\/wp\/v2\/types\/post"}],"author":[{"embeddable":true,"href":"https:\/\/mnlr.ro\/en\/wp-json\/wp\/v2\/users\/13"}],"replies":[{"embeddable":true,"href":"https:\/\/mnlr.ro\/en\/wp-json\/wp\/v2\/comments?post=35688"}],"version-history":[{"count":3,"href":"https:\/\/mnlr.ro\/en\/wp-json\/wp\/v2\/posts\/35688\/revisions"}],"predecessor-version":[{"id":35692,"href":"https:\/\/mnlr.ro\/en\/wp-json\/wp\/v2\/posts\/35688\/revisions\/35692"}],"wp:featuredmedia":[{"embeddable":true,"href":"https:\/\/mnlr.ro\/en\/wp-json\/wp\/v2\/media\/35689"}],"wp:attachment":[{"href":"https:\/\/mnlr.ro\/en\/wp-json\/wp\/v2\/media?parent=35688"}],"wp:term":[{"taxonomy":"category","embeddable":true,"href":"https:\/\/mnlr.ro\/en\/wp-json\/wp\/v2\/categories?post=35688"},{"taxonomy":"post_tag","embeddable":true,"href":"https:\/\/mnlr.ro\/en\/wp-json\/wp\/v2\/tags?post=35688"}],"curies":[{"name":"wp","href":"https:\/\/api.w.org\/{rel}","templated":true}]}}